{"id":85738,"date":"2019-10-02T21:40:31","date_gmt":"2019-10-02T17:40:31","guid":{"rendered":""},"modified":"-0001-11-30T00:00:00","modified_gmt":"-0001-11-29T20:00:00","slug":"","status":"publish","type":"post","link":"https:\/\/ucnoqta.az\/?p=85738","title":{"rendered":"Qurban Qurbanov: <font color=red><b>&#8220;\u018flimizd\u0259ki futbol\u00e7ularla \u0259n yax\u015f\u0131s\u0131n\u0131 etm\u0259y\u0259 \u00e7al\u0131\u015faca\u011f\u0131q&#8221;<\/b><\/font>"},"content":{"rendered":"<p><strong>&quot;Oyuna yax\u015f\u0131 haz\u0131rla\u015fm\u0131\u015f\u0131q. \u0130lk oyunda APOEL-l\u0259 qar\u015f\u0131la\u015fmada r\u0259qib &ouml;z g&uuml;c&uuml;n&uuml; g&ouml;st\u0259rib&quot;.<\/strong><\/p>\n<p>Bunu &quot;Qaraba\u011f&quot;\u0131n ba\u015f m\u0259\u015fq&ccedil;isi&nbsp;Qurban Qurbanov&nbsp;L&uuml;ksemburqda &quot;D&uuml;delanj&quot;la ke&ccedil;ir\u0259c\u0259kl\u0259ri Avropa Liqas\u0131n\u0131n qrup m\u0259rh\u0259l\u0259sinin II tur mat&ccedil;\u0131ndan \u0259vv\u0259l m\u0259tbuat konfrans\u0131nda deyib. 47 ya\u015fl\u0131 m&uuml;t\u0259x\u0259ssis z\u0259d\u0259li futbol&ccedil;ular\u0131 bar\u0259d\u0259 d&uuml;\u015f&uuml;nm\u0259dikl\u0259rini bildirib: &quot;\u018flimizd\u0259ki futbol&ccedil;ularla \u0259n yax\u015f\u0131s\u0131n\u0131 etm\u0259y\u0259 &ccedil;al\u0131\u015faca\u011f\u0131q&quot;.<\/p>\n<p>Qurbanov sabahk\u0131 oyunun n\u0259tic\u0259sinin turnir c\u0259dv\u0259li &uuml;&ccedil;&uuml;n h\u0259lledici olmad\u0131\u011f\u0131n\u0131 vur\u011fulay\u0131b: &quot;B\u0259z\u0259n son oyunlarda ist\u0259diyimiz n\u0259tic\u0259ni qazanm\u0131\u015f\u0131q, b\u0259z\u0259n is\u0259 \u0259ld\u0259n vermi\u015fik. Qar\u015f\u0131da h\u0259l\u0259 4 oyunumuz var. M&uuml;asir futbolda &ccedil;ox \u015fey d\u0259yi\u015fib, b&uuml;t&uuml;n komandalar bir-birini m\u0259\u011flub ed\u0259 bil\u0259r. &quot;D&uuml;delanj&quot; da bu mat&ccedil;\u0131n autsayderi deyil, biz m\u0259s\u0259l\u0259y\u0259 bu aspektd\u0259n baxm\u0131r\u0131q&quot;.<\/p>\n<p>Qeyd ed\u0259k ki, oktyabr\u0131n 3-d\u0259 L&uuml;ksemburqdak\u0131 &quot;Jozi Bartel&quot; stadionunda t\u0259\u015fkil olunacaq qar\u015f\u0131la\u015fma Bak\u0131 vaxt\u0131 il\u0259 saat 23:00-da ba\u015flanacaq.\/report<\/p>\n","protected":false},"excerpt":{"rendered":"<p>&quot;Oyuna yax\u015f\u0131 haz\u0131rla\u015fm\u0131\u015f\u0131q. \u0130lk oyunda APOEL-l\u0259 qar\u015f\u0131la\u015fmada r\u0259qib &ouml;z g&uuml;c&uuml;n&uuml; g&ouml;st\u0259rib&quot;. Bunu &quot;Qaraba\u011f&quot;\u0131n ba\u015f m\u0259\u015fq&ccedil;isi&nbsp;Qurban Qurbanov&nbsp;L&uuml;ksemburqda &quot;D&uuml;delanj&quot;la ke&ccedil;ir\u0259c\u0259kl\u0259ri Avropa Liqas\u0131n\u0131n qrup m\u0259rh\u0259l\u0259sinin II tur mat&ccedil;\u0131ndan \u0259vv\u0259l m\u0259tbuat konfrans\u0131nda deyib. 47&hellip;<\/p>\n","protected":false},"author":1,"featured_media":251278,"comment_status":"open","ping_status":"open","sticky":false,"template":"","format":"standard","meta":{"_lmt_disableupdate":"","_lmt_disable":"","footnotes":""},"categories":[90],"tags":[],"class_list":["post-85738","post","type-post","status-publish","format-standard","has-post-thumbnail","hentry","category-idman-butun-xeberler"],"_links":{"self":[{"href":"https:\/\/ucnoqta.az\/index.php?rest_route=\/wp\/v2\/posts\/85738","targetHints":{"allow":["GET"]}}],"collection":[{"href":"https:\/\/ucnoqta.az\/index.php?rest_route=\/wp\/v2\/posts"}],"about":[{"href":"https:\/\/ucnoqta.az\/index.php?rest_route=\/wp\/v2\/types\/post"}],"author":[{"embeddable":true,"href":"https:\/\/ucnoqta.az\/index.php?rest_route=\/wp\/v2\/users\/1"}],"replies":[{"embeddable":true,"href":"https:\/\/ucnoqta.az\/index.php?rest_route=%2Fwp%2Fv2%2Fcomments&post=85738"}],"version-history":[{"count":0,"href":"https:\/\/ucnoqta.az\/index.php?rest_route=\/wp\/v2\/posts\/85738\/revisions"}],"wp:featuredmedia":[{"embeddable":true,"href":"https:\/\/ucnoqta.az\/index.php?rest_route=\/wp\/v2\/media\/251278"}],"wp:attachment":[{"href":"https:\/\/ucnoqta.az\/index.php?rest_route=%2Fwp%2Fv2%2Fmedia&parent=85738"}],"wp:term":[{"taxonomy":"category","embeddable":true,"href":"https:\/\/ucnoqta.az\/index.php?rest_route=%2Fwp%2Fv2%2Fcategories&post=85738"},{"taxonomy":"post_tag","embeddable":true,"href":"https:\/\/ucnoqta.az\/index.php?rest_route=%2Fwp%2Fv2%2Ftags&post=85738"}],"curies":[{"name":"wp","href":"https:\/\/api.w.org\/{rel}","templated":true}]}}