{"id":85732,"date":"2019-10-02T19:00:00","date_gmt":"2019-10-02T15:00:00","guid":{"rendered":""},"modified":"-0001-11-30T00:00:00","modified_gmt":"-0001-11-29T20:00:00","slug":"","status":"publish","type":"post","link":"https:\/\/ucnoqta.az\/?p=85732","title":{"rendered":"Lavrov Pa\u015finyan\u0131n Qaraba\u011fla ba\u011fl\u0131 b\u0259yanat\u0131n\u0131 t\u0259nqid etdi &#8211; <font color=red><b>V\u0130DEO<\/b><\/font>"},"content":{"rendered":"<p><strong>Rusiyan\u0131n Xarici \u0130\u015fl\u0259r naziri Sergey Lavrov&nbsp;&ldquo;Valday&rdquo; beyn\u0259lxalq diskussiya&nbsp;klubunun iclas\u0131nda Da\u011fl\u0131q Qaraba\u011f m&uuml;naqi\u015f\u0259sind\u0259n&nbsp;s&ouml;z a&ccedil;\u0131b.<\/strong><\/p>\n<p>S.Lavrov bildirib ki, son d&ouml;vrl\u0259r&nbsp;t\u0259mas x\u0259ttind\u0259 sakitlikdir v\u0259 insidentl\u0259r azal\u0131b. Rusiya X\u0130N ba\u015f&ccedil;\u0131s\u0131 qeyd edib ki, h\u0259lak olanlar\u0131n meyitl\u0259ri m&uuml;badil\u0259 olunub.<br \/>\n&ldquo;Haz\u0131rda saxlan\u0131lan \u015f\u0259xsl\u0259rin d\u0259 m&uuml;badil\u0259si &uuml;&ccedil;&uuml;n haz\u0131rl\u0131q gedir. &Ccedil;ox az sayda olsa da, bu proses\u0259 start verilib&rdquo;, &#8211; dey\u0259 S.Lavrov \u0259lav\u0259 edib.<\/p>\n<p>B&ouml;lg\u0259d\u0259 v\u0259ziyy\u0259tin&nbsp;sakit oldu\u011funu vur\u011fulayan S.Lavrov onu da bildirib ki, buna baxmayaraq, siyasi proses dayan\u0131b.<\/p>\n<p>&ldquo;Bu prosesi yerind\u0259n t\u0259rp\u0259tm\u0259k al\u0131nm\u0131r. \u018flaq\u0259l\u0259r var, amma nizamlama il\u0259 ba\u011fl\u0131 dialoq h\u0259l\u0259lik b\u0259rpa olunmay\u0131b. Amma m\u0259n bu halda iri \u0259m\u0259liyyatlar\u0131n ba\u015flamas\u0131 &uuml;&ccedil;&uuml;n h\u0259r hans\u0131 bir a\u015fkar v\u0259 ya qeyri-a\u015fkar t\u0259hdid g&ouml;rm&uuml;r\u0259m&rdquo;.<\/p>\n<p>O qeyd edib ki, Rusiya Qaraba\u011f c\u0259bh\u0259sind\u0259 sabitliyin pozulmamas\u0131 &uuml;&ccedil;&uuml;n Rusiya \u0259lind\u0259n g\u0259l\u0259ni ed\u0259c\u0259k.<br \/>\nS.Lavrov AT\u018fT-in Minsk Qrupunun h\u0259ms\u0259drl\u0259rinin (Rusiya, AB\u015e, Fransa) yax\u0131ndan izl\u0259diyini&nbsp; d\u0259 qeyd edib. S.Lavrov Erm\u0259nistan\u0131n Ba\u015f naziri Nikol Pa\u015finyan\u0131n &ldquo;Qaraba\u011f Erm\u0259nistand\u0131r&rdquo; b\u0259yanat\u0131n\u0131 da t\u0259nqid edib:<br \/>\n&ldquo;Albaniyan\u0131n Ba\u015f naziri &ldquo;Kosova Albaniyad\u0131r&rdquo; elan etm\u0259si kimi, &ldquo;Qaraba\u011f da Erm\u0259nistand\u0131r&rdquo; dem\u0259k siyasi prosesin yenid\u0259n ba\u015flamas\u0131 &uuml;&ccedil;&uuml;n \u015f\u0259raitin yarad\u0131lmas\u0131na k&ouml;m\u0259k etmir. Amma biz h\u0259ms\u0259drl\u0259r s&uuml;lh &uuml;z\u0259rind\u0259 i\u015fl\u0259yirik. Biz ist\u0259yirik ki, d\u0259f\u0259l\u0259rl\u0259 m&uuml;zakir\u0259 olunan \u0259sas prinsipl\u0259r \u0259sas\u0131nda h\u0259ll yolunu tapaq&rdquo;.\/oxu.az<\/p>\n<p><iframe allow=\"autoplay; encrypted-media\" allowfullscreen=\"\" frameborder=\"0\" height=\"315\" src=\"https:\/\/player.baku.tv\/embed\/10397?fbclid=IwAR18OxxaQSSsGalEmnHvb7P7ectGXGf57BXu_aBZ_bbgJw_RSiKp-sFBzEI\" width=\"560\"><\/iframe><\/p>\n","protected":false},"excerpt":{"rendered":"<p>Rusiyan\u0131n Xarici \u0130\u015fl\u0259r naziri Sergey Lavrov&nbsp;&ldquo;Valday&rdquo; beyn\u0259lxalq diskussiya&nbsp;klubunun iclas\u0131nda Da\u011fl\u0131q Qaraba\u011f m&uuml;naqi\u015f\u0259sind\u0259n&nbsp;s&ouml;z a&ccedil;\u0131b. S.Lavrov bildirib ki, son d&ouml;vrl\u0259r&nbsp;t\u0259mas x\u0259ttind\u0259 sakitlikdir v\u0259 insidentl\u0259r azal\u0131b. Rusiya X\u0130N ba\u015f&ccedil;\u0131s\u0131 qeyd edib ki, h\u0259lak&hellip;<\/p>\n","protected":false},"author":1,"featured_media":251278,"comment_status":"open","ping_status":"open","sticky":false,"template":"","format":"standard","meta":{"_lmt_disableupdate":"","_lmt_disable":"","footnotes":""},"categories":[86],"tags":[],"class_list":["post-85732","post","type-post","status-publish","format-standard","has-post-thumbnail","hentry","category-siyaset"],"_links":{"self":[{"href":"https:\/\/ucnoqta.az\/index.php?rest_route=\/wp\/v2\/posts\/85732","targetHints":{"allow":["GET"]}}],"collection":[{"href":"https:\/\/ucnoqta.az\/index.php?rest_route=\/wp\/v2\/posts"}],"about":[{"href":"https:\/\/ucnoqta.az\/index.php?rest_route=\/wp\/v2\/types\/post"}],"author":[{"embeddable":true,"href":"https:\/\/ucnoqta.az\/index.php?rest_route=\/wp\/v2\/users\/1"}],"replies":[{"embeddable":true,"href":"https:\/\/ucnoqta.az\/index.php?rest_route=%2Fwp%2Fv2%2Fcomments&post=85732"}],"version-history":[{"count":0,"href":"https:\/\/ucnoqta.az\/index.php?rest_route=\/wp\/v2\/posts\/85732\/revisions"}],"wp:featuredmedia":[{"embeddable":true,"href":"https:\/\/ucnoqta.az\/index.php?rest_route=\/wp\/v2\/media\/251278"}],"wp:attachment":[{"href":"https:\/\/ucnoqta.az\/index.php?rest_route=%2Fwp%2Fv2%2Fmedia&parent=85732"}],"wp:term":[{"taxonomy":"category","embeddable":true,"href":"https:\/\/ucnoqta.az\/index.php?rest_route=%2Fwp%2Fv2%2Fcategories&post=85732"},{"taxonomy":"post_tag","embeddable":true,"href":"https:\/\/ucnoqta.az\/index.php?rest_route=%2Fwp%2Fv2%2Ftags&post=85732"}],"curies":[{"name":"wp","href":"https:\/\/api.w.org\/{rel}","templated":true}]}}