{"id":85731,"date":"2019-10-02T18:43:17","date_gmt":"2019-10-02T14:43:17","guid":{"rendered":""},"modified":"-0001-11-30T00:00:00","modified_gmt":"-0001-11-29T20:00:00","slug":"","status":"publish","type":"post","link":"https:\/\/ucnoqta.az\/?p=85731","title":{"rendered":"\u201cT\u0259s\u0259llim odur ki, Elina m\u0259kt\u0259bd\u0259 yox, x\u0259st\u0259xanada \u00f6ld\u00fc\u201d- <font color=red><b>Sevinc Abbasova<\/b><\/font>"},"content":{"rendered":"<p><strong>&nbsp;Bu g&uuml;n S\u0259bail Rayon M\u0259hk\u0259m\u0259sind\u0259 m\u0259kt\u0259bd\u0259 intihar ed\u0259n \u015fagird Elina Hac\u0131yevan\u0131n &ouml;l&uuml;m&uuml; il\u0259 ba\u011fl\u0131 t\u0259qsirl\u0259ndiril\u0259n direktor Sevinc Abbasovan\u0131n n&ouml;vb\u0259ti m\u0259hk\u0259m\u0259si ke&ccedil;irilib.<\/strong><\/p>\n<p>Hakim Az\u0259r Ta\u011f\u0131yevin icraat\u0131nda olan prosesd\u0259 S.Abbasova ilk d\u0259f\u0259 ifad\u0259 verib. O, bundan &ouml;nc\u0259ki prosesl\u0259rd\u0259 dan\u0131\u015fmaqdan imtina ed\u0259r\u0259k \u0259n sonda ifad\u0259 ver\u0259c\u0259yini demi\u015fdi. S.Abbasova bildirib ki, hadis\u0259 g&uuml;n&uuml; saat 7:30-da i\u015fd\u0259 olub:<\/p>\n<p>&nbsp;&quot;\u0130kinci d\u0259rs bit\u0259nd\u0259n sonra t\u0259n\u0259ff&uuml;s zaman\u0131 m&uuml;avinim T&uuml;nzal\u0259 Mikay\u0131lova il\u0259 birlikd\u0259 i\u015fl\u0259ri m&uuml;zakir\u0259 edirdil\u0259r. Bu zaman m&uuml;\u0259llim\u0259 g\u0259lib h\u0259y\u0259td\u0259 bir u\u015fa\u011f\u0131n y\u0131x\u0131ld\u0131\u011f\u0131n\u0131 dedi. Sonra g&ouml;rd&uuml;k ki, iki u\u015faq Elinan\u0131 qucaqlar\u0131na g&ouml;t&uuml;r&uuml;b i&ccedil;\u0259ri girdil\u0259r. M\u0259n d\u0259 onlara ac\u0131qland\u0131m ki, u\u015fa\u011f\u0131 kim it\u0259l\u0259yib. Elina da onlar\u0131n quca\u011f\u0131ndan d&uuml;\u015fm\u0259k ist\u0259yirdi, o dedi ki, m\u0259ni he&ccedil; kim it\u0259l\u0259m\u0259yib, &ouml;z&uuml;m y\u0131x\u0131lm\u0131\u015fam. Elinan\u0131 m\u0259nim ota\u011f\u0131ma apard\u0131q.<\/p>\n<p>M\u0259kt\u0259b\u0259 gir\u0259nd\u0259 tibb bac\u0131s\u0131n\u0131n ota\u011f\u0131n\u0131 a&ccedil;maq ist\u0259dim, ba\u011fl\u0131 idi, o yerind\u0259 yox idi. Sonra kameralara baxanda bildim ki, h\u0259min g&uuml;n i\u015f\u0259 gecikib. Elinan\u0131 ota\u011f\u0131mda divana uzadandan sonra o dan\u0131\u015fmaq ist\u0259diyini dedi. Elina dedi ki, 3 ayd\u0131r Tramadol at\u0131ram, amma son 3 g&uuml;nd\u0259 tapa bilm\u0259diyim &uuml;&ccedil;&uuml;n h\u0259r g&uuml;n 1 pa&ccedil;ka Ketatifen i&ccedil;ir\u0259m. Sonra da &ccedil;antas\u0131ndan Ketatifen qutusu &ccedil;\u0131xd\u0131. Tibb bac\u0131s\u0131 sonra g\u0259lib dedi ki, s\u0131n\u0131q, g&ouml;zl\u0259 g&ouml;r&uuml;n\u0259n x\u0259sar\u0259t yoxdur.<\/p>\n<p>M\u0259nim yad\u0131mda deyildi h\u0259kim\u0259 ilk kim z\u0259ng etmi\u015fdi, amma istintaqda b\u0259lli oldu ki, m\u0259n z\u0259ng etmi\u015f\u0259m. Sonra valideynl\u0259r\u0259 x\u0259b\u0259r verdik, art\u0131q 10-a yax\u0131n polis m\u0259nd\u0259n izahat al\u0131rd\u0131. Onlar tabletka m\u0259s\u0259l\u0259si il\u0259 maraqlan\u0131rd\u0131lar, suallar\u0131n &ccedil;oxuna Elina &ouml;z&uuml; cavab verirdi. Sonra da Xalid\u0259 Bayramova g\u0259ldi, polisl\u0259r Elinan\u0131n &ccedil;antas\u0131n\u0131 g\u0259tirdil\u0259r, i&ccedil;ind\u0259n 20 \u0259d\u0259d psixotrop d\u0259rman\u0131n adlar\u0131 yaz\u0131lan v\u0259r\u0259q &ccedil;\u0131xd\u0131. H\u0259m d\u0259 Elinan\u0131n g&uuml;nd\u0259liyi var idi, orada yaz\u0131lm\u0131\u015fd\u0131 ki, &quot;&ouml;l&uuml;m&uuml;m\u0259 52 g&uuml;n qal\u0131b, m\u0259nim h\u0259yat\u0131m zibil kimidir&quot;.<\/p>\n<p>Hesablad\u0131lar bu aprelin 7-n\u0259 d&uuml;\u015f&uuml;rd&uuml;. Xalid\u0259 Bayramova &quot;skoru&quot; ma\u015f\u0131n\u0131nda Elina il\u0259 birlikd\u0259 getdi. Biz sonra kamerada baxanda g&ouml;rd&uuml;k ki, Elina 3-c&uuml; m\u0259rt\u0259b\u0259d\u0259n y\u0131x\u0131l\u0131b. \u0130ki h\u0259ft\u0259 \u0259vv\u0259l ikinci m\u0259rt\u0259b\u0259d\u0259n iki u\u015faq p\u0259nc\u0259r\u0259d\u0259n d&uuml;\u015f\u0259r\u0259k d\u0259rsd\u0259n qa&ccedil;m\u0131\u015fd\u0131lar. M\u0259n d\u0259 buna g&ouml;r\u0259 el\u0259 bilirdim ki, Elina ikinci m\u0259rt\u0259b\u0259d\u0259n d&uuml;\u015f&uuml;b. Sonra x\u0259st\u0259xanaya getdim, valideynl\u0259ri orada yox idi. Yar\u0131m saat sonra Fazil h\u0259kim Elinan\u0131 UZ\u0130-y\u0259 aparanda g&ouml;rd&uuml;m.<\/p>\n<p>Elina dedi ki, u\u015faqlardan kim ist\u0259s\u0259 m\u0259nim yan\u0131ma g\u0259lsin, u\u015faqlara salam g&ouml;nd\u0259rdi. UZ\u0130-d\u0259n sonra biz\u0259 dedil\u0259r ki, h\u0259r \u015fey yax\u015f\u0131d\u0131, birc\u0259 sidik kis\u0259sind\u0259 l\u0259k\u0259 var. Dedil\u0259r qan olsa, \u0259m\u0259liyyat ed\u0259c\u0259yik, Elina bunu e\u015fid\u0259nd\u0259 biraz qorxdu. Aprelin 6-da prokurorluqda ifad\u0259 ver\u0259nd\u0259 Elinan\u0131n &ouml;ld&uuml;y&uuml;n&uuml; e\u015fitdim. H\u0259min vaxt m&uuml;st\u0259ntiq soru\u015fdu ki, &ouml;z&uuml;n&uuml; t\u0259qsirli bilirs\u0259n? M\u0259n d\u0259 dedim ki, qism\u0259n t\u0259qsirli bilir\u0259m, &ccedil;&uuml;nki onu incitm\u0259kl\u0259rind\u0259n x\u0259b\u0259rim olmay\u0131b.<br \/>\nH\u0259m d\u0259 affekt v\u0259ziyy\u0259td\u0259 oldu\u011fum &uuml;&ccedil;&uuml;n &quot;skoru&quot; gec &ccedil;a\u011f\u0131rm\u0131\u015fam. Kiml\u0259r\u0259 z\u0259ng etdiyimi d\u0259 xat\u0131rlam\u0131ram. \u0130ndi is\u0259 &ouml;z&uuml;m&uuml; t\u0259qsirli bilmir\u0259m. Elina psixoloqla ancaq sa&ccedil;\u0131n\u0131 r\u0259ngl\u0259m\u0259si m\u0259s\u0259l\u0259sini m&uuml;zakir\u0259 edib, intihar etm\u0259k ist\u0259m\u0259si il\u0259 ba\u011fl\u0131 he&ccedil; bir qeyd yoxdur.<\/p>\n<p>Elina birinci d\u0259f\u0259 bo\u011faz\u0131n\u0131 k\u0259s\u0259nd\u0259 soru\u015fdum dedi intihar &uuml;&ccedil;&uuml;n etm\u0259mi\u015f\u0259m. M\u0259n bu haqda polis\u0259 m\u0259lumat vermi\u015fdim. Elina 1 h\u0259ft\u0259 sonra ikinci d\u0259f\u0259 bo\u011faz\u0131n\u0131 k\u0259s\u0259nd\u0259 s\u0259b\u0259bini soru\u015fdum dedi ki, &quot;cool&quot; g&ouml;r&uuml;nm\u0259k &uuml;&ccedil;&uuml;n bel\u0259 edib. Bu formada \u015f\u0259kill\u0259r &ccedil;\u0259kib \u0130nstagrama da qoymu\u015fdu. M\u0259n\u0259 t\u0259s\u0259lli ver\u0259n budur ki, Elina m\u0259kt\u0259bd\u0259 yox, iki g&uuml;n sonra x\u0259st\u0259xanada &ouml;ld&uuml;. Xalid\u0259 Bayramovan\u0131n onu g&ouml;zl\u0259m\u0259yiml\u0259 ba\u011fl\u0131 m\u0259n\u0259 tap\u015f\u0131r\u0131q verm\u0259si yadmda deyil, &quot;skoru&quot; &ccedil;a\u011f\u0131rmamaqla ba\u011fl\u0131 is\u0259 m\u0259n\u0259 he&ccedil; kim g&ouml;st\u0259ri\u015f verm\u0259yib&quot;.<\/p>\n<p>Anas\u0131 Sevil H&uuml;seynova deyib ki, Elinan\u0131n g&uuml;nd\u0259liyind\u0259 intiharla ba\u011fl\u0131 yazd\u0131\u011f\u0131 s&ouml;zl\u0259r bir kitabdan sitat olub. Elinan\u0131n ail\u0259sinin v\u0259kili m&uuml;lki iddiaya \u0259lav\u0259 ver\u0259r\u0259k bildirib ki, 100 min manatl\u0131q t\u0259zminatdan \u0259lav\u0259 d\u0259fn x\u0259rcl\u0259rin\u0259 &ccedil;\u0259kil\u0259n 8500 manat da &ouml;d\u0259nilsin. Proses oktyabr\u0131n 11-d\u0259 davam etdiril\u0259c\u0259k.\/qafqazinfo<\/p>\n","protected":false},"excerpt":{"rendered":"<p>&nbsp;Bu g&uuml;n S\u0259bail Rayon M\u0259hk\u0259m\u0259sind\u0259 m\u0259kt\u0259bd\u0259 intihar ed\u0259n \u015fagird Elina Hac\u0131yevan\u0131n &ouml;l&uuml;m&uuml; il\u0259 ba\u011fl\u0131 t\u0259qsirl\u0259ndiril\u0259n direktor Sevinc Abbasovan\u0131n n&ouml;vb\u0259ti m\u0259hk\u0259m\u0259si ke&ccedil;irilib. Hakim Az\u0259r Ta\u011f\u0131yevin icraat\u0131nda olan prosesd\u0259 S.Abbasova ilk d\u0259f\u0259&hellip;<\/p>\n","protected":false},"author":1,"featured_media":251278,"comment_status":"open","ping_status":"open","sticky":false,"template":"","format":"standard","meta":{"_lmt_disableupdate":"","_lmt_disable":"","footnotes":""},"categories":[],"tags":[],"class_list":["post-85731","post","type-post","status-publish","format-standard","has-post-thumbnail","hentry"],"_links":{"self":[{"href":"https:\/\/ucnoqta.az\/index.php?rest_route=\/wp\/v2\/posts\/85731","targetHints":{"allow":["GET"]}}],"collection":[{"href":"https:\/\/ucnoqta.az\/index.php?rest_route=\/wp\/v2\/posts"}],"about":[{"href":"https:\/\/ucnoqta.az\/index.php?rest_route=\/wp\/v2\/types\/post"}],"author":[{"embeddable":true,"href":"https:\/\/ucnoqta.az\/index.php?rest_route=\/wp\/v2\/users\/1"}],"replies":[{"embeddable":true,"href":"https:\/\/ucnoqta.az\/index.php?rest_route=%2Fwp%2Fv2%2Fcomments&post=85731"}],"version-history":[{"count":0,"href":"https:\/\/ucnoqta.az\/index.php?rest_route=\/wp\/v2\/posts\/85731\/revisions"}],"wp:featuredmedia":[{"embeddable":true,"href":"https:\/\/ucnoqta.az\/index.php?rest_route=\/wp\/v2\/media\/251278"}],"wp:attachment":[{"href":"https:\/\/ucnoqta.az\/index.php?rest_route=%2Fwp%2Fv2%2Fmedia&parent=85731"}],"wp:term":[{"taxonomy":"category","embeddable":true,"href":"https:\/\/ucnoqta.az\/index.php?rest_route=%2Fwp%2Fv2%2Fcategories&post=85731"},{"taxonomy":"post_tag","embeddable":true,"href":"https:\/\/ucnoqta.az\/index.php?rest_route=%2Fwp%2Fv2%2Ftags&post=85731"}],"curies":[{"name":"wp","href":"https:\/\/api.w.org\/{rel}","templated":true}]}}