{"id":85728,"date":"2019-10-02T18:31:39","date_gmt":"2019-10-02T14:31:39","guid":{"rendered":""},"modified":"-0001-11-30T00:00:00","modified_gmt":"-0001-11-29T20:00:00","slug":"","status":"publish","type":"post","link":"https:\/\/ucnoqta.az\/?p=85728","title":{"rendered":"<font color=red><b>Prezident \u0130lham \u018fliyev Almaniyan\u0131n d\u00f6vl\u0259t ba\u015f\u00e7\u0131s\u0131n\u0131 t\u0259brik edib<\/b><\/font>"},"content":{"rendered":"<p><strong>Az\u0259rbaycan Respublikas\u0131n\u0131n Prezidenti&nbsp;\u0130lham \u018fliyev&nbsp;Almaniya Federativ Respublikas\u0131n\u0131n Prezidenti Frank-Valter \u015etaynmayer\u0259 t\u0259brik m\u0259ktubu &uuml;nvanlay\u0131b.&nbsp;<\/strong><\/p>\n<p>T\u0259brik m\u0259tnind\u0259 deyilir:<br \/>\n&quot;H&ouml;rm\u0259tli c\u0259nab Prezident,<br \/>\nAlmaniya Federativ Respublikas\u0131n\u0131n milli bayram\u0131 &ndash; Alman Birliyi G&uuml;n&uuml; m&uuml;nasib\u0259til\u0259 Siz\u0259 v\u0259 b&uuml;t&uuml;n xalq\u0131n\u0131za &ouml;z ad\u0131mdan v\u0259 Az\u0259rbaycan xalq\u0131 ad\u0131ndan \u0259n s\u0259mimi t\u0259brikl\u0259rimi yetirir\u0259m.<\/p>\n<p>Az\u0259rbaycan-Almaniya \u0259laq\u0259l\u0259ri geni\u015f spektri \u0259hat\u0259 edir. &Ouml;lk\u0259l\u0259rimiz aras\u0131nda konstruktiv siyasi dialoq, s\u0259m\u0259r\u0259li iqtisadi \u0259m\u0259kda\u015fl\u0131q v\u0259 humanitar m&uuml;badil\u0259l\u0259r qar\u015f\u0131l\u0131ql\u0131 m&uuml;nasib\u0259tl\u0259rimizi s\u0259ciyy\u0259l\u0259ndir\u0259n m&uuml;h&uuml;m amill\u0259rd\u0259ndir.<br \/>\n\u0130nan\u0131ram ki, ikit\u0259r\u0259fli v\u0259 &ccedil;oxt\u0259r\u0259fli m&uuml;st\u0259vid\u0259 \u0259m\u0259kda\u015fl\u0131\u011f\u0131m\u0131z bundan sonra da davaml\u0131 \u015f\u0259kild\u0259 inki\u015faf ed\u0259r\u0259k &ouml;lk\u0259l\u0259rimiz v\u0259 xalqlar\u0131m\u0131z &uuml;&ccedil;&uuml;n h\u0259r c\u0259h\u0259td\u0259n faydal\u0131 olacaqd\u0131r.<\/p>\n<p>Bu \u0259lam\u0259tdar g&uuml;nd\u0259 Siz\u0259 \u0259n xo\u015f arzular\u0131m\u0131 yetirir, dost Almaniya xalq\u0131na daim \u0259min-amanl\u0131q v\u0259 firavanl\u0131q dil\u0259yir\u0259m&quot;.<\/p>\n","protected":false},"excerpt":{"rendered":"<p>Az\u0259rbaycan Respublikas\u0131n\u0131n Prezidenti&nbsp;\u0130lham \u018fliyev&nbsp;Almaniya Federativ Respublikas\u0131n\u0131n Prezidenti Frank-Valter \u015etaynmayer\u0259 t\u0259brik m\u0259ktubu &uuml;nvanlay\u0131b.&nbsp; T\u0259brik m\u0259tnind\u0259 deyilir: &quot;H&ouml;rm\u0259tli c\u0259nab Prezident, Almaniya Federativ Respublikas\u0131n\u0131n milli bayram\u0131 &ndash; Alman Birliyi G&uuml;n&uuml; m&uuml;nasib\u0259til\u0259 Siz\u0259 v\u0259&hellip;<\/p>\n","protected":false},"author":1,"featured_media":251278,"comment_status":"open","ping_status":"open","sticky":false,"template":"","format":"standard","meta":{"_lmt_disableupdate":"","_lmt_disable":"","footnotes":""},"categories":[],"tags":[],"class_list":["post-85728","post","type-post","status-publish","format-standard","has-post-thumbnail","hentry"],"_links":{"self":[{"href":"https:\/\/ucnoqta.az\/index.php?rest_route=\/wp\/v2\/posts\/85728","targetHints":{"allow":["GET"]}}],"collection":[{"href":"https:\/\/ucnoqta.az\/index.php?rest_route=\/wp\/v2\/posts"}],"about":[{"href":"https:\/\/ucnoqta.az\/index.php?rest_route=\/wp\/v2\/types\/post"}],"author":[{"embeddable":true,"href":"https:\/\/ucnoqta.az\/index.php?rest_route=\/wp\/v2\/users\/1"}],"replies":[{"embeddable":true,"href":"https:\/\/ucnoqta.az\/index.php?rest_route=%2Fwp%2Fv2%2Fcomments&post=85728"}],"version-history":[{"count":0,"href":"https:\/\/ucnoqta.az\/index.php?rest_route=\/wp\/v2\/posts\/85728\/revisions"}],"wp:featuredmedia":[{"embeddable":true,"href":"https:\/\/ucnoqta.az\/index.php?rest_route=\/wp\/v2\/media\/251278"}],"wp:attachment":[{"href":"https:\/\/ucnoqta.az\/index.php?rest_route=%2Fwp%2Fv2%2Fmedia&parent=85728"}],"wp:term":[{"taxonomy":"category","embeddable":true,"href":"https:\/\/ucnoqta.az\/index.php?rest_route=%2Fwp%2Fv2%2Fcategories&post=85728"},{"taxonomy":"post_tag","embeddable":true,"href":"https:\/\/ucnoqta.az\/index.php?rest_route=%2Fwp%2Fv2%2Ftags&post=85728"}],"curies":[{"name":"wp","href":"https:\/\/api.w.org\/{rel}","templated":true}]}}