{"id":85722,"date":"2019-10-02T15:51:24","date_gmt":"2019-10-02T11:51:24","guid":{"rendered":""},"modified":"-0001-11-30T00:00:00","modified_gmt":"-0001-11-29T20:00:00","slug":"","status":"publish","type":"post","link":"https:\/\/ucnoqta.az\/?p=85722","title":{"rendered":"Bak\u0131da \u0259rl\u0259 arvad\u0131 bar\u0131\u015fd\u0131rmaq ist\u0259y\u0259n \u015f\u0259xs \u0259ri b\u0131\u00e7aqlad\u0131, arvad\u0131 bo\u011fdu"},"content":{"rendered":"<p><strong>Bak\u0131 A\u011f\u0131r Cinay\u0259tl\u0259r M\u0259hk\u0259m\u0259sind\u0259 Bin\u0259q\u0259di rayonunda iki n\u0259f\u0259ri q\u0259tl\u0259 yetirm\u0259kd\u0259 t\u0259qsirl\u0259ndiril\u0259n V\u0259li Behbudovun cinay\u0259t i\u015fi &uuml;zr\u0259 m\u0259hk\u0259m\u0259nin haz\u0131rl\u0131q iclas\u0131 ke&ccedil;irilib.<\/strong><\/p>\n<p>Hakim Azad M\u0259cidovun s\u0259drliyi il\u0259 ke&ccedil;iril\u0259n iclasda V\u0259li Behbudovun anlaqs\u0131z oldu\u011fu, &ouml;z&uuml;n&uuml; idar\u0259 ed\u0259 bilm\u0259diyi v\u0259 buna g&ouml;r\u0259 d\u0259 1 n&ouml;mr\u0259li Respublika Psixiatriya X\u0259st\u0259xanas\u0131na yerl\u0259\u015fdirildiyi m\u0259lum olub.<br \/>\nM\u0259rhumun valideynl\u0259ri is\u0259 buna etiraz edibl\u0259r.<\/p>\n<p>M\u0259hk\u0259m\u0259y\u0259 polis n\u0259zar\u0259tind\u0259 g\u0259tiril\u0259n V\u0259li Behbudov \u0259ll\u0259ri il\u0259 qulaqlar\u0131n\u0131 tutaraq ba\u015f\u0131n\u0131 arxaya v\u0259 &ouml;n\u0259 \u0259y\u0259r\u0259k he&ccedil; n\u0259 dan\u0131\u015fmay\u0131b. Onun qanuni n&uuml;may\u0259nd\u0259si bildirib ki, V\u0259li Behbudov he&ccedil; kiml\u0259 &uuml;nsiyy\u0259t\u0259 girmir.<br \/>\nM\u0259hk\u0259m\u0259 haz\u0131rl\u0131q iclas\u0131nda q\u0259rar q\u0259bul edib. Q\u0259rara \u0259sas\u0259n V\u0259li Behbudovun x\u0259st\u0259 olmad\u0131\u011f\u0131 q\u0259na\u0259tin\u0259 g\u0259linib v\u0259 buna g&ouml;r\u0259 d\u0259 bar\u0259sind\u0259 h\u0259bs q\u0259timkan t\u0259dbiri se&ccedil;ilib.<\/p>\n<p>V\u0259li Behbudov 1 sayl\u0131 Bak\u0131 \u0130stintaq T\u0259cridxanas\u0131na k&ouml;&ccedil;&uuml;r&uuml;l\u0259c\u0259k.<br \/>\nProses oktyabr\u0131n 9-da davam ed\u0259c\u0259k.<\/p>\n<p>\u0130ttihama g&ouml;r\u0259, bu ilin fevral ay\u0131nda Bin\u0259q\u0259di rayonunun &quot;28 May&quot; q\u0259s\u0259b\u0259si \u0259razisind\u0259ki evd\u0259 27 ya\u015fl\u0131 M\u0259mm\u0259dov \u0130lkin Elman o\u011flu v\u0259 25 ya\u015fl\u0131 Muradzad\u0259 Sevinc Ya\u015far q\u0131z\u0131n\u0131n meyitl\u0259ri tap\u0131l\u0131b. Polis \u0259m\u0259kda\u015flar\u0131 iki n\u0259f\u0259ri q\u0259tl\u0259 yetirm\u0259kd\u0259 \u015f&uuml;bh\u0259li bilin\u0259n Beyl\u0259qan rayon sakini, 1989-cu il t\u0259v\u0259ll&uuml;dl&uuml; Behbudov V\u0259li \u018fli o\u011flunu saxlay\u0131blar. M\u0259lum olub ki, o, Sevinc Muradzad\u0259nin yax\u0131n qohumudur.<\/p>\n<p>\u0130lkin ara\u015fd\u0131rma zaman\u0131 m\u0259lum olub ki, 27 ya\u015fl\u0131 M\u0259mm\u0259dov \u0130lkin Elman o\u011flu il\u0259 25 ya\u015fl\u0131 Muradzad\u0259 Sevinc Ya\u015far q\u0131z\u0131 2017-ci ild\u0259 ail\u0259 h\u0259yat\u0131 qursa da sonradan bo\u015fanmaq q\u0259rar\u0131na g\u0259lib.<br \/>\n\u0130stintaq\u0131n versiyas\u0131na g&ouml;r\u0259, V.Behbudov ayr\u0131lm\u0131\u015f cavanlar\u0131 bar\u0131\u015fd\u0131rmaq m\u0259qs\u0259dil\u0259 S.Muradzad\u0259ni g&ouml;t&uuml;r\u0259r\u0259k \u0130.M\u0259mm\u0259dovun &quot;28 May&quot; q\u0259s\u0259b\u0259sind\u0259ki evin\u0259 g\u0259tirib. Lakin orada t\u0259r\u0259fl\u0259r aras\u0131nda dava d&uuml;\u015f&uuml;b. N\u0259tic\u0259d\u0259 V\u0259li Behbudov \u0130lkin\u0259 &ccedil;oxsayl\u0131 b\u0131&ccedil;aq z\u0259rb\u0259l\u0259ri endirib, qad\u0131n\u0131 is\u0259 bo\u011faraq &ouml;ld&uuml;r&uuml;b. O daha sonra N\u0259rimanov Rayon Polis \u0130dar\u0259sin\u0259 ged\u0259r\u0259k \u0259m\u0259lini k&ouml;n&uuml;ll&uuml; etiraf ed\u0259r\u0259k t\u0259slim olub.<\/p>\n<p>Ona Cinay\u0259t M\u0259c\u0259ll\u0259sinin 120.2.7-ci (iki v\u0259 ya daha &ccedil;ox \u015f\u0259xsi &ouml;ld&uuml;rm\u0259) madd\u0259si il\u0259 ittiham verilib.\/trend<\/p>\n","protected":false},"excerpt":{"rendered":"<p>Bak\u0131 A\u011f\u0131r Cinay\u0259tl\u0259r M\u0259hk\u0259m\u0259sind\u0259 Bin\u0259q\u0259di rayonunda iki n\u0259f\u0259ri q\u0259tl\u0259 yetirm\u0259kd\u0259 t\u0259qsirl\u0259ndiril\u0259n V\u0259li Behbudovun cinay\u0259t i\u015fi &uuml;zr\u0259 m\u0259hk\u0259m\u0259nin haz\u0131rl\u0131q iclas\u0131 ke&ccedil;irilib. Hakim Azad M\u0259cidovun s\u0259drliyi il\u0259 ke&ccedil;iril\u0259n iclasda V\u0259li Behbudovun anlaqs\u0131z&hellip;<\/p>\n","protected":false},"author":1,"featured_media":251278,"comment_status":"open","ping_status":"open","sticky":false,"template":"","format":"standard","meta":{"_lmt_disableupdate":"","_lmt_disable":"","footnotes":""},"categories":[],"tags":[],"class_list":["post-85722","post","type-post","status-publish","format-standard","has-post-thumbnail","hentry"],"_links":{"self":[{"href":"https:\/\/ucnoqta.az\/index.php?rest_route=\/wp\/v2\/posts\/85722","targetHints":{"allow":["GET"]}}],"collection":[{"href":"https:\/\/ucnoqta.az\/index.php?rest_route=\/wp\/v2\/posts"}],"about":[{"href":"https:\/\/ucnoqta.az\/index.php?rest_route=\/wp\/v2\/types\/post"}],"author":[{"embeddable":true,"href":"https:\/\/ucnoqta.az\/index.php?rest_route=\/wp\/v2\/users\/1"}],"replies":[{"embeddable":true,"href":"https:\/\/ucnoqta.az\/index.php?rest_route=%2Fwp%2Fv2%2Fcomments&post=85722"}],"version-history":[{"count":0,"href":"https:\/\/ucnoqta.az\/index.php?rest_route=\/wp\/v2\/posts\/85722\/revisions"}],"wp:featuredmedia":[{"embeddable":true,"href":"https:\/\/ucnoqta.az\/index.php?rest_route=\/wp\/v2\/media\/251278"}],"wp:attachment":[{"href":"https:\/\/ucnoqta.az\/index.php?rest_route=%2Fwp%2Fv2%2Fmedia&parent=85722"}],"wp:term":[{"taxonomy":"category","embeddable":true,"href":"https:\/\/ucnoqta.az\/index.php?rest_route=%2Fwp%2Fv2%2Fcategories&post=85722"},{"taxonomy":"post_tag","embeddable":true,"href":"https:\/\/ucnoqta.az\/index.php?rest_route=%2Fwp%2Fv2%2Ftags&post=85722"}],"curies":[{"name":"wp","href":"https:\/\/api.w.org\/{rel}","templated":true}]}}