{"id":85719,"date":"2019-10-02T15:15:04","date_gmt":"2019-10-02T11:15:04","guid":{"rendered":""},"modified":"-0001-11-30T00:00:00","modified_gmt":"-0001-11-29T20:00:00","slug":"","status":"publish","type":"post","link":"https:\/\/ucnoqta.az\/?p=85719","title":{"rendered":"Qarada\u011fda Mikay\u0131l M\u00fc\u015ffiqin abid\u0259si bel\u0259 <font color=red><b>A\u015eIRDILDI &#8211; V\u0130DEO<\/b><\/font>"},"content":{"rendered":"<p><strong>Bak\u0131 \u015f\u0259h\u0259ri,&nbsp;Qarada\u011f rayonu, M&uuml;\u015ffiq q\u0259s\u0259b\u0259sind\u0259 \u015fair Mikay\u0131l M&uuml;\u015ffiqin abid\u0259si a\u015f\u0131rd\u0131l\u0131b.<\/strong><\/p>\n<p>Qarada\u011f Rayon \u0130cra Hakimiyy\u0259tinin (R\u0130H) \u0130ctimai-siyasi v\u0259 humanitar m\u0259s\u0259l\u0259l\u0259r \u015f&ouml;b\u0259sinin m&uuml;diri Munis Bayramov &ldquo;Report&rdquo;a a&ccedil;\u0131qlamas\u0131nda deyib ki, Mikay\u0131l M&uuml;\u015ffiqin abid\u0259si yenisi il\u0259 \u0259v\u0259zl\u0259nib.<br \/>\nO bildirib ki, \u0259vv\u0259lki abid\u0259 yarars\u0131z halda olub: &ldquo;Yarars\u0131z abid\u0259 h&ouml;rm\u0259tli \u015fairimizin ad\u0131na layiq deyildi. Ona g&ouml;r\u0259 d\u0259 h\u0259min abid\u0259 g&ouml;t&uuml;r&uuml;l&uuml;b, m\u0259rm\u0259rd\u0259n abid\u0259 qoyulub, \u0259traf\u0131 da abadla\u015fd\u0131r\u0131l\u0131b&rdquo;.<\/p>\n<p>\u015e&ouml;b\u0259 m&uuml;diri abid\u0259nin ekskavatorla a\u015f\u0131rd\u0131lmas\u0131na da m&uuml;nasib\u0259t bildirib: &ldquo;Abid\u0259nin i&ccedil;i bo\u015f oldu\u011fundan ba\u015fqa c&uuml;r g&ouml;t&uuml;rm\u0259k m&uuml;mk&uuml;n deyildi, da\u011f\u0131lacaqd\u0131. H\u0259min abid\u0259ni ba\u015fqa yer\u0259 aparmaq da m&uuml;mk&uuml;n deyildi&rdquo;.<\/p>\n<p><iframe allowfullscreen=\"\" frameborder=\"0\" height=\"300\" mozallowfullscreen=\"\" src=\"https:\/\/bax.tv\/player\/75715.html\" webkitallowfullscreen=\"\" width=\"500\"><\/iframe><\/p>\n","protected":false},"excerpt":{"rendered":"<p>Bak\u0131 \u015f\u0259h\u0259ri,&nbsp;Qarada\u011f rayonu, M&uuml;\u015ffiq q\u0259s\u0259b\u0259sind\u0259 \u015fair Mikay\u0131l M&uuml;\u015ffiqin abid\u0259si a\u015f\u0131rd\u0131l\u0131b. Qarada\u011f Rayon \u0130cra Hakimiyy\u0259tinin (R\u0130H) \u0130ctimai-siyasi v\u0259 humanitar m\u0259s\u0259l\u0259l\u0259r \u015f&ouml;b\u0259sinin m&uuml;diri Munis Bayramov &ldquo;Report&rdquo;a a&ccedil;\u0131qlamas\u0131nda deyib ki, Mikay\u0131l M&uuml;\u015ffiqin abid\u0259si&hellip;<\/p>\n","protected":false},"author":1,"featured_media":251278,"comment_status":"open","ping_status":"open","sticky":false,"template":"","format":"standard","meta":{"_lmt_disableupdate":"","_lmt_disable":"","footnotes":""},"categories":[],"tags":[],"class_list":["post-85719","post","type-post","status-publish","format-standard","has-post-thumbnail","hentry"],"_links":{"self":[{"href":"https:\/\/ucnoqta.az\/index.php?rest_route=\/wp\/v2\/posts\/85719","targetHints":{"allow":["GET"]}}],"collection":[{"href":"https:\/\/ucnoqta.az\/index.php?rest_route=\/wp\/v2\/posts"}],"about":[{"href":"https:\/\/ucnoqta.az\/index.php?rest_route=\/wp\/v2\/types\/post"}],"author":[{"embeddable":true,"href":"https:\/\/ucnoqta.az\/index.php?rest_route=\/wp\/v2\/users\/1"}],"replies":[{"embeddable":true,"href":"https:\/\/ucnoqta.az\/index.php?rest_route=%2Fwp%2Fv2%2Fcomments&post=85719"}],"version-history":[{"count":0,"href":"https:\/\/ucnoqta.az\/index.php?rest_route=\/wp\/v2\/posts\/85719\/revisions"}],"wp:featuredmedia":[{"embeddable":true,"href":"https:\/\/ucnoqta.az\/index.php?rest_route=\/wp\/v2\/media\/251278"}],"wp:attachment":[{"href":"https:\/\/ucnoqta.az\/index.php?rest_route=%2Fwp%2Fv2%2Fmedia&parent=85719"}],"wp:term":[{"taxonomy":"category","embeddable":true,"href":"https:\/\/ucnoqta.az\/index.php?rest_route=%2Fwp%2Fv2%2Fcategories&post=85719"},{"taxonomy":"post_tag","embeddable":true,"href":"https:\/\/ucnoqta.az\/index.php?rest_route=%2Fwp%2Fv2%2Ftags&post=85719"}],"curies":[{"name":"wp","href":"https:\/\/api.w.org\/{rel}","templated":true}]}}