{"id":85717,"date":"2019-10-02T14:45:20","date_gmt":"2019-10-02T10:45:20","guid":{"rendered":""},"modified":"-0001-11-30T00:00:00","modified_gmt":"-0001-11-29T20:00:00","slug":"","status":"publish","type":"post","link":"https:\/\/ucnoqta.az\/?p=85717","title":{"rendered":"V\u00fcqar S\u0259f\u0259rli: \u201cJurnalistl\u0259rin binas\u0131\u201dnda m\u0259nzil\u0259 \u00e7\u0131xar\u0131\u015flar\u0131n verilm\u0259si \u00fc\u00e7\u00fcn 100-d\u0259k s\u0259n\u0259d t\u0259qdim olunub"},"content":{"rendered":"<p><em>Prezident \u0130lham \u018fliyevin 2013-c&uuml; il 22 iyul tarixli S\u0259r\u0259ncam\u0131 il\u0259 jurnalistl\u0259r &uuml;&ccedil;&uuml;n in\u015fa edilmi\u015f v\u0259 onlar\u0131n m&uuml;lkiyy\u0259tin\u0259 verilmi\u015f ikinci binada ke&ccedil;iril\u0259n s\u0259yyar qeydiyyat xidm\u0259ti &ccedil;\u0259r&ccedil;iv\u0259sind\u0259 bu g&uuml;n jurnalistl\u0259r ba\u011f\u0131\u015flanma m&uuml;qavil\u0259si imzalayacaq v\u0259 \u018fmlak M\u0259s\u0259l\u0259l\u0259ri D&ouml;vl\u0259t Komit\u0259sinin \u0259m\u0259kda\u015flar\u0131na t\u0259qdim ed\u0259c\u0259kl\u0259r. Bir m&uuml;dd\u0259t sonra m\u0259nzil sahibl\u0259ri &ldquo;SMS&rdquo; vasit\u0259sil\u0259 bildiri\u015f alacaqlar. &Ccedil;\u0131xar\u0131\u015flar\u0131n al\u0131nmas\u0131 &uuml;&ccedil;&uuml;n art\u0131q 100-d\u0259k s\u0259n\u0259d t\u0259qdim olunub. Biz bu g&uuml;n v\u0259 sabah h\u0259min s\u0259n\u0259dl\u0259\u015fm\u0259 i\u015fl\u0259rini aparaca\u011f\u0131q. Bundan sonra onlara 20-30 g&uuml;n m&uuml;dd\u0259tind\u0259 vaxt veril\u0259c\u0259k ki, yenid\u0259n s\u0259n\u0259dl\u0259ri toplas\u0131nlar v\u0259 biz ikinci d\u0259f\u0259 bel\u0259 bir aksiya ke&ccedil;ir\u0259k.<\/em><\/p>\n<p>Bu bar\u0259d\u0259 oktyabr\u0131n 2-d\u0259 jurnalistl\u0259r\u0259 veril\u0259n ikinci binan\u0131n h\u0259y\u0259tind\u0259 \u018fmlak M\u0259s\u0259l\u0259l\u0259ri D&ouml;vl\u0259t Komit\u0259si v\u0259 Az\u0259rbaycan Respublikas\u0131n\u0131n Prezidenti yan\u0131nda K&uuml;tl\u0259vi \u0130nformasiya Vasit\u0259l\u0259rinin \u0130nki\u015faf\u0131na D&ouml;vl\u0259t D\u0259st\u0259yi Fondunun (K\u0130VDF) n&uuml;may\u0259nd\u0259l\u0259rinin i\u015ftirak\u0131 il\u0259 bu binada ke&ccedil;iril\u0259n s\u0259yyar qeydiyyat kampaniyas\u0131 &ccedil;\u0259r&ccedil;iv\u0259sind\u0259 jurnalistl\u0259r\u0259 m&uuml;sahib\u0259sind\u0259 K\u0130VDF-nin icra&ccedil;\u0131 direktoru V&uuml;qar S\u0259f\u0259rli deyib.<\/p>\n<p>&ldquo;Cari il avqustun 7-d\u0259 jurnalistl\u0259r &uuml;&ccedil;&uuml;n tikilmi\u015f binan\u0131n istismar akt\u0131 verilib. Bundan sonra dig\u0259r s\u0259n\u0259dl\u0259r haz\u0131rlan\u0131b. \u018fmlak M\u0259s\u0259l\u0259l\u0259ri D&ouml;vl\u0259t Komit\u0259si t\u0259r\u0259find\u0259n binan\u0131n texniki pasportu, &ccedil;\u0131xar\u0131\u015flar haz\u0131rlan\u0131b. Bu g&uuml;n jurnalistl\u0259rin m\u0259nzill\u0259rin\u0259 &ccedil;\u0131xar\u0131\u015flar\u0131n verilm\u0259si &uuml;&ccedil;&uuml;n b&uuml;t&uuml;n s\u0259n\u0259dl\u0259r haz\u0131rd\u0131r&rdquo;, &#8211; dey\u0259 V.S\u0259f\u0259rli bildirib.<\/p>\n<p>O qeyd edib ki, birinci binan\u0131n sakinl\u0259rin\u0259 &ccedil;\u0131xar\u0131\u015flar \u0259vv\u0259ll\u0259r verilib: &ldquo;\u018flb\u0259ttd\u0259, orada da s\u0259n\u0259d almayanlar qal\u0131b. Bu onlar\u0131n \u015f\u0259xsi ist\u0259yidir. Lakin bu kampaniya jurnalistl\u0259r &uuml;&ccedil;&uuml;n tikilmi\u015f ikinci binaya aiddir. Jurnalistl\u0259r &uuml;&ccedil;&uuml;n &uuml;&ccedil;&uuml;nc&uuml; binan\u0131n tikinti i\u015fl\u0259ri qrafik\u0259 uy\u011fun davam edir. 2020-ci ild\u0259 h\u0259min bina &uuml;zr\u0259 m\u0259nzill\u0259rin jurnalistl\u0259r\u0259 verilm\u0259si n\u0259z\u0259rd\u0259 tutulur&rdquo;.<\/p>\n","protected":false},"excerpt":{"rendered":"<p>Prezident \u0130lham \u018fliyevin 2013-c&uuml; il 22 iyul tarixli S\u0259r\u0259ncam\u0131 il\u0259 jurnalistl\u0259r &uuml;&ccedil;&uuml;n in\u015fa edilmi\u015f v\u0259 onlar\u0131n m&uuml;lkiyy\u0259tin\u0259 verilmi\u015f ikinci binada ke&ccedil;iril\u0259n s\u0259yyar qeydiyyat xidm\u0259ti &ccedil;\u0259r&ccedil;iv\u0259sind\u0259 bu g&uuml;n jurnalistl\u0259r ba\u011f\u0131\u015flanma m&uuml;qavil\u0259si&hellip;<\/p>\n","protected":false},"author":1,"featured_media":251278,"comment_status":"open","ping_status":"open","sticky":false,"template":"","format":"standard","meta":{"_lmt_disableupdate":"","_lmt_disable":"","footnotes":""},"categories":[],"tags":[],"class_list":["post-85717","post","type-post","status-publish","format-standard","has-post-thumbnail","hentry"],"_links":{"self":[{"href":"https:\/\/ucnoqta.az\/index.php?rest_route=\/wp\/v2\/posts\/85717","targetHints":{"allow":["GET"]}}],"collection":[{"href":"https:\/\/ucnoqta.az\/index.php?rest_route=\/wp\/v2\/posts"}],"about":[{"href":"https:\/\/ucnoqta.az\/index.php?rest_route=\/wp\/v2\/types\/post"}],"author":[{"embeddable":true,"href":"https:\/\/ucnoqta.az\/index.php?rest_route=\/wp\/v2\/users\/1"}],"replies":[{"embeddable":true,"href":"https:\/\/ucnoqta.az\/index.php?rest_route=%2Fwp%2Fv2%2Fcomments&post=85717"}],"version-history":[{"count":0,"href":"https:\/\/ucnoqta.az\/index.php?rest_route=\/wp\/v2\/posts\/85717\/revisions"}],"wp:featuredmedia":[{"embeddable":true,"href":"https:\/\/ucnoqta.az\/index.php?rest_route=\/wp\/v2\/media\/251278"}],"wp:attachment":[{"href":"https:\/\/ucnoqta.az\/index.php?rest_route=%2Fwp%2Fv2%2Fmedia&parent=85717"}],"wp:term":[{"taxonomy":"category","embeddable":true,"href":"https:\/\/ucnoqta.az\/index.php?rest_route=%2Fwp%2Fv2%2Fcategories&post=85717"},{"taxonomy":"post_tag","embeddable":true,"href":"https:\/\/ucnoqta.az\/index.php?rest_route=%2Fwp%2Fv2%2Ftags&post=85717"}],"curies":[{"name":"wp","href":"https:\/\/api.w.org\/{rel}","templated":true}]}}