{"id":85705,"date":"2019-10-02T11:57:40","date_gmt":"2019-10-02T07:57:40","guid":{"rendered":""},"modified":"-0001-11-30T00:00:00","modified_gmt":"-0001-11-29T20:00:00","slug":"","status":"publish","type":"post","link":"https:\/\/ucnoqta.az\/?p=85705","title":{"rendered":"\u201c\u018fmlak\u0131n\u0131 qeydiyyata al v\u0259 m\u00fclkiyy\u0259tin\u0259 sahib ol\u201d kampaniyas\u0131 jurnalistl\u0259rin binas\u0131nda"},"content":{"rendered":"<p><strong>\u018fmlak M\u0259s\u0259l\u0259l\u0259ri D&ouml;vl\u0259t Komit\u0259si t\u0259r\u0259find\u0259n istismar\u0131na icaz\u0259 veril\u0259n binalar\u0131n &ccedil;\u0131xar\u0131\u015fla t\u0259min olunmas\u0131 il\u0259 ba\u011fl\u0131 i\u015fl\u0259r s&uuml;r\u0259tl\u0259 davam edir. Xidm\u0259ti v\u0259t\u0259nda\u015f\u0131n &uuml;nvan\u0131nda g&ouml;st\u0259r\u0259n Komit\u0259 &ouml;lk\u0259 ba\u015f&ccedil;\u0131s\u0131 c\u0259nab \u0130lham \u018fliyevin 2013-c&uuml; il 22 iyul tarixli S\u0259r\u0259ncam\u0131 il\u0259 jurnalistl\u0259r &uuml;&ccedil;&uuml;n in\u015fa edilmi\u015f v\u0259 onlar\u0131n m&uuml;lkiyy\u0259tin\u0259 verilmi\u015f ikinci binada yerl\u0259\u015f\u0259n m\u0259nzill\u0259r\u0259 dair elektron &ccedil;\u0131xar\u0131\u015f haz\u0131rlay\u0131r. <\/strong><\/p>\n<p>Bununla ba\u011fl\u0131 komit\u0259 Az\u0259rbaycan Respublikas\u0131n\u0131n Prezidenti yan\u0131nda K&uuml;tl\u0259vi \u0130nformasiya Vasit\u0259l\u0259rinin \u0130nki\u015faf\u0131na D&ouml;vl\u0259t D\u0259st\u0259yi Fondunun i\u015ftirak\u0131 il\u0259 oktyabr\u0131n 2-d\u0259 h\u0259min binada&nbsp;s\u0259yyar qeydiyyat xidm\u0259ti g&ouml;st\u0259r\u0259r\u0259k media n&uuml;may\u0259nd\u0259l\u0259rind\u0259n \u0259mlaklar\u0131na dair ilkin s\u0259n\u0259dl\u0259ri toplay\u0131b. B&uuml;t&uuml;n bu i\u015fl\u0259r Az\u0259rbaycan Respublikas\u0131n\u0131n Prezidenti \u0130lham \u018fliyevin 2019-cu il fevral\u0131n 19-da imzalad\u0131\u011f\u0131 &ldquo;B\u0259zi &ccedil;oxm\u0259nzilli binalar\u0131n istismar\u0131na icaz\u0259 verilm\u0259sinin sad\u0259l\u0259\u015fdirilm\u0259si haqq\u0131nda&rdquo; F\u0259rman\u0131n\u0131n icras\u0131 &ccedil;\u0259r&ccedil;iv\u0259sind\u0259 realla\u015fd\u0131r\u0131l\u0131r.<\/p>\n<p>&ldquo;\u018fmlak\u0131n\u0131 qeydiyyata al v\u0259 m&uuml;lkiyy\u0259tin\u0259 sahib ol&rdquo; kampaniyas\u0131 &ccedil;\u0259r&ccedil;iv\u0259sind\u0259 jurnalistl\u0259r &uuml;&ccedil;&uuml;n in\u015fa edil\u0259n binan\u0131n h\u0259y\u0259tind\u0259c\u0259 sakinl\u0259rd\u0259n ilkin s\u0259n\u0259dl\u0259r topland\u0131. V\u0259t\u0259nda\u015flar ya\u015fad\u0131qlar\u0131 m\u0259kana g\u0259tiril\u0259n mobil ofisl\u0259r\u0259 \u015f\u0259xsiyy\u0259t v\u0259siq\u0259sini, maliyy\u0259 aray\u0131\u015f\u0131n\u0131, protokoldan &ccedil;\u0131xar\u0131\u015f\u0131n\u0131 t\u0259qdim etdil\u0259r. D&ouml;vl\u0259t t\u0259r\u0259find\u0259n media i\u015f&ccedil;il\u0259rin\u0259 g&ouml;st\u0259ril\u0259n bu qay\u011f\u0131 jurnalistl\u0259rin m\u0259nzil-m\u0259i\u015f\u0259t \u015f\u0259raitinin yax\u015f\u0131la\u015fmas\u0131na, onlar\u0131n m&uuml;lkiyy\u0259t h&uuml;quqlar\u0131n\u0131n t\u0259min olunmas\u0131na istiqam\u0259tl\u0259nib.&nbsp;<\/p>\n<p>Eyni zamanda bel\u0259 bina sakinl\u0259ri &uuml;&ccedil;&uuml;n da\u015f\u0131nmaz \u0259mlak\u0131n qeydiyyat\u0131 il\u0259 ba\u011fl\u0131 maarifl\u0259ndirm\u0259 t\u0259dbiri d\u0259 ke&ccedil;irildi. Maarifl\u0259ndirm\u0259 &ccedil;\u0259r&ccedil;iv\u0259sind\u0259 bildirildi ki, art\u0131q m\u0259nzil sahibl\u0259ri &ccedil;\u0131xar\u0131\u015flar\u0131n\u0131 ka\u011f\u0131z formas\u0131nda deyil, elektron qaydada \u0259ld\u0259 edir. H\u0259min m&uuml;lkiyy\u0259t s\u0259n\u0259di \u015f\u0259xsin Elektron h&ouml;kum\u0259t portal\u0131ndak\u0131 kabinetin\u0259 yerl\u0259\u015fdirilir. &Ccedil;\u0131xar\u0131\u015flar bar\u0259d\u0259 b&uuml;t&uuml;n m\u0259lumatlar \u015f\u0259xsin telefon n&ouml;mr\u0259sin\u0259 v\u0259 elektron po&ccedil;t &uuml;nvan\u0131na g&ouml;nd\u0259rilir. Elektron qaydada g&ouml;nd\u0259ril\u0259n informasiyada &ccedil;\u0131xar\u0131\u015f\u0131n reyestr, qeydiyyat n&ouml;mr\u0259l\u0259ri, elektron &ccedil;\u0131xar\u0131\u015f\u0131n yoxlan\u0131lmas\u0131 il\u0259 ba\u011fl\u0131 ke&ccedil;id linki g&ouml;st\u0259rilir.&nbsp;<\/p>\n<p>Jurnalistl\u0259r &uuml;&ccedil;&uuml;n tikil\u0259n binalarla yana\u015f\u0131, dig\u0259r istismar\u0131na icaz\u0259 veril\u0259n binalardak\u0131 m\u0259nzill\u0259rin d\u0259 elektron &ccedil;\u0131xar\u0131\u015fla t\u0259min olunmas\u0131 h\u0259yata ke&ccedil;irilir. Komit\u0259 MTK-lar\u0131 v\u0259 v\u0259t\u0259nda\u015flar\u0131 bu prosesd\u0259 f\u0259al olma\u011fa &ccedil;a\u011f\u0131r\u0131r. \u0130stismar\u0131na icaz\u0259 veril\u0259n bina sakinl\u0259ri \u0259mlak\u0131na dair elektron &ccedil;\u0131xar\u0131\u015f\u0131n haz\u0131rlanmas\u0131 &uuml;&ccedil;&uuml;n ilkin s\u0259n\u0259dl\u0259rl\u0259 birg\u0259 \u018fmlak Xidm\u0259tl\u0259ri M\u0259kan\u0131na m&uuml;raci\u0259t ed\u0259 bil\u0259r. Bundan ba\u015fqa prosesin daha intensiv apar\u0131lmas\u0131 &uuml;&ccedil;&uuml;n &ldquo;\u018fmlak\u0131n\u0131 qeydiyyata al v\u0259 m&uuml;lkiyy\u0259tin\u0259 sahib ol&rdquo; kimi sosial kampaniyalar ke&ccedil;irilir. H\u0259r h\u0259ft\u0259 Bak\u0131n\u0131n m&uuml;xt\u0259lif rayonlar\u0131nda olan bel\u0259 binalar\u0131n h\u0259y\u0259tl\u0259rind\u0259, v\u0259t\u0259nda\u015flar\u0131n &uuml;nvanlar\u0131nda s\u0259yyar qeydiyyat xidm\u0259ti g&ouml;st\u0259rilir. Sakinl\u0259r ilkin s\u0259n\u0259dl\u0259rini mobil ofisl\u0259r\u0259 t\u0259qdim edirl\u0259r. N&ouml;vb\u0259ti kampaniya oktyabr\u0131n 2-si Bak\u0131n\u0131n N\u0259simi rayonunda, oktyabr\u0131n 3-&uuml; v\u0259 4-&uuml; is\u0259 N\u0259rimanov rayonunda ke&ccedil;iril\u0259c\u0259k.<\/p>\n<p>Bel\u0259 kampaniyalar\u0131n ke&ccedil;irilm\u0259si v\u0259t\u0259nda\u015f m\u0259mnunlu\u011funun t\u0259min edilm\u0259sin\u0259, v\u0259t\u0259nda\u015f-m\u0259mur &uuml;nsiyy\u0259tinin azald\u0131lmas\u0131na, o c&uuml;ml\u0259d\u0259n vaxt itirm\u0259d\u0259n rahatl\u0131qla \u0259mlaklar\u0131n r\u0259smi qeydiyyata al\u0131nmas\u0131na imkan verir. H\u0259m&ccedil;inin qeydiyyat prosedurlar\u0131n\u0131n sad\u0259l\u0259\u015fdirilm\u0259si, sosiall\u0131q prinsipinin t\u0259min edilm\u0259si, insan amilinin g&uuml;cl\u0259ndirilm\u0259si d\u0259 \u0259sas v\u0259zif\u0259l\u0259rd\u0259ndir.<\/p>\n","protected":false},"excerpt":{"rendered":"<p>\u018fmlak M\u0259s\u0259l\u0259l\u0259ri D&ouml;vl\u0259t Komit\u0259si t\u0259r\u0259find\u0259n istismar\u0131na icaz\u0259 veril\u0259n binalar\u0131n &ccedil;\u0131xar\u0131\u015fla t\u0259min olunmas\u0131 il\u0259 ba\u011fl\u0131 i\u015fl\u0259r s&uuml;r\u0259tl\u0259 davam edir. Xidm\u0259ti v\u0259t\u0259nda\u015f\u0131n &uuml;nvan\u0131nda g&ouml;st\u0259r\u0259n Komit\u0259 &ouml;lk\u0259 ba\u015f&ccedil;\u0131s\u0131 c\u0259nab \u0130lham \u018fliyevin 2013-c&uuml; il&hellip;<\/p>\n","protected":false},"author":1,"featured_media":251278,"comment_status":"open","ping_status":"open","sticky":false,"template":"","format":"standard","meta":{"_lmt_disableupdate":"","_lmt_disable":"","footnotes":""},"categories":[],"tags":[],"class_list":["post-85705","post","type-post","status-publish","format-standard","has-post-thumbnail","hentry"],"_links":{"self":[{"href":"https:\/\/ucnoqta.az\/index.php?rest_route=\/wp\/v2\/posts\/85705","targetHints":{"allow":["GET"]}}],"collection":[{"href":"https:\/\/ucnoqta.az\/index.php?rest_route=\/wp\/v2\/posts"}],"about":[{"href":"https:\/\/ucnoqta.az\/index.php?rest_route=\/wp\/v2\/types\/post"}],"author":[{"embeddable":true,"href":"https:\/\/ucnoqta.az\/index.php?rest_route=\/wp\/v2\/users\/1"}],"replies":[{"embeddable":true,"href":"https:\/\/ucnoqta.az\/index.php?rest_route=%2Fwp%2Fv2%2Fcomments&post=85705"}],"version-history":[{"count":0,"href":"https:\/\/ucnoqta.az\/index.php?rest_route=\/wp\/v2\/posts\/85705\/revisions"}],"wp:featuredmedia":[{"embeddable":true,"href":"https:\/\/ucnoqta.az\/index.php?rest_route=\/wp\/v2\/media\/251278"}],"wp:attachment":[{"href":"https:\/\/ucnoqta.az\/index.php?rest_route=%2Fwp%2Fv2%2Fmedia&parent=85705"}],"wp:term":[{"taxonomy":"category","embeddable":true,"href":"https:\/\/ucnoqta.az\/index.php?rest_route=%2Fwp%2Fv2%2Fcategories&post=85705"},{"taxonomy":"post_tag","embeddable":true,"href":"https:\/\/ucnoqta.az\/index.php?rest_route=%2Fwp%2Fv2%2Ftags&post=85705"}],"curies":[{"name":"wp","href":"https:\/\/api.w.org\/{rel}","templated":true}]}}