{"id":85699,"date":"2019-10-02T10:30:01","date_gmt":"2019-10-02T06:30:01","guid":{"rendered":""},"modified":"-0001-11-30T00:00:00","modified_gmt":"-0001-11-29T20:00:00","slug":"","status":"publish","type":"post","link":"https:\/\/ucnoqta.az\/?p=85699","title":{"rendered":"Rusiya yeni S-500 kompleksini Suriyada s\u0131naqdan ke\u00e7irib"},"content":{"rendered":"<p><strong>Rusiyan\u0131n yeni S-500 &ldquo;Prometey&rdquo; zenit-raket kompleksi Suriyada u\u011furla s\u0131naqdan ke&ccedil;irilib.<\/strong><\/p>\n<p>APA&nbsp;x\u0259b\u0259r verir ki, bu bar\u0259d\u0259 &ldquo;Izvestiya&rdquo; q\u0259zeti Rusiyan\u0131n M&uuml;dafi\u0259 Nazirliyin\u0259 istinad\u0259n m\u0259lumat yay\u0131b.Q\u0259zetin yazd\u0131\u011f\u0131na g&ouml;r\u0259, havadan m&uuml;dafi\u0259 sah\u0259sind\u0259 apar\u0131lan s\u0131naqlar zaman\u0131 avadanl\u0131qlar\u0131n i\u015find\u0259 bir s\u0131ra nasazl\u0131qlar a\u015fkar edils\u0259 d\u0259, probleml\u0259r tez h\u0259ll olunub. Haz\u0131rda s\u0131naqlar u\u011furla ba\u015fa &ccedil;at\u0131b.<\/p>\n<p>Rusiya Federasiyas\u0131 H\u0259rbi Hava Q&uuml;vv\u0259l\u0259ri komandirinin MDB-nin vahid hava h&uuml;cumundan m&uuml;dafi\u0259 sistemi m\u0259s\u0259l\u0259l\u0259ri &uuml;zr\u0259 ke&ccedil;mi\u015f m&uuml;avini, general-leytenant Ayte&ccedil; Bijevin s&ouml;zl\u0259rin\u0259 g&ouml;r\u0259, seriyal\u0131 istehsala ba\u015flamazdan \u0259vv\u0259l b&uuml;t&uuml;n avadanl\u0131qlar s\u0259rt iqlim v\u0259 texniki \u015f\u0259raitd\u0259 s\u0131naqdan ke&ccedil;irilir. Bu i\u015f rejimind\u0259 &ccedil;at\u0131\u015fmazl\u0131qlar m&uuml;\u0259yy\u0259n edilir, sonradan &uuml;mumil\u0259\u015fdirilir, d&uuml;z\u0259ldilir v\u0259 aradan qald\u0131r\u0131l\u0131r.<\/p>\n","protected":false},"excerpt":{"rendered":"<p>Rusiyan\u0131n yeni S-500 &ldquo;Prometey&rdquo; zenit-raket kompleksi Suriyada u\u011furla s\u0131naqdan ke&ccedil;irilib. APA&nbsp;x\u0259b\u0259r verir ki, bu bar\u0259d\u0259 &ldquo;Izvestiya&rdquo; q\u0259zeti Rusiyan\u0131n M&uuml;dafi\u0259 Nazirliyin\u0259 istinad\u0259n m\u0259lumat yay\u0131b.Q\u0259zetin yazd\u0131\u011f\u0131na g&ouml;r\u0259, havadan m&uuml;dafi\u0259 sah\u0259sind\u0259 apar\u0131lan s\u0131naqlar&hellip;<\/p>\n","protected":false},"author":1,"featured_media":251278,"comment_status":"open","ping_status":"open","sticky":false,"template":"","format":"standard","meta":{"_lmt_disableupdate":"","_lmt_disable":"","footnotes":""},"categories":[89],"tags":[],"class_list":["post-85699","post","type-post","status-publish","format-standard","has-post-thumbnail","hentry","category-dunya-butun-xeberler"],"_links":{"self":[{"href":"https:\/\/ucnoqta.az\/index.php?rest_route=\/wp\/v2\/posts\/85699","targetHints":{"allow":["GET"]}}],"collection":[{"href":"https:\/\/ucnoqta.az\/index.php?rest_route=\/wp\/v2\/posts"}],"about":[{"href":"https:\/\/ucnoqta.az\/index.php?rest_route=\/wp\/v2\/types\/post"}],"author":[{"embeddable":true,"href":"https:\/\/ucnoqta.az\/index.php?rest_route=\/wp\/v2\/users\/1"}],"replies":[{"embeddable":true,"href":"https:\/\/ucnoqta.az\/index.php?rest_route=%2Fwp%2Fv2%2Fcomments&post=85699"}],"version-history":[{"count":0,"href":"https:\/\/ucnoqta.az\/index.php?rest_route=\/wp\/v2\/posts\/85699\/revisions"}],"wp:featuredmedia":[{"embeddable":true,"href":"https:\/\/ucnoqta.az\/index.php?rest_route=\/wp\/v2\/media\/251278"}],"wp:attachment":[{"href":"https:\/\/ucnoqta.az\/index.php?rest_route=%2Fwp%2Fv2%2Fmedia&parent=85699"}],"wp:term":[{"taxonomy":"category","embeddable":true,"href":"https:\/\/ucnoqta.az\/index.php?rest_route=%2Fwp%2Fv2%2Fcategories&post=85699"},{"taxonomy":"post_tag","embeddable":true,"href":"https:\/\/ucnoqta.az\/index.php?rest_route=%2Fwp%2Fv2%2Ftags&post=85699"}],"curies":[{"name":"wp","href":"https:\/\/api.w.org\/{rel}","templated":true}]}}