{"id":85684,"date":"2019-10-01T18:55:40","date_gmt":"2019-10-01T14:55:40","guid":{"rendered":""},"modified":"-0001-11-30T00:00:00","modified_gmt":"-0001-11-29T20:00:00","slug":"","status":"publish","type":"post","link":"https:\/\/ucnoqta.az\/?p=85684","title":{"rendered":"H\u00fcseyn Abdullayev\u0259 h\u00f6km oxunub"},"content":{"rendered":"<p><strong>Bak\u0131 H\u0259rbi M\u0259hk\u0259m\u0259sind\u0259 sabiq deputat H\u00fcseyn Abdullayev, onun anas\u0131 Zeyn\u0259b Abdullayeva, H\u0259bib \u0130brahimov, Xalid \u018fliyev, Namiq Babayev, \u0130ntiqam S\u00fcleymanov, P\u0259rviz Kaz\u0131mov, Zaur Quliyev v\u0259 Nazim \u018fliyevin cinay\u0259t i\u015fi \u00fczr\u0259 m\u0259hk\u0259m\u0259 prosesi ba\u015fa \u00e7at\u0131b.<\/strong><\/p>\n<p>Hakim H\u0259bib H\u0259s\u0259novun s\u0259drliyi il\u0259 ke\u00e7iril\u0259n prosesd\u0259 h\u00f6km oxunub. H\u00f6km\u0259 \u0259sas\u0259n,\u00a0 H\u00fcseyn Abdullayev 6 il, Namiq Babayev 4 il, Nazim \u018fliyev 3 il azadl\u0131qdan m\u0259hrum edilibl\u0259r. Zeyn\u0259b Abdullayeva 4 min manat c\u0259rim\u0259 olunub, dig\u0259r t\u0259qsirl\u0259ndiril\u0259n \u015f\u0259xsl\u0259r\u0259 is\u0259 \u015f\u0259rti c\u0259za verilib.<\/p>\n<p>Xat\u0131rladaq ki, prokuror H\u00fcseyn Abdullayevin ke\u00e7mi\u015f c\u0259zas\u0131n\u0131 toplamaqla 8 il, Namiq Babayevin 8 il, \u0130ntiqam S\u00fcleymanovun 6 il, Nazim \u018fliyevin 6 il azadl\u0131qdan m\u0259hrum edilm\u0259sini ist\u0259yib. Prokuror ke\u00e7mi\u015f DSX \u0259m\u0259kda\u015flar\u0131 &#8211; Zaur Quliyev, P\u0259rviz Kaz\u0131mov, H\u0259bib \u0130brahimov v\u0259 Xalid \u018fliyev\u0259 4 il s\u0131naq m\u00fcdd\u0259ti se\u00e7ilm\u0259kl\u0259 \u015f\u0259rti c\u0259za t\u0259l\u0259b edib.<\/p>\n<p>D\u00f6vl\u0259t ittiham\u00e7\u0131s\u0131 H.Abdullayevin anas\u0131 Zeyn\u0259b Abdullayevin 5 min manat c\u0259rim\u0259l\u0259nm\u0259si ist\u0259mi\u015fdi.<br \/>\nQeyd ed\u0259k ki, ayr\u0131-ayr\u0131 v\u0259t\u0259nda\u015flar\u0131n Daxili \u0130\u015fl\u0259r Nazirliyinin Ba\u015f M\u00fct\u0259\u015f\u0259kkil Cinay\u0259tkarl\u0131qla M\u00fcbariz\u0259 \u0130dar\u0259sin\u0259 daxil olmu\u015f m\u00fcraci\u0259tl\u0259ri \u0259sas\u0131nda 14 fevral 2018-ci il tarixd\u0259 ba\u015flanm\u0131\u015f cinay\u0259t i\u015fi \u00fczr\u0259 H.Abdullayevin 2006-c\u0131 ild\u0259n 2018-ci il\u0259d\u0259k olan m\u00fcdd\u0259t \u0259rzind\u0259 faktiki n\u0259zar\u0259t etdiyi \u201cAraz-\u0130n\u015faat\u201d ASC-d\u0259 onun tap\u015f\u0131r\u0131\u011f\u0131na \u0259sas\u0259n, m\u00fc\u0259ssis\u0259nin idar\u0259 olunmas\u0131n\u0131 h\u0259yata ke\u00e7ir\u0259n Babayev Namiq \u0130smixan o\u011flu v\u0259 qeyril\u0259ri il\u0259 qabaqcadan \u0259lbir olan bir qrup \u015f\u0259xs hal\u0131nda C\u0259miyy\u0259t\u0259 m\u0259xsus obyektl\u0259ri m\u00fcxt\u0259lif vaxtlarda ayr\u0131-ayr\u0131 \u015firk\u0259tl\u0259r\u0259 icar\u0259y\u0259 ver\u0259r\u0259k, \u00fcmumilikd\u0259, 1 milyon 374 min manat m\u0259bl\u0259\u011find\u0259 g\u0259lirl\u0259rin C\u0259miyy\u0259tin kommunal xidm\u0259t v\u0259 sair x\u0259rcl\u0259rinin \u00f6d\u0259nilm\u0259sin\u0259 s\u0259rf olunmas\u0131na dair dig\u0259r s\u0259hmdarlara yalan m\u0259lumat verm\u0259kl\u0259 13 min 373 manat m\u0259bl\u0259\u011find\u0259 dividentl\u0259ri vahid q\u0259sdl\u0259 \u0259l\u0259 ke\u00e7irib z\u0259r\u0259r\u00e7\u0259kmi\u015f \u015f\u0259xsl\u0259r\u0259 xeyli miqdarda maddi ziyan vurmaqla d\u0259l\u0259duzluq edib. T\u0259qsirl\u0259ndiril\u0259n \u015f\u0259xsl\u0259rd\u0259n b\u0259zil\u0259ri D\u00f6vl\u0259t S\u0259rh\u0259d Xidm\u0259tinin \u0259m\u0259kda\u015flar\u0131d\u0131r. Bu s\u0259b\u0259bd\u0259n cinay\u0259t i\u015fi Bak\u0131 H\u0259rbi M\u0259hk\u0259m\u0259sin\u0259 g\u00f6nd\u0259rilib. \u0130\u015f \u00fczr\u0259 z\u0259r\u0259r\u00e7\u0259kmi\u015f \u015f\u0259xs qismind\u0259 28 n\u0259f\u0259r tan\u0131n\u0131r.<\/p>\n<p>Xat\u0131rladaq ki, i\u015f \u00fczr\u0259 t\u0259qsirl\u0259ndiril\u0259n Z.Abdullayeva, H.\u0130brahimov, Z.Quliyev v\u0259 P.Kaz\u0131mov bar\u0259sind\u0259 ev dustaql\u0131\u011f\u0131 q\u0259timkan t\u0259dbiri se\u00e7ilib.\/Apa<\/p>\n","protected":false},"excerpt":{"rendered":"<p>Bak\u0131 H\u0259rbi M\u0259hk\u0259m\u0259sind\u0259 sabiq deputat H\u00fcseyn Abdullayev, onun anas\u0131 Zeyn\u0259b Abdullayeva, H\u0259bib \u0130brahimov, Xalid \u018fliyev, Namiq Babayev, \u0130ntiqam S\u00fcleymanov, P\u0259rviz Kaz\u0131mov, Zaur Quliyev v\u0259 Nazim \u018fliyevin cinay\u0259t i\u015fi \u00fczr\u0259 m\u0259hk\u0259m\u0259&hellip;<\/p>\n","protected":false},"author":1,"featured_media":251278,"comment_status":"open","ping_status":"open","sticky":false,"template":"","format":"standard","meta":{"_lmt_disableupdate":"","_lmt_disable":"","footnotes":""},"categories":[],"tags":[],"class_list":["post-85684","post","type-post","status-publish","format-standard","has-post-thumbnail","hentry"],"_links":{"self":[{"href":"https:\/\/ucnoqta.az\/index.php?rest_route=\/wp\/v2\/posts\/85684","targetHints":{"allow":["GET"]}}],"collection":[{"href":"https:\/\/ucnoqta.az\/index.php?rest_route=\/wp\/v2\/posts"}],"about":[{"href":"https:\/\/ucnoqta.az\/index.php?rest_route=\/wp\/v2\/types\/post"}],"author":[{"embeddable":true,"href":"https:\/\/ucnoqta.az\/index.php?rest_route=\/wp\/v2\/users\/1"}],"replies":[{"embeddable":true,"href":"https:\/\/ucnoqta.az\/index.php?rest_route=%2Fwp%2Fv2%2Fcomments&post=85684"}],"version-history":[{"count":0,"href":"https:\/\/ucnoqta.az\/index.php?rest_route=\/wp\/v2\/posts\/85684\/revisions"}],"wp:featuredmedia":[{"embeddable":true,"href":"https:\/\/ucnoqta.az\/index.php?rest_route=\/wp\/v2\/media\/251278"}],"wp:attachment":[{"href":"https:\/\/ucnoqta.az\/index.php?rest_route=%2Fwp%2Fv2%2Fmedia&parent=85684"}],"wp:term":[{"taxonomy":"category","embeddable":true,"href":"https:\/\/ucnoqta.az\/index.php?rest_route=%2Fwp%2Fv2%2Fcategories&post=85684"},{"taxonomy":"post_tag","embeddable":true,"href":"https:\/\/ucnoqta.az\/index.php?rest_route=%2Fwp%2Fv2%2Ftags&post=85684"}],"curies":[{"name":"wp","href":"https:\/\/api.w.org\/{rel}","templated":true}]}}