{"id":85680,"date":"2019-10-01T18:13:27","date_gmt":"2019-10-01T14:13:27","guid":{"rendered":""},"modified":"-0001-11-30T00:00:00","modified_gmt":"-0001-11-29T20:00:00","slug":"","status":"publish","type":"post","link":"https:\/\/ucnoqta.az\/?p=85680","title":{"rendered":"Prokurorluq i\u015f\u00e7il\u0259rinin pe\u015f\u0259 bayram\u0131 g\u00fcn\u00fc v\u0259 Milli Prokurorlu\u011fun yarad\u0131lmas\u0131n\u0131n 101-ci ild\u00f6n\u00fcm\u00fc qeyd olunub"},"content":{"rendered":"<p><strong>Az\u0259rbaycan Prokurorlu\u011funun kollektivi m&uuml;asir m&uuml;st\u0259qil d&ouml;vl\u0259timizin memar\u0131 v\u0259 qurucusu, &uuml;mummilli lider Heyd\u0259r \u018fliyevin S\u0259r\u0259ncam\u0131na \u0259sas\u0259n, 1998-ci ild\u0259n etibar\u0259n h\u0259r il oktyabr\u0131n 1-d\u0259 pe\u015f\u0259 bayram\u0131n\u0131 geni\u015f qeyd edir. Builki bayram milli prokurorluq orqanlar\u0131n\u0131n yarad\u0131lmas\u0131n\u0131n 101-ci ild&ouml;n&uuml;m&uuml;n\u0259 t\u0259sad&uuml;f edib.<\/strong><\/p>\n<p>Bu m&uuml;nasib\u0259tl\u0259 Ba\u015f Prokurorlu\u011fun, Respublika H\u0259rbi v\u0259 Bak\u0131 \u015e\u0259h\u0259r prokurorluqlar\u0131 orqanlar\u0131n\u0131n kollektivl\u0259ri oktyabr\u0131n 1-d\u0259 F\u0259xri xiyabana g\u0259l\u0259r\u0259k, ulu &ouml;nd\u0259r Heyd\u0259r \u018fliyevin xatir\u0259sini d\u0259rin ehtiramla yad edib, m\u0259zar\u0131 &ouml;n&uuml;n\u0259 g&uuml;l d\u0259st\u0259l\u0259ri qoyublar.<\/p>\n<p>G&ouml;rk\u0259mli oftalmoloq-alim, akademik Z\u0259rif\u0259 xan\u0131m \u018fliyevan\u0131n da xatir\u0259si yad olunub, m\u0259zar\u0131 &uuml;z\u0259rin\u0259 t\u0259r &ccedil;i&ccedil;\u0259kl\u0259r d&uuml;z&uuml;l&uuml;b.<br \/>\nSonra \u015e\u0259hidl\u0259r xiyaban\u0131na g\u0259l\u0259n prokurorlu\u011fun kollektivi Az\u0259rbaycan\u0131n m&uuml;st\u0259qilliyi v\u0259 azadl\u0131\u011f\u0131 u\u011frunda \u015f\u0259hid olmu\u015f q\u0259hr\u0259man V\u0259t\u0259n &ouml;vladlar\u0131n\u0131n xatir\u0259sin\u0259 d\u0259rin ehtiramlar\u0131n\u0131 bildirib, m\u0259zarlar\u0131 &uuml;z\u0259rin\u0259 g&uuml;l d\u0259st\u0259l\u0259ri qoyub, &ldquo;\u018fb\u0259di m\u0259\u015f\u0259l&rdquo; abid\u0259sini ziyar\u0259t edibl\u0259r.<\/p>\n<p>Daha sonra Ba\u015f Prokurorluqda 1 oktyabr &#8211; Az\u0259rbaycan Respublikas\u0131 Prokurorlu\u011fu i\u015f&ccedil;il\u0259rinin pe\u015f\u0259 bayram\u0131 g&uuml;n&uuml; v\u0259 milli prokurorlu\u011fun yarad\u0131lmas\u0131n\u0131n 101-ci ild&ouml;n&uuml;m&uuml; m&uuml;nasib\u0259til\u0259 m\u0259rasim ke&ccedil;irilib.<br \/>\nAz\u0259rbaycan Respublikas\u0131n\u0131n d&ouml;vl\u0259t himni s\u0259sl\u0259ndirildikd\u0259n sonra Ba\u015f prokuror Zakir Qaralov prokurorluq orqanlar\u0131nda &ccedil;al\u0131\u015fan b&uuml;t&uuml;n \u0259m\u0259kda\u015flar\u0131, veteranlar\u0131, onlar\u0131n ail\u0259 &uuml;zvl\u0259rini pe\u015f\u0259 bayram\u0131 m&uuml;nasib\u0259til\u0259 t\u0259brik edib.<\/p>\n<p>Ba\u015f prokuror bildirib ki, xalq\u0131m\u0131z\u0131n &uuml;mummilli lideri Heyd\u0259r \u018fliyevin siyasi kursunun layiqli davam&ccedil;\u0131s\u0131 Prezident \u0130lham \u018fliyev t\u0259r\u0259find\u0259n m&uuml;asir d&ouml;vr&uuml;n b&uuml;t&uuml;n reall\u0131qlar\u0131n\u0131 n\u0259z\u0259r\u0259 alaraq uzaqg&ouml;r\u0259nlikl\u0259 h\u0259yata ke&ccedil;iril\u0259n strateji inki\u015faf konsepsiyas\u0131, m&uuml;drik d&ouml;vl\u0259t siyas\u0259ti v\u0259 s\u0259m\u0259r\u0259li idar\u0259etm\u0259 &uuml;sulu respublikam\u0131z\u0131n dayan\u0131ql\u0131 sosial iqtisadi inki\u015faf\u0131na, \u0259halinin ya\u015fay\u0131\u015f \u015f\u0259raitinin v\u0259 sosial rifah\u0131n\u0131n ilb\u0259il y&uuml;ks\u0259ldilm\u0259sin\u0259 \u015f\u0259rait yarad\u0131b. &Ouml;lk\u0259mizin b&uuml;t&uuml;n sah\u0259l\u0259rd\u0259 s&uuml;r\u0259tl\u0259 inki\u015faf etdiyini vur\u011fulayan Ba\u015f prokuror bu nailiyy\u0259tl\u0259rin \u0259sas\u0131nda ulu &ouml;nd\u0259r Heyd\u0259r \u018fliyevin uzaqg&ouml;r\u0259nliyi v\u0259 siyasi irad\u0259si n\u0259tic\u0259sind\u0259 realla\u015fan &ldquo;\u018fsrin m&uuml;qavil\u0259si&rdquo;nin dayand\u0131\u011f\u0131n\u0131 qeyd edib. Bu m&uuml;qavil\u0259nin m&uuml;h&uuml;m \u0259h\u0259miyy\u0259t k\u0259sb etm\u0259sinin n\u0259z\u0259r\u0259 al\u0131naraq beyn\u0259lxalq t\u0259r\u0259fda\u015flar\u0131n qar\u015f\u0131l\u0131ql\u0131 raz\u0131l\u0131\u011f\u0131 il\u0259 2049-cu il\u0259d\u0259k uzad\u0131ld\u0131\u011f\u0131 vur\u011fulan\u0131b. Diqq\u0259t\u0259 &ccedil;atd\u0131r\u0131l\u0131b ki, biznes m&uuml;hitinin yax\u015f\u0131la\u015fd\u0131r\u0131lmas\u0131 istiqam\u0259tind\u0259 at\u0131lan ciddi add\u0131mlar n\u0259tic\u0259sind\u0259 D&uuml;nya Bank\u0131n\u0131n &ldquo;Doing Business&rdquo; proqram\u0131nda 10 \u0259n islahat&ccedil;\u0131 &ouml;lk\u0259 kimi tan\u0131nan Az\u0259rbaycan 32 pill\u0259 ir\u0259lil\u0259y\u0259r\u0259k 25-ci yerd\u0259 q\u0259rarla\u015f\u0131b.<\/p>\n<p>V\u0259t\u0259nda\u015flar\u0131n sosial probleml\u0259rinin daim Prezident c\u0259nab \u0130lham \u018fliyevin v\u0259 birinci vitse-prezident Mehriban xan\u0131m \u018fliyevan\u0131n diqq\u0259t m\u0259rk\u0259zind\u0259 oldu\u011funu vur\u011fulayan Ba\u015f prokuror bildirib ki, son bir ne&ccedil;\u0259 ayda &ouml;lk\u0259mizd\u0259 sosial probleml\u0259rin s\u0259m\u0259r\u0259li h\u0259llind\u0259 b&ouml;y&uuml;k ir\u0259lil\u0259yi\u015f\u0259 nail olunub, \u0259halinin etibarl\u0131 sosial m&uuml;dafi\u0259sinin t\u0259minat\u0131 istiqam\u0259tind\u0259 inqilabi nailiyy\u0259tl\u0259r \u0259ld\u0259 edilib.<\/p>\n<p>D&ouml;vl\u0259timizin ba\u015f&ccedil;\u0131s\u0131n\u0131n S\u0259r\u0259ncam\u0131 il\u0259 Az\u0259rbaycanda &ldquo;N\u0259simi ili&rdquo; elan olunan 2019-cu ilin &ouml;t\u0259n d&ouml;vr&uuml;n&uuml;n &ouml;lk\u0259mizin m\u0259d\u0259ni h\u0259yat\u0131 v\u0259 idman sah\u0259l\u0259rind\u0259 d\u0259 m&uuml;h&uuml;m u\u011furlarla yadda qald\u0131\u011f\u0131n\u0131 diqq\u0259t\u0259 &ccedil;atd\u0131ran Ba\u015f prokuror m&uuml;harib\u0259 \u015f\u0259raitinin h&ouml;km s&uuml;rd&uuml;y&uuml; bir vaxtda respublikam\u0131z\u0131n bir s\u0131ra m&ouml;t\u0259b\u0259r t\u0259dbirl\u0259r\u0259, o c&uuml;ml\u0259d\u0259n Formula 1 Az\u0259rbaycan Qran-Prisin\u0259, &ldquo;Bak\u0131 2019&rdquo; XV Avropa G\u0259ncl\u0259r Yay Olimpiya Festival\u0131na, b\u0259dii gimnastika &uuml;zr\u0259 37-ci d&uuml;nya &ccedil;empionat\u0131na y&uuml;ks\u0259k s\u0259viyy\u0259d\u0259 ev sahibliyi etdiyini vur\u011fulay\u0131b.<\/p>\n<p>X&uuml;susi vur\u011fulan\u0131b ki, 1993-c&uuml; ild\u0259 xalq\u0131n t\u0259kidli t\u0259l\u0259bi il\u0259 siyasi hakimiyy\u0259t\u0259 qay\u0131dan Heyd\u0259r \u018fliyevin h\u0259yata ke&ccedil;irdiyi m&uuml;drik d&ouml;vl\u0259t&ccedil;ilik siyas\u0259tinin n\u0259tic\u0259si olaraq, b&uuml;t&uuml;n dig\u0259r qurumlarla yana\u015f\u0131, Az\u0259rbaycan Prokurorlu\u011fu da d&ouml;vl\u0259t t\u0259sisat\u0131 kimi tamamil\u0259 yenid\u0259n formala\u015fd\u0131r\u0131laraq d&ouml;vl\u0259t&ccedil;iliyimizin m&uuml;h&uuml;m s&uuml;tunlar\u0131ndan birin\u0259 &ccedil;evrilib, onun d&ouml;vl\u0259t&ccedil;iliy\u0259 s\u0259daq\u0259ti il\u0259 se&ccedil;il\u0259n pe\u015f\u0259kar kadr korpusu yarad\u0131l\u0131b. Az\u0259rbaycan Respublikas\u0131nda realla\u015fd\u0131r\u0131lan m&uuml;t\u0259r\u0259qqi m\u0259hk\u0259m\u0259-h&uuml;quq islahatlar\u0131 &ccedil;\u0259r&ccedil;iv\u0259sind\u0259 milli prokurorluq orqanlar\u0131 m&uuml;asir m\u0259zmunda yenil\u0259\u015fdirilm\u0259kl\u0259 c\u0259miyy\u0259td\u0259 statusuna uy\u011fun yerini tutub. Ulu &ouml;nd\u0259rin prokurorluq orqanlar\u0131n\u0131n r\u0259hb\u0259r i\u015f&ccedil;il\u0259ri il\u0259 2000-ci il aprelin 26-da ke&ccedil;irdiyi tarixi g&ouml;r&uuml;\u015fd\u0259n sonra Az\u0259rbaycan Prokurorlu\u011funda h\u0259rt\u0259r\u0259fli v\u0259 b&uuml;t&uuml;n sah\u0259l\u0259ri \u0259hat\u0259 ed\u0259n islahatlar apar\u0131l\u0131b, z\u0259ruri normativ h&uuml;quqi baza yarad\u0131l\u0131b, &ldquo;Prokurorluq haqq\u0131nda&rdquo; Qanun q\u0259bul edilib v\u0259 pe\u015f\u0259kar kadr korpusu formala\u015fd\u0131r\u0131l\u0131b.<\/p>\n<p>Diqq\u0259t\u0259 &ccedil;atd\u0131r\u0131l\u0131b ki, &uuml;mummilli liderin m&uuml;\u0259yy\u0259n etdiyi strateji inki\u015faf konsepsiyas\u0131n\u0131 u\u011furla realla\u015fd\u0131ran v\u0259 keyfiyy\u0259tc\u0259 yeni m&uuml;st\u0259viy\u0259 qald\u0131ran Prezident c\u0259nab \u0130lham \u018fliyevin r\u0259hb\u0259rliyi il\u0259 &ouml;lk\u0259mizd\u0259 h&uuml;quqi d&ouml;vl\u0259t v\u0259 v\u0259t\u0259nda\u015f c\u0259miyy\u0259ti quruculu\u011fu istiqam\u0259tind\u0259 geni\u015fmiqyasl\u0131 i\u015fl\u0259r g&ouml;r&uuml;l&uuml;r. Son d&ouml;vrl\u0259rd\u0259 Az\u0259rbaycan Respublikas\u0131nda ard\u0131c\u0131l v\u0259 sistemli \u015f\u0259kild\u0259 h\u0259yata ke&ccedil;iril\u0259n sosial-iqtisadi islahatlar\u0131n realla\u015fd\u0131r\u0131lmas\u0131, h\u0259rt\u0259r\u0259fli d&uuml;\u015f&uuml;n&uuml;lm&uuml;\u015f d&ouml;vl\u0259t siyas\u0259tinin h\u0259yata ke&ccedil;irilm\u0259si, ictimai-siyasi sabitliyin t\u0259min olunmas\u0131 n\u0259tic\u0259sind\u0259 Az\u0259rbaycan beyn\u0259lxalq birliyin tamh&uuml;quqlu &uuml;zv&uuml; kimi layiq oldu\u011fu yerini tutub.<\/p>\n<p>Ba\u015f prokuror bildirib ki, Az\u0259rbaycan Prezidenti \u0130lham \u018fliyevin 2004-c&uuml; il 3 mart tarixli &ldquo;Korrupsiyaya qar\u015f\u0131 m&uuml;bariz\u0259 haqq\u0131nda&rdquo; Qanunun t\u0259tbiq edilm\u0259si bar\u0259d\u0259 S\u0259r\u0259ncam\u0131na \u0259sas\u0259n, Az\u0259rbaycan Respublikas\u0131n\u0131n Ba\u015f prokuroru yan\u0131nda Korrupsiyaya Qar\u015f\u0131 M&uuml;bariz\u0259 Ba\u015f \u0130dar\u0259sinin yarad\u0131lmas\u0131 v\u0259 sonrak\u0131 ill\u0259rd\u0259 f\u0259aliyy\u0259tinin t\u0259kmill\u0259\u015fdirilm\u0259si, \u0259n m&uuml;asir t\u0259l\u0259bl\u0259r\u0259 cavab ver\u0259n inzibati bina il\u0259 t\u0259min olunmas\u0131, d&ouml;vl\u0259timizin ba\u015f&ccedil;\u0131s\u0131n\u0131n h\u0259min binan\u0131n a&ccedil;\u0131l\u0131\u015f m\u0259rasimind\u0259 \u015f\u0259xs\u0259n i\u015ftirak\u0131 v\u0259 prokurorluq i\u015f&ccedil;il\u0259ri il\u0259 g&ouml;r&uuml;\u015fd\u0259 t&ouml;vsiy\u0259 v\u0259 tap\u015f\u0131r\u0131qlar verm\u0259si &ouml;lk\u0259mizd\u0259 korrupsiyaya qar\u015f\u0131 m&uuml;bariz\u0259 sah\u0259sind\u0259 siyasi irad\u0259nin \u0259n y&uuml;ks\u0259k t\u0259zah&uuml;r&uuml; v\u0259 &ouml;lk\u0259 r\u0259hb\u0259rliyinin prokurorluq orqanlar\u0131n\u0131n c\u0259miyy\u0259td\u0259ki roluna, funksiyalar\u0131na v\u0259 f\u0259aliyy\u0259tin\u0259 g&ouml;st\u0259rdiyi y&uuml;ks\u0259k inam v\u0259 etimad\u0131n n&uuml;mun\u0259sidir. Bu diqq\u0259t v\u0259 qay\u011f\u0131n\u0131n sonrak\u0131 m\u0259rh\u0259l\u0259l\u0259rd\u0259 d\u0259 \u0259n y&uuml;ks\u0259k s\u0259viyy\u0259d\u0259 davam etdirildiyini vur\u011fulayan Ba\u015f prokuror Prezident c\u0259nab \u0130lham \u018fliyevin prokurorlu\u011fa y&uuml;ks\u0259k diqq\u0259tinin daha bir n&uuml;mun\u0259si olan, 2008-ci il 27 sentyabr tarixli S\u0259r\u0259ncamla t\u0259sdiq edilmi\u015f &ldquo;Az\u0259rbaycan Respublikas\u0131 Prokurorlu\u011funun f\u0259aliyy\u0259tinin m&uuml;asirl\u0259\u015fdirilm\u0259sin\u0259 dair 2009-2011-ci ill\u0259r &uuml;&ccedil;&uuml;n D&ouml;vl\u0259t Proqram\u0131&rdquo;n\u0131n prokurorluq orqanlar\u0131n\u0131n f\u0259aliyy\u0259tinin v\u0259 strukturunun t\u0259kmill\u0259\u015fdirilm\u0259si, prokurorlu\u011fun maddi-texniki bazas\u0131n\u0131n m&ouml;hk\u0259ml\u0259ndirilm\u0259si, prokurorluq orqanlar\u0131n\u0131n m&uuml;asir d&ouml;vr&uuml;n t\u0259l\u0259bl\u0259rin\u0259 v\u0259 y&uuml;ks\u0259k beyn\u0259lxalq standartlara uy\u011fun f\u0259aliyy\u0259tinin yeni keyfiyy\u0259t m&uuml;st\u0259visin\u0259 y&uuml;ks\u0259ldilm\u0259sin\u0259 \u015f\u0259rait yaratd\u0131\u011f\u0131n\u0131 qeyd edib.<\/p>\n<p>Cari ilin &ouml;lk\u0259mizin m\u0259hk\u0259m\u0259-h&uuml;quq sistemind\u0259 islahatlar\u0131n d\u0259rinl\u0259\u015fdirilm\u0259si d&ouml;vr&uuml; kimi yadda qald\u0131\u011f\u0131n\u0131 vur\u011fulayan Ba\u015f prokuror bildirib ki, bu il aprelin 3-d\u0259 Prezident c\u0259nab \u0130lham \u018fliyevin imzalad\u0131\u011f\u0131 &ldquo;M\u0259hk\u0259m\u0259-h&uuml;quq sistemind\u0259 islahatlar\u0131n d\u0259rinl\u0259\u015fdirilm\u0259si haqq\u0131nda&rdquo; F\u0259rmanda v\u0259t\u0259nda\u015flar\u0131n \u0259dal\u0259t m&uuml;hakim\u0259sin\u0259 &ccedil;\u0131x\u0131\u015f imkanlar\u0131n\u0131n art\u0131r\u0131lmas\u0131, sahibkarl\u0131q f\u0259aliyy\u0259ti subyektl\u0259rinin m\u0259hk\u0259m\u0259l\u0259r\u0259 m&uuml;raci\u0259t imkanlar\u0131n\u0131n asanla\u015fd\u0131r\u0131lmas\u0131 v\u0259 m&uuml;bahis\u0259l\u0259rin m\u0259hk\u0259m\u0259d\u0259nk\u0259nar h\u0259lli mexanizml\u0259rinin t\u0259\u015fviqi, d&ouml;vl\u0259t resurslar\u0131n\u0131n prioritet hesab olunan d&ouml;vl\u0259t xidm\u0259tl\u0259ri &uuml;zr\u0259 s\u0259m\u0259r\u0259li v\u0259 q\u0259na\u0259tl\u0259 istifad\u0259 edilm\u0259si, d&ouml;vl\u0259t sektorunda bir s\u0131ra xidm\u0259tl\u0259rin m&uuml;vafiq sah\u0259 &uuml;zr\u0259 ixtisasla\u015fm\u0131\u015f &ouml;z\u0259l m&uuml;\u0259ssis\u0259l\u0259rin yarad\u0131laraq onlara &ouml;t&uuml;r&uuml;lm\u0259si \u0259sas h\u0259d\u0259fl\u0259r kimi m&uuml;\u0259yy\u0259nl\u0259\u015fdirilib. F\u0259rmanda Ba\u015f Prokurorlu\u011fa t&ouml;vsiy\u0259 edil\u0259n m\u0259s\u0259l\u0259l\u0259rl\u0259 ba\u011fl\u0131 qanun layih\u0259sinin haz\u0131rlanaraq t\u0259qdim edilm\u0259si v\u0259 dig\u0259r z\u0259ruri t\u0259dbirl\u0259rin h\u0259yata ke&ccedil;irilm\u0259si m\u0259qs\u0259dil\u0259 Ali M\u0259hk\u0259m\u0259, Ba\u015f Prokurorluq v\u0259 \u018fdliyy\u0259 Nazirliyi il\u0259 birg\u0259 yarad\u0131lm\u0131\u015f i\u015f&ccedil;i qrupu t\u0259r\u0259find\u0259n Cinay\u0259t, Cinay\u0259t-Prosessual v\u0259 \u0130nzibati X\u0259talar m\u0259c\u0259ll\u0259l\u0259rin\u0259 400-\u0259 yax\u0131n d\u0259yi\u015fiklikl\u0259r edilm\u0259si haqq\u0131nda qanun layih\u0259si haz\u0131rlanaraq aidiyy\u0259ti &uuml;zr\u0259 t\u0259qdim olunub. T&ouml;vsiy\u0259l\u0259rin icras\u0131 il\u0259 \u0259laq\u0259dar cinay\u0259t m&uuml;hakim\u0259 icraat\u0131nda d&ouml;vl\u0259t ittiham&ccedil;\u0131lar\u0131 qar\u015f\u0131s\u0131nda qoyulmu\u015f v\u0259zif\u0259l\u0259rin daha s\u0259m\u0259r\u0259li h\u0259yata ke&ccedil;irilm\u0259si, bu sah\u0259d\u0259 f\u0259aliyy\u0259tin t\u0259kmill\u0259\u015fdirilm\u0259si, h\u0259m&ccedil;inin m&uuml;\u0259yy\u0259n edilmi\u015f n&ouml;qsan v\u0259 &ccedil;at\u0131\u015fmazl\u0131qlar\u0131n aradan qald\u0131r\u0131lmas\u0131 m\u0259qs\u0259dil\u0259 Bak\u0131 \u015e\u0259h\u0259r Prokurorlu\u011funun D&ouml;vl\u0259t ittiham\u0131n\u0131n m&uuml;dafi\u0259si &uuml;zr\u0259 \u015f&ouml;b\u0259sind\u0259 m&ouml;vcud v\u0259zif\u0259l\u0259rin y&uuml;ks\u0259k n\u0259z\u0259ri bilik v\u0259 pe\u015f\u0259 haz\u0131rl\u0131\u011f\u0131 il\u0259 f\u0259rql\u0259n\u0259n t\u0259cr&uuml;b\u0259li prokurorluq i\u015f&ccedil;il\u0259ri hesab\u0131na komplektl\u0259\u015fdirilm\u0259si &uuml;&ccedil;&uuml;n m&uuml;sabiq\u0259 ke&ccedil;irilib. H\u0259min \u015f&ouml;b\u0259nin yeni t\u0259rkibd\u0259 formala\u015fd\u0131r\u0131lmas\u0131 m\u0259qs\u0259dil\u0259 2 b&ouml;y&uuml;k prokuror v\u0259 23 prokuror v\u0259zif\u0259sin\u0259 t\u0259yinatlar apar\u0131l\u0131b.<\/p>\n<p>Diqq\u0259t\u0259 &ccedil;atd\u0131r\u0131l\u0131b ki, Ba\u015f Prokurorluqda F\u0259rman\u0131n icras\u0131 istiqam\u0259tind\u0259 g&ouml;r&uuml;l\u0259n i\u015fl\u0259rin davam\u0131 kimi, d&ouml;vl\u0259t ittiham\u0131n\u0131n daha effektiv h\u0259yata ke&ccedil;irilm\u0259si, vahid istintaq-m\u0259hk\u0259m\u0259 t\u0259cr&uuml;b\u0259sinin formala\u015fd\u0131r\u0131lmas\u0131, ibtidai istintaqa prosessual n\u0259zar\u0259ti h\u0259yata ke&ccedil;ir\u0259n prokurorlarla d&ouml;vl\u0259t ittiham\u0131n\u0131n m&uuml;dafi\u0259sini h\u0259yata ke&ccedil;ir\u0259n prokurorlar aras\u0131nda qar\u015f\u0131l\u0131ql\u0131 \u0259laq\u0259l\u0259rin s\u0259m\u0259r\u0259li t\u0259\u015fkil edilm\u0259si m\u0259qs\u0259dil\u0259 &ldquo;Elektron D&ouml;vl\u0259t \u0130ttiham\u0131&rdquo; proqram\u0131 haz\u0131rlanaraq istifad\u0259y\u0259 verilib.<\/p>\n<p>Ba\u015f prokuror bildirib ki, 2002-ci ild\u0259n t\u0259tbiqin\u0259 ba\u015flan\u0131lan v\u0259 &ouml;lk\u0259mizd\u0259 realla\u015fd\u0131r\u0131lan d&ouml;vl\u0259t g\u0259ncl\u0259r siyas\u0259ti &ccedil;\u0259r&ccedil;iv\u0259sind\u0259 daha da geni\u015f v&uuml;s\u0259t alan prokurorluq orqanlar\u0131na d&ouml;vl\u0259t orqanlar\u0131n\u0131n, QHT-l\u0259rin, beyn\u0259lxalq qurumlar\u0131n v\u0259 K\u0130V-l\u0259rin n&uuml;may\u0259nd\u0259l\u0259rinin i\u015ftirak\u0131 il\u0259 a\u015fkarl\u0131q \u015f\u0259raitind\u0259, m&uuml;sabiq\u0259 yolu il\u0259 qullu\u011fa q\u0259bulun h\u0259yata ke&ccedil;irilm\u0259si n\u0259tic\u0259sind\u0259 indiy\u0259d\u0259k 19 m&uuml;sabiq\u0259 t\u0259\u015fkil olunub. H\u0259min m&uuml;sabiq\u0259l\u0259r \u0259sas\u0131nda i\u015f\u0259 q\u0259bul edilmi\u015f g\u0259nc m&uuml;t\u0259x\u0259ssisl\u0259r t\u0259yinat ald\u0131qlar\u0131 m&uuml;xt\u0259lif v\u0259zif\u0259l\u0259rd\u0259 s\u0259m\u0259r\u0259li f\u0259aliyy\u0259t g&ouml;st\u0259rirl\u0259r. Xidm\u0259td\u0259 f\u0259rql\u0259ndikl\u0259rin\u0259 v\u0259 v\u0259zif\u0259 borclar\u0131n\u0131 n&uuml;mun\u0259vi icra etdikl\u0259rin\u0259 g&ouml;r\u0259 m&uuml;sabiq\u0259 yolu il\u0259 qullu\u011fa q\u0259bul edilmi\u015f 873 g\u0259nc h&uuml;quq\u015f&uuml;nas\u0131n bir &ccedil;oxu prokurorlu\u011fun m&uuml;xt\u0259lif struktur qurumlar\u0131nda m\u0259sul v\u0259zif\u0259l\u0259r\u0259 ir\u0259li &ccedil;\u0259kilibl\u0259r. H\u0259m&ccedil;inin cari il fevral\u0131n 18-d\u0259 prokurorluq orqanlar\u0131na i\u015f\u0259 q\u0259bul olunmaq &uuml;&ccedil;&uuml;n 80 vakant \u015ftat vahidi &uuml;zr\u0259 elan edilmi\u015f 20-ci m&uuml;sabiq\u0259nin sonuncu m\u0259rh\u0259l\u0259si ba\u015fa &ccedil;atd\u0131qdan sonra vakant \u015ftat vahidl\u0259rinin tam komplektl\u0259\u015fdirilm\u0259si hesab\u0131na prokurorlu\u011fun kadr korpusunun 70 faizd\u0259n &ccedil;oxunu g\u0259nc m&uuml;t\u0259x\u0259ssisl\u0259r t\u0259\u015fkil ed\u0259c\u0259k.<\/p>\n<p>Az\u0259rbaycan Respublikas\u0131 Prokurorlu\u011fu sistemind\u0259 informasiya-kommunikasiya sisteminin, &ldquo;Elektron h&ouml;kum\u0259t&rdquo; layih\u0259si &ccedil;\u0259r&ccedil;iv\u0259sind\u0259 prokurorluq orqanlar\u0131nda &ldquo;Elektron s\u0259n\u0259d d&ouml;vriyy\u0259si&rdquo; v\u0259 &ldquo;Elektron cinay\u0259t&rdquo; proqramlar\u0131n\u0131n yarad\u0131lmas\u0131 istiqam\u0259tind\u0259 h\u0259yata ke&ccedil;iril\u0259n t\u0259dbirl\u0259rin \u0259h\u0259miyy\u0259tini x&uuml;susi qeyd ed\u0259n Ba\u015f prokuror d&ouml;vl\u0259timizin ba\u015f&ccedil;\u0131s\u0131n\u0131n m&uuml;vafiq g&ouml;st\u0259ri\u015f v\u0259 t&ouml;vsiy\u0259l\u0259r\u0259 uy\u011fun olaraq, Ba\u015f Prokurorlu\u011fun &ldquo;Elektron Cinay\u0259t&rdquo; proqram\u0131n\u0131n \u018fdliyy\u0259 Nazirliyinin &ldquo;Elektron M\u0259hk\u0259m\u0259&rdquo; informasiya sistemin\u0259 inteqrasiya olunmas\u0131 prosesin\u0259 ba\u015flan\u0131ld\u0131\u011f\u0131n\u0131, bu istiqam\u0259td\u0259 z\u0259ruri i\u015fl\u0259rin g&ouml;r&uuml;ld&uuml;y&uuml;n&uuml; bildirib.<\/p>\n<p>Qeyd olunub ki, m&uuml;raci\u0259tl\u0259r\u0259 bax\u0131lmas\u0131 v\u0259 v\u0259t\u0259nda\u015flar\u0131n q\u0259bulu i\u015finin s\u0259m\u0259r\u0259liliyinin art\u0131r\u0131lmas\u0131 istiqam\u0259tind\u0259 Ba\u015f Prokurorluqda v\u0259 b&uuml;t&uuml;n tabe prokurorluqlarda elektron m&uuml;raci\u0259tl\u0259rin q\u0259bulu v\u0259 bax\u0131lmas\u0131 &uuml;&ccedil;&uuml;n laz\u0131mi imkanlar t\u0259min olunub. V\u0259t\u0259nda\u015f m&uuml;raci\u0259tl\u0259rin\u0259 bax\u0131lmas\u0131 sah\u0259sind\u0259 yeni informasiya texnologiyalar\u0131n\u0131n t\u0259tbiqi, &ldquo;Qaynar x\u0259tt&rdquo; \u0259laq\u0259 m\u0259rk\u0259zi v\u0259 Az\u0259rbaycan Prokurorlu\u011funun veb-sayt\u0131 vasit\u0259sil\u0259 Ba\u015f Prokurorlu\u011fun r\u0259hb\u0259rliyin\u0259 birba\u015fa m&uuml;raci\u0259t etm\u0259k imkan\u0131n\u0131n yarad\u0131lmas\u0131 kimi islahat t\u0259dbirl\u0259ri m&uuml;sb\u0259t n\u0259tic\u0259 verib. Prokurorluq orqanlar\u0131nda v\u0259t\u0259nda\u015f m&uuml;raci\u0259tl\u0259rinin q\u0259bulu &uuml;zr\u0259 f\u0259aliyy\u0259tin daha da t\u0259kmill\u0259\u015fdirilm\u0259si, v\u0259t\u0259nda\u015f m\u0259mnunlu\u011funun t\u0259mini, daxil olmu\u015f \u0259riz\u0259 v\u0259 \u015fikay\u0259tl\u0259r\u0259 vaxt\u0131nda v\u0259 d&uuml;zg&uuml;n bax\u0131lmas\u0131, m&uuml;raci\u0259t etmi\u015f v\u0259t\u0259nda\u015flara h&uuml;quqlar\u0131n\u0131n h\u0259rt\u0259r\u0259fli v\u0259 tam izah edilm\u0259si, bu istiqam\u0259td\u0259 t\u0259xir\u0259sal\u0131nmaz t\u0259dbirl\u0259rin g&ouml;r&uuml;lm\u0259si m\u0259qs\u0259dil\u0259 Ba\u015f prokurorun imzalad\u0131\u011f\u0131 \u0259mr\u0259 \u0259sas\u0259n, Ba\u015f Prokurorluqda yarad\u0131lm\u0131\u015f &ldquo;961&rdquo; n&ouml;mr\u0259li &Ccedil;a\u011fr\u0131 M\u0259rk\u0259zi oktyabr\u0131n 2-d\u0259n f\u0259aliyy\u0259t\u0259 ba\u015flayacaq.<\/p>\n<p>&Ouml;t\u0259n il Az\u0259rbaycan Prokurorlu\u011funun h\u0259yat\u0131nda ba\u015f vermi\u015f \u0259n \u0259lam\u0259tdar hadis\u0259l\u0259rd\u0259n birinin d\u0259 milli prokurorluq orqanlar\u0131n\u0131n yaranmas\u0131n\u0131n 100 illik yubileyinin t\u0259nt\u0259n\u0259li sur\u0259td\u0259 qeyd edilm\u0259si oldu\u011funu vur\u011fulayan Zakir Qaralov yubiley \u0259r\u0259f\u0259sind\u0259 d&ouml;vl\u0259timizin ba\u015f&ccedil;\u0131s\u0131n\u0131n S\u0259r\u0259ncam\u0131 il\u0259 43 prokurorluq \u0259m\u0259kda\u015f\u0131n\u0131n y&uuml;ks\u0259k d&ouml;vl\u0259t m&uuml;kafatlar\u0131 il\u0259 t\u0259ltif edilm\u0259sinin b&ouml;y&uuml;k sevincl\u0259 qar\u015f\u0131land\u0131\u011f\u0131n\u0131 bildirib. D&ouml;vl\u0259timizin ba\u015f&ccedil;\u0131s\u0131n\u0131n g&ouml;st\u0259ri\u015fi il\u0259 &ouml;t\u0259n il prokurorlu\u011fun 100 illiyi \u0259r\u0259f\u0259sind\u0259 G\u0259nc\u0259 v\u0259 Sumqay\u0131t \u015f\u0259h\u0259rl\u0259rind\u0259, bu il is\u0259 L\u0259nk\u0259ran, Salyan v\u0259 Bak\u0131 \u015f\u0259h\u0259ri S\u0259bail rayon prokurorluqlar\u0131n\u0131n m&uuml;asir &uuml;slubda tikilmi\u015f yeni inzibati binalar\u0131n\u0131n a&ccedil;\u0131l\u0131\u015f\u0131 olub.<\/p>\n<p>Vur\u011fulan\u0131b ki, Respublika Prokurorlu\u011funun &ouml;t\u0259n m&uuml;dd\u0259td\u0259 daxili i\u015fl\u0259r, \u0259dliyy\u0259, d&ouml;vl\u0259t t\u0259hl&uuml;k\u0259sizlik v\u0259 dig\u0259r h&uuml;quq-m&uuml;hafiz\u0259 orqanlar\u0131 il\u0259 \u0259laq\u0259li birg\u0259 f\u0259aliyy\u0259tinin n\u0259tic\u0259sind\u0259 cinay\u0259tkarl\u0131\u011f\u0131n dinamikas\u0131nda v\u0259 strukturunda m&uuml;\u015fahid\u0259 olunan m&uuml;sb\u0259t tendensiya cari ild\u0259 d\u0259 davam edib. &Ouml;lk\u0259mizd\u0259 dayan\u0131ql\u0131 ictimai-siyasi sabitliyin qorunmas\u0131, d&ouml;vl\u0259t maraqlar\u0131n\u0131n m&uuml;dafi\u0259si v\u0259 cinay\u0259tkarl\u0131\u011fa qar\u015f\u0131 k\u0259s\u0259rli m&uuml;bariz\u0259nin t\u0259\u015fkili, \u0259n \u0259sas\u0131 is\u0259 insan h&uuml;quq v\u0259 azadl\u0131qlar\u0131n\u0131n etibarl\u0131 m&uuml;dafi\u0259si istiqam\u0259tind\u0259 z\u0259ruri t\u0259dbirl\u0259r g&ouml;r&uuml;l&uuml;b, kriminogen sabitliy\u0259 nail olunub, m\u0259nfi t\u0259zah&uuml;rl\u0259rin qar\u015f\u0131s\u0131 al\u0131n\u0131b. M\u0259qs\u0259dy&ouml;nl&uuml; t\u0259dbirl\u0259r n\u0259tic\u0259sind\u0259 Az\u0259rbaycan MDB v\u0259 \u015e\u0259rqi Avropa m\u0259kan\u0131nda \u0259n t\u0259hl&uuml;k\u0259siz v\u0259 sabit &ouml;lk\u0259l\u0259rd\u0259n biri olaraq qal\u0131r.<\/p>\n<p>M\u0259ruz\u0259d\u0259 qeyd edilib ki, prokurorluq orqanlar\u0131 t\u0259r\u0259find\u0259n bir &ccedil;ox a\u011f\u0131r, m&uuml;r\u0259kk\u0259b v\u0259 &ccedil;oxepizodlu, b&ouml;y&uuml;k ictimai rezonansa s\u0259b\u0259b olan cinay\u0259t i\u015fl\u0259rinin ibtidai ara\u015fd\u0131r\u0131lmas\u0131 m&uuml;v\u0259ff\u0259qiyy\u0259tl\u0259 apar\u0131l\u0131b. Onlardan b\u0259zil\u0259ri &uuml;zr\u0259 istintaq tamamlanaraq bax\u0131lmas\u0131 &uuml;&ccedil;&uuml;n m&uuml;vafiq m\u0259hk\u0259m\u0259l\u0259r\u0259 g&ouml;nd\u0259rilib.<\/p>\n<p>X&uuml;susi vur\u011fulan\u0131b ki, korrupsiyaya qar\u015f\u0131 s\u0259m\u0259r\u0259li v\u0259 bar\u0131\u015fmaz m&uuml;bariz\u0259 Prezident c\u0259nab \u0130lham \u018fliyev t\u0259r\u0259find\u0259n h\u0259yata ke&ccedil;iril\u0259n d&ouml;vl\u0259t siyas\u0259tinin \u0259sas istiqam\u0259tini t\u0259\u015fkil etdiyind\u0259n bu sosial b\u0259laya qar\u015f\u0131 m&uuml;bariz\u0259 t\u0259dbirl\u0259rinin g&ouml;r&uuml;lm\u0259si, ard\u0131c\u0131l islahatlar\u0131n apar\u0131lmas\u0131, o c&uuml;ml\u0259d\u0259n bu q\u0259bild\u0259n olan cinay\u0259tl\u0259rin qar\u015f\u0131s\u0131n\u0131n al\u0131nmas\u0131, onlar\u0131 t&ouml;r\u0259tmi\u015f \u015f\u0259xsl\u0259r\u0259 m&uuml;nasib\u0259td\u0259 ciddi t\u0259dbirl\u0259rin h\u0259yata ke&ccedil;irilm\u0259si m\u0259s\u0259l\u0259l\u0259rin\u0259 x&uuml;susi diqq\u0259t yetirilir.<\/p>\n<p>Son zamanlar &ouml;lk\u0259 daxilind\u0259 olan antimilli q&uuml;vv\u0259l\u0259rin v\u0259 radikal m&uuml;xalif\u0259t partiyalar\u0131n\u0131n k&ouml;m\u0259yi il\u0259 guya &ouml;lk\u0259d\u0259 &ldquo;siyasi t\u0259qibl\u0259r\u0259&rdquo; m\u0259ruz qald\u0131qlar\u0131 g&ouml;r&uuml;nt&uuml;s&uuml; yaratmaqla Az\u0259rbaycan\u0131 t\u0259rk ed\u0259r\u0259k xarici &ouml;lk\u0259l\u0259rd\u0259 &ouml;zl\u0259rin\u0259 bir vasit\u0259 il\u0259 s\u0131\u011f\u0131nacaq tapm\u0131\u015f v\u0259 erm\u0259nip\u0259r\u0259st xarici dair\u0259l\u0259rin dikt\u0259si il\u0259 h\u0259r\u0259k\u0259t ed\u0259n, milli-m\u0259n\u0259vi d\u0259y\u0259rl\u0259rd\u0259n uzaq b\u0259zi \u015f\u0259xsl\u0259r t\u0259r\u0259find\u0259n sosial \u015f\u0259b\u0259k\u0259l\u0259rd\u0259 s\u0259sl\u0259ndiril\u0259n ekstremist &ccedil;a\u011f\u0131r\u0131\u015flar\u0131n, t\u0259hqir v\u0259 b&ouml;htanlar\u0131n qar\u015f\u0131s\u0131n\u0131n al\u0131nmas\u0131 &uuml;&ccedil;&uuml;n k\u0259s\u0259rli t\u0259dbirl\u0259r h\u0259yata ke&ccedil;irilir. Bu g&uuml;n Prezident c\u0259nab \u0130lham \u018fliyevin r\u0259hb\u0259rliyi il\u0259 h\u0259yata ke&ccedil;iril\u0259n islahatlar n\u0259tic\u0259sind\u0259 xalq\u0131m\u0131z\u0131n rifah hal\u0131n\u0131n g&uuml;nd\u0259n-g&uuml;n\u0259 yax\u015f\u0131la\u015fmas\u0131 v\u0259 xalq-iqtidar birliyinin sars\u0131lmazl\u0131\u011f\u0131ndan narahat olan, xaric\u0259 sat\u0131lm\u0131\u015f antimilli m&uuml;xalif\u0259t d&uuml;\u015f\u0259rg\u0259sinin t\u0259msil&ccedil;il\u0259rinin &ouml;lk\u0259mizd\u0259 ictimai-siyasi sabitliyi v\u0259 \u0259min-amanl\u0131\u011f\u0131 pozma\u011fa y&ouml;n\u0259l\u0259n c\u0259hdl\u0259rinin qar\u015f\u0131s\u0131 bundan sonra da xalq\u0131m\u0131z v\u0259 d&ouml;vl\u0259timiz t\u0259r\u0259find\u0259n q\u0259tiyy\u0259tl\u0259 al\u0131nacaq.<\/p>\n<p>Ba\u015f prokuror &ccedil;\u0131x\u0131\u015f\u0131n\u0131n sonunda \u0259minlikl\u0259 bildirib ki, prokurorluq orqanlar\u0131n\u0131n \u0259m\u0259kda\u015flar\u0131 g&ouml;st\u0259ril\u0259n y&uuml;ks\u0259k etimad\u0131 do\u011frultmaq &uuml;&ccedil;&uuml;n b&uuml;t&uuml;n s\u0259yl\u0259rini s\u0259f\u0259rb\u0259r ed\u0259c\u0259k, bundan sonra da &ouml;z v\u0259zif\u0259l\u0259rin\u0259 m\u0259suliyy\u0259tl\u0259 yana\u015faraq, ictimai asayi\u015fin t\u0259min olunmas\u0131nda v\u0259 c\u0259miyy\u0259tin cinay\u0259tkar q\u0259sdl\u0259rd\u0259n qorunmas\u0131nda respublikan\u0131n dig\u0259r h&uuml;quq-m&uuml;hafiz\u0259 orqanlar\u0131 il\u0259 \u0259laq\u0259li \u015f\u0259kild\u0259 yax\u0131ndan i\u015ftirak ed\u0259c\u0259k, &ouml;lk\u0259mizd\u0259 sabitliyi pozmaq ist\u0259y\u0259n q&uuml;vv\u0259l\u0259r\u0259 qar\u015f\u0131 bar\u0131\u015fmaz m&ouml;vqe n&uuml;mayi\u015f etdir\u0259c\u0259k.<\/p>\n<p>Sonra xidm\u0259td\u0259 f\u0259rql\u0259ndikl\u0259rin\u0259 g&ouml;r\u0259 m&uuml;kafatland\u0131r\u0131lm\u0131\u015f prokurorluq \u0259m\u0259kda\u015flar\u0131n\u0131n bir qismin\u0259 Ba\u015f prokuror t\u0259r\u0259find\u0259n &ldquo;F\u0259xri F\u0259rman&rdquo;lar v\u0259 dig\u0259r t\u0259ltifl\u0259r t\u0259qdim olunub.<\/p>\n<p>T\u0259dbirin yekununda Az\u0259rbaycan Respublikas\u0131 Prokurorlu\u011funun kollektivi ad\u0131ndan Prezident c\u0259nab \u0130lham \u018fliyev\u0259 m&uuml;raci\u0259t q\u0259bul edilib.<\/p>\n","protected":false},"excerpt":{"rendered":"<p>Az\u0259rbaycan Prokurorlu\u011funun kollektivi m&uuml;asir m&uuml;st\u0259qil d&ouml;vl\u0259timizin memar\u0131 v\u0259 qurucusu, &uuml;mummilli lider Heyd\u0259r \u018fliyevin S\u0259r\u0259ncam\u0131na \u0259sas\u0259n, 1998-ci ild\u0259n etibar\u0259n h\u0259r il oktyabr\u0131n 1-d\u0259 pe\u015f\u0259 bayram\u0131n\u0131 geni\u015f qeyd edir. Builki bayram milli&hellip;<\/p>\n","protected":false},"author":1,"featured_media":251278,"comment_status":"open","ping_status":"open","sticky":false,"template":"","format":"standard","meta":{"_lmt_disableupdate":"","_lmt_disable":"","footnotes":""},"categories":[],"tags":[],"class_list":["post-85680","post","type-post","status-publish","format-standard","has-post-thumbnail","hentry"],"_links":{"self":[{"href":"https:\/\/ucnoqta.az\/index.php?rest_route=\/wp\/v2\/posts\/85680","targetHints":{"allow":["GET"]}}],"collection":[{"href":"https:\/\/ucnoqta.az\/index.php?rest_route=\/wp\/v2\/posts"}],"about":[{"href":"https:\/\/ucnoqta.az\/index.php?rest_route=\/wp\/v2\/types\/post"}],"author":[{"embeddable":true,"href":"https:\/\/ucnoqta.az\/index.php?rest_route=\/wp\/v2\/users\/1"}],"replies":[{"embeddable":true,"href":"https:\/\/ucnoqta.az\/index.php?rest_route=%2Fwp%2Fv2%2Fcomments&post=85680"}],"version-history":[{"count":0,"href":"https:\/\/ucnoqta.az\/index.php?rest_route=\/wp\/v2\/posts\/85680\/revisions"}],"wp:featuredmedia":[{"embeddable":true,"href":"https:\/\/ucnoqta.az\/index.php?rest_route=\/wp\/v2\/media\/251278"}],"wp:attachment":[{"href":"https:\/\/ucnoqta.az\/index.php?rest_route=%2Fwp%2Fv2%2Fmedia&parent=85680"}],"wp:term":[{"taxonomy":"category","embeddable":true,"href":"https:\/\/ucnoqta.az\/index.php?rest_route=%2Fwp%2Fv2%2Fcategories&post=85680"},{"taxonomy":"post_tag","embeddable":true,"href":"https:\/\/ucnoqta.az\/index.php?rest_route=%2Fwp%2Fv2%2Ftags&post=85680"}],"curies":[{"name":"wp","href":"https:\/\/api.w.org\/{rel}","templated":true}]}}