{"id":85677,"date":"2019-10-01T17:56:19","date_gmt":"2019-10-01T13:56:19","guid":{"rendered":""},"modified":"-0001-11-30T00:00:00","modified_gmt":"-0001-11-29T20:00:00","slug":"","status":"publish","type":"post","link":"https:\/\/ucnoqta.az\/?p=85677","title":{"rendered":"Rusiyada ke\u00e7iril\u0259n festivalda \u201cG\u00f6y\u00e7\u0259k Fatma\u201d tama\u015fas\u0131 diplomla t\u0259ltif olunub"},"content":{"rendered":"<p><strong>Bak\u0131 U\u015faq Teatr\u0131 Rusiya federasiyas\u0131n\u0131n Kalm\u0131kiya Respublikas\u0131nda ke&ccedil;iril\u0259n II Beyn\u0259lxalq &ldquo;Keeda&rdquo; U\u015faq v\u0259 Yeniyetm\u0259l\u0259r &uuml;&ccedil;&uuml;n tama\u015falar festival\u0131nda u\u011furla i\u015ftirak edib geri d&ouml;n&uuml;b. <\/strong><\/p>\n<p>Ucnoqta.az x\u0259b\u0259r verir ki,&nbsp;\u018fm\u0259kdar artisti \u0130ntiqam Soltan\u0131n qurulu\u015funda Az\u0259rbaycan xalq na\u011f\u0131l\u0131 \u0259sas\u0131nda haz\u0131rlad\u0131\u011f\u0131 &ldquo;G&ouml;y&ccedil;\u0259k Fatma&rdquo; tama\u015fas\u0131nda rollar\u0131 aktyorlar \u0130lham\u0259 \u018fhm\u0259dova, Niyaz \u0130lyaso\u011flu, Sovqat S\u0259m\u0259dova, K&ouml;n&uuml;l \u015eahbazova, N\u0259rmin\u0259 M\u0259h\u0259rr\u0259mova, Niyaz Novruzov, Qurban \u018fhm\u0259dov, Nicat \u018fhm\u0259dov ifa edir.<\/p>\n<p>Festivalda n&uuml;mayi\u015f olunmu\u015f &ldquo;G&ouml;y&ccedil;\u0259k Fatma&rdquo; tama\u015fas\u0131 diplomla t\u0259ltif olunub v\u0259 Bak\u0131 U\u015faq Teatr\u0131na Kalm\u0131kiya H&ouml;k&uuml;m\u0259ti t\u0259r\u0259find\u0259n t\u0259\u015f\u0259kk&uuml;r m\u0259ktubu &uuml;nvanlan\u0131b. U\u011furlu &ccedil;\u0131x\u0131\u015f\u0131n n\u0259tic\u0259si olaraq teatr festival i\u015ftirak&ccedil;\u0131s\u0131 olan bir ne&ccedil;\u0259 &ouml;lk\u0259 t\u0259r\u0259find\u0259n d\u0259v\u0259t al\u0131b.<\/p>\n","protected":false},"excerpt":{"rendered":"<p>Bak\u0131 U\u015faq Teatr\u0131 Rusiya federasiyas\u0131n\u0131n Kalm\u0131kiya Respublikas\u0131nda ke&ccedil;iril\u0259n II Beyn\u0259lxalq &ldquo;Keeda&rdquo; U\u015faq v\u0259 Yeniyetm\u0259l\u0259r &uuml;&ccedil;&uuml;n tama\u015falar festival\u0131nda u\u011furla i\u015ftirak edib geri d&ouml;n&uuml;b. Ucnoqta.az x\u0259b\u0259r verir ki,&nbsp;\u018fm\u0259kdar artisti \u0130ntiqam Soltan\u0131n qurulu\u015funda&hellip;<\/p>\n","protected":false},"author":1,"featured_media":251278,"comment_status":"open","ping_status":"open","sticky":false,"template":"","format":"standard","meta":{"_lmt_disableupdate":"","_lmt_disable":"","footnotes":""},"categories":[102],"tags":[],"class_list":["post-85677","post","type-post","status-publish","format-standard","has-post-thumbnail","hentry","category-medeniyyet-butun-xeberler"],"_links":{"self":[{"href":"https:\/\/ucnoqta.az\/index.php?rest_route=\/wp\/v2\/posts\/85677","targetHints":{"allow":["GET"]}}],"collection":[{"href":"https:\/\/ucnoqta.az\/index.php?rest_route=\/wp\/v2\/posts"}],"about":[{"href":"https:\/\/ucnoqta.az\/index.php?rest_route=\/wp\/v2\/types\/post"}],"author":[{"embeddable":true,"href":"https:\/\/ucnoqta.az\/index.php?rest_route=\/wp\/v2\/users\/1"}],"replies":[{"embeddable":true,"href":"https:\/\/ucnoqta.az\/index.php?rest_route=%2Fwp%2Fv2%2Fcomments&post=85677"}],"version-history":[{"count":0,"href":"https:\/\/ucnoqta.az\/index.php?rest_route=\/wp\/v2\/posts\/85677\/revisions"}],"wp:featuredmedia":[{"embeddable":true,"href":"https:\/\/ucnoqta.az\/index.php?rest_route=\/wp\/v2\/media\/251278"}],"wp:attachment":[{"href":"https:\/\/ucnoqta.az\/index.php?rest_route=%2Fwp%2Fv2%2Fmedia&parent=85677"}],"wp:term":[{"taxonomy":"category","embeddable":true,"href":"https:\/\/ucnoqta.az\/index.php?rest_route=%2Fwp%2Fv2%2Fcategories&post=85677"},{"taxonomy":"post_tag","embeddable":true,"href":"https:\/\/ucnoqta.az\/index.php?rest_route=%2Fwp%2Fv2%2Ftags&post=85677"}],"curies":[{"name":"wp","href":"https:\/\/api.w.org\/{rel}","templated":true}]}}