{"id":85672,"date":"2019-10-01T17:00:02","date_gmt":"2019-10-01T13:00:02","guid":{"rendered":""},"modified":"-0001-11-30T00:00:00","modified_gmt":"-0001-11-29T20:00:00","slug":"","status":"publish","type":"post","link":"https:\/\/ucnoqta.az\/?p=85672","title":{"rendered":"T\u00fcrkiy\u0259 prezidenti:<font color=red><b> &#8220;Az\u0259rbaycandan Qazax\u0131stanad\u0259k co\u011frafiyada ba\u015f ver\u0259nl\u0259r bizi maraqland\u0131r\u0131r&#8221;<\/b><\/font>"},"content":{"rendered":"<p><strong>&quot;Az\u0259rbaycandan Qazax\u0131stanad\u0259k co\u011frafiyada ba\u015f ver\u0259nl\u0259r bizi maraqland\u0131r\u0131r&quot;.<\/strong><\/p>\n<p>Bunu T&uuml;rkiy\u0259nin prezidenti R\u0259c\u0259b Tayyib \u018frdo\u011fan T&uuml;rkiy\u0259 B&ouml;y&uuml;k Mill\u0259t M\u0259clisinin (TBMM) 27-ci &ccedil;a\u011f\u0131r\u0131\u015f 3-c&uuml; qanunverici ilin a&ccedil;\u0131l\u015f\u0131 m\u0259rasimind\u0259 &ccedil;\u0131x\u0131\u015f\u0131 zaman\u0131&nbsp;deyib.<\/p>\n<p>O bildirib ki,&nbsp;T&uuml;rkiy\u0259 yeni \u015f\u0259rait\u0259 uy\u011fun h\u0259r\u0259k\u0259t etm\u0259kd\u0259 q\u0259rarl\u0131d\u0131r: &quot;Co\u011frafiyalar\u0131 &ccedil;\u0259k\u0259n mill\u0259timizin insanl\u0131\u011fa v\u0259 d&uuml;nyaya s&ouml;yl\u0259y\u0259c\u0259yi s&ouml;z bitm\u0259yib. T&uuml;rkiy\u0259 bu g&uuml;n art\u0131q sad\u0259c\u0259 bir &ouml;lk\u0259nin ad\u0131 deyil, &ouml;z s\u0259rh\u0259dl\u0259rini a\u015fan bir &uuml;midin, insanl\u0131q davas\u0131n\u0131n ad\u0131d\u0131r&rdquo;.<\/p>\n<p>R.T.\u018frdo\u011fan Suriyada t\u0259hl&uuml;k\u0259siz b&ouml;lg\u0259nin yarad\u0131lmas\u0131, suriyal\u0131 qa&ccedil;q\u0131nlar\u0131n h\u0259min \u0259razid\u0259 yerl\u0259\u015fm\u0259si v\u0259&nbsp;&ldquo;S-400&rdquo; zenit-raket kompleksi il\u0259 ba\u011fl\u0131 T&uuml;rkiy\u0259nin m&ouml;vqeyini d\u0259 a&ccedil;\u0131qlay\u0131b. \/report<\/p>\n<p>&nbsp;<\/p>\n","protected":false},"excerpt":{"rendered":"<p>&quot;Az\u0259rbaycandan Qazax\u0131stanad\u0259k co\u011frafiyada ba\u015f ver\u0259nl\u0259r bizi maraqland\u0131r\u0131r&quot;. Bunu T&uuml;rkiy\u0259nin prezidenti R\u0259c\u0259b Tayyib \u018frdo\u011fan T&uuml;rkiy\u0259 B&ouml;y&uuml;k Mill\u0259t M\u0259clisinin (TBMM) 27-ci &ccedil;a\u011f\u0131r\u0131\u015f 3-c&uuml; qanunverici ilin a&ccedil;\u0131l\u015f\u0131 m\u0259rasimind\u0259 &ccedil;\u0131x\u0131\u015f\u0131 zaman\u0131&nbsp;deyib. O bildirib ki,&nbsp;T&uuml;rkiy\u0259&hellip;<\/p>\n","protected":false},"author":1,"featured_media":251278,"comment_status":"open","ping_status":"open","sticky":false,"template":"","format":"standard","meta":{"_lmt_disableupdate":"","_lmt_disable":"","footnotes":""},"categories":[],"tags":[],"class_list":["post-85672","post","type-post","status-publish","format-standard","has-post-thumbnail","hentry"],"_links":{"self":[{"href":"https:\/\/ucnoqta.az\/index.php?rest_route=\/wp\/v2\/posts\/85672","targetHints":{"allow":["GET"]}}],"collection":[{"href":"https:\/\/ucnoqta.az\/index.php?rest_route=\/wp\/v2\/posts"}],"about":[{"href":"https:\/\/ucnoqta.az\/index.php?rest_route=\/wp\/v2\/types\/post"}],"author":[{"embeddable":true,"href":"https:\/\/ucnoqta.az\/index.php?rest_route=\/wp\/v2\/users\/1"}],"replies":[{"embeddable":true,"href":"https:\/\/ucnoqta.az\/index.php?rest_route=%2Fwp%2Fv2%2Fcomments&post=85672"}],"version-history":[{"count":0,"href":"https:\/\/ucnoqta.az\/index.php?rest_route=\/wp\/v2\/posts\/85672\/revisions"}],"wp:featuredmedia":[{"embeddable":true,"href":"https:\/\/ucnoqta.az\/index.php?rest_route=\/wp\/v2\/media\/251278"}],"wp:attachment":[{"href":"https:\/\/ucnoqta.az\/index.php?rest_route=%2Fwp%2Fv2%2Fmedia&parent=85672"}],"wp:term":[{"taxonomy":"category","embeddable":true,"href":"https:\/\/ucnoqta.az\/index.php?rest_route=%2Fwp%2Fv2%2Fcategories&post=85672"},{"taxonomy":"post_tag","embeddable":true,"href":"https:\/\/ucnoqta.az\/index.php?rest_route=%2Fwp%2Fv2%2Ftags&post=85672"}],"curies":[{"name":"wp","href":"https:\/\/api.w.org\/{rel}","templated":true}]}}