{"id":85664,"date":"2019-10-01T15:44:58","date_gmt":"2019-10-01T11:44:58","guid":{"rendered":""},"modified":"-0001-11-30T00:00:00","modified_gmt":"-0001-11-29T20:00:00","slug":"","status":"publish","type":"post","link":"https:\/\/ucnoqta.az\/?p=85664","title":{"rendered":"T\u00fcrkiy\u0259li m\u00fc\u011f\u0259nni az\u0259rbaycanl\u0131 q\u0131z \u00fc\u00e7\u00fcn \u00e7a\u011f\u0131r\u0131\u015f etdi &#8211;<font color=red><b> FOTO<\/b><\/font>"},"content":{"rendered":"<p><strong>T&uuml;rkiy\u0259nin m\u0259\u015fhur pop ulduzu Haluk Levent Az\u0259rbaycan\u0131n aidiyy\u0259ti&nbsp;d&ouml;vl\u0259t qurumlar\u0131na m&uuml;raci\u0259t edib.<\/strong><\/p>\n<p>S\u0259n\u0259t&ccedil;i bu bar\u0259d\u0259 &ouml;z&uuml;n&uuml;n &ldquo;Tvitter&rdquo; s\u0259hif\u0259sind\u0259 m\u0259lumat payla\u015f\u0131b.<br \/>\nHaluk Levent sosial mediada x\u0259r&ccedil;\u0259ng x\u0259st\u0259liyind\u0259n \u0259ziyy\u0259t &ccedil;\u0259k\u0259n 22 ya\u015fl\u0131 Sura Nadirovaya k&ouml;m\u0259k m\u0259qs\u0259dil\u0259 kampaniya ba\u015flad\u0131b:<br \/>\n&ldquo;22 ya\u015fl\u0131 Sura Nadirova qan x\u0259r&ccedil;\u0259ngi x\u0259st\u0259liyind\u0259n \u0259ziyy\u0259t &ccedil;\u0259kir. O, T&uuml;rkiy\u0259 v\u0259t\u0259nda\u015f\u0131 olmad\u0131\u011f\u0131 &uuml;&ccedil;&uuml;n burada ya\u015fay\u0131\u015f icaz\u0259si yoxdur. Suran\u0131n sa\u011falmas\u0131 &uuml;&ccedil;&uuml;n 400 min TL-y\u0259 (120 min manat) ehtiyac\u0131 var.<br \/>\nAz\u0259rbaycan d&ouml;vl\u0259tinin s\u0259lahiyy\u0259tli \u015f\u0259xsl\u0259rin\u0259 s\u0259sl\u0259nir\u0259m. Bilir\u0259m ki, Bak\u0131da dinl\u0259yicil\u0259rim &ccedil;oxdur. T\u0259\u015fkil etsinl\u0259r, g\u0259lib Bak\u0131da konsert verim. Toplanan pul Sura &uuml;&ccedil;&uuml;n x\u0259rcl\u0259nsin&rdquo;, &#8211; dey\u0259 s\u0259n\u0259t&ccedil;i qeyd edib.\/oxu.az<\/p>\n<p>&nbsp;<\/p>\n","protected":false},"excerpt":{"rendered":"<p>T&uuml;rkiy\u0259nin m\u0259\u015fhur pop ulduzu Haluk Levent Az\u0259rbaycan\u0131n aidiyy\u0259ti&nbsp;d&ouml;vl\u0259t qurumlar\u0131na m&uuml;raci\u0259t edib. S\u0259n\u0259t&ccedil;i bu bar\u0259d\u0259 &ouml;z&uuml;n&uuml;n &ldquo;Tvitter&rdquo; s\u0259hif\u0259sind\u0259 m\u0259lumat payla\u015f\u0131b. Haluk Levent sosial mediada x\u0259r&ccedil;\u0259ng x\u0259st\u0259liyind\u0259n \u0259ziyy\u0259t &ccedil;\u0259k\u0259n 22 ya\u015fl\u0131 Sura&hellip;<\/p>\n","protected":false},"author":1,"featured_media":251278,"comment_status":"open","ping_status":"open","sticky":false,"template":"","format":"standard","meta":{"_lmt_disableupdate":"","_lmt_disable":"","footnotes":""},"categories":[],"tags":[],"class_list":["post-85664","post","type-post","status-publish","format-standard","has-post-thumbnail","hentry"],"_links":{"self":[{"href":"https:\/\/ucnoqta.az\/index.php?rest_route=\/wp\/v2\/posts\/85664","targetHints":{"allow":["GET"]}}],"collection":[{"href":"https:\/\/ucnoqta.az\/index.php?rest_route=\/wp\/v2\/posts"}],"about":[{"href":"https:\/\/ucnoqta.az\/index.php?rest_route=\/wp\/v2\/types\/post"}],"author":[{"embeddable":true,"href":"https:\/\/ucnoqta.az\/index.php?rest_route=\/wp\/v2\/users\/1"}],"replies":[{"embeddable":true,"href":"https:\/\/ucnoqta.az\/index.php?rest_route=%2Fwp%2Fv2%2Fcomments&post=85664"}],"version-history":[{"count":0,"href":"https:\/\/ucnoqta.az\/index.php?rest_route=\/wp\/v2\/posts\/85664\/revisions"}],"wp:featuredmedia":[{"embeddable":true,"href":"https:\/\/ucnoqta.az\/index.php?rest_route=\/wp\/v2\/media\/251278"}],"wp:attachment":[{"href":"https:\/\/ucnoqta.az\/index.php?rest_route=%2Fwp%2Fv2%2Fmedia&parent=85664"}],"wp:term":[{"taxonomy":"category","embeddable":true,"href":"https:\/\/ucnoqta.az\/index.php?rest_route=%2Fwp%2Fv2%2Fcategories&post=85664"},{"taxonomy":"post_tag","embeddable":true,"href":"https:\/\/ucnoqta.az\/index.php?rest_route=%2Fwp%2Fv2%2Ftags&post=85664"}],"curies":[{"name":"wp","href":"https:\/\/api.w.org\/{rel}","templated":true}]}}