{"id":85661,"date":"2019-10-01T15:05:47","date_gmt":"2019-10-01T11:05:47","guid":{"rendered":""},"modified":"-0001-11-30T00:00:00","modified_gmt":"-0001-11-29T20:00:00","slug":"","status":"publish","type":"post","link":"https:\/\/ucnoqta.az\/?p=85661","title":{"rendered":"Zakir H\u0259s\u0259nov \u201cY\u00fcks\u0259k s\u0259viyy\u0259li M\u00fc\u015fahid\u0259\u00e7i G\u00fcn\u00fc\u201dnd\u0259 i\u015ftirak etdi &#8211;<font color=red><b> FOTO<\/b><\/font>"},"content":{"rendered":"<p><strong>Az\u0259rbaycan\u0131n Respublikas\u0131n\u0131n M&uuml;dafi\u0259 naziri, general-polkovnik Zakir H\u0259s\u0259nov, nazirliyin r\u0259hb\u0259r hey\u0259ti, T&uuml;rkiy\u0259 Respublikas\u0131, G&uuml;rc&uuml;stan v\u0259 Pakistan \u0130slam Respublikas\u0131ndan olan y&uuml;ks\u0259k s\u0259viyy\u0259li qonaqlar Bak\u0131da ke&ccedil;iril\u0259n &ldquo;Qafqaz Qartal\u0131 &#8211; 2019&rdquo; birg\u0259 t\u0259liml\u0259ri &ccedil;\u0259r&ccedil;iv\u0259sind\u0259 t\u0259\u015fkil olunan &ldquo;Y&uuml;ks\u0259k s\u0259viyy\u0259li M&uuml;\u015fahid\u0259&ccedil;i G&uuml;n&uuml;&rdquo;nd\u0259 i\u015ftirak edibl\u0259r.<\/strong><\/p>\n<p>M&uuml;dafi\u0259 Nazirliyinin M\u0259tbuat xidm\u0259tind\u0259n&nbsp;veril\u0259n&nbsp;m\u0259lumata g&ouml;r\u0259, M&uuml;dafi\u0259 nazirin\u0259 maket &uuml;z\u0259rind\u0259 planla\u015fd\u0131r\u0131lan f\u0259aliyy\u0259tl\u0259r v\u0259 t\u0259liml\u0259rin gedi\u015fi bar\u0259d\u0259 m\u0259ruz\u0259 olunub.<br \/>\nSonra t\u0259limin d&ouml;y&uuml;\u015f at\u0131\u015fl\u0131 m\u0259rh\u0259l\u0259sind\u0259 aviasiya vasit\u0259l\u0259rinin d\u0259st\u0259yi il\u0259 \u0259razid\u0259 x&uuml;susi t\u0259yinatl\u0131 b&ouml;lm\u0259l\u0259r t\u0259r\u0259find\u0259n m&uuml;xt\u0259lif tap\u015f\u0131r\u0131qlar icra olunub.<\/p>\n<p>Birg\u0259 t\u0259limin yekunlar\u0131n\u0131 t\u0259hlil ed\u0259n M&uuml;dafi\u0259 naziri t\u0259liml\u0259rd\u0259 i\u015ftirak ed\u0259n h\u0259rbi qulluq&ccedil;ular\u0131n d&ouml;y&uuml;\u015f haz\u0131rl\u0131\u011f\u0131n\u0131 y&uuml;ks\u0259k qiym\u0259tl\u0259ndirib v\u0259 ke&ccedil;iril\u0259n t\u0259liml\u0259rin &ouml;lk\u0259l\u0259rimizin, o c&uuml;ml\u0259d\u0259n, strateji \u0259h\u0259miyy\u0259tli regional layih\u0259l\u0259rin t\u0259hl&uuml;k\u0259sizliyi bax\u0131m\u0131ndan vacibliyini qeyd edib.<\/p>\n<p>M&uuml;dafi\u0259 naziri bu t\u0259liml\u0259rin ordular\u0131m\u0131z\u0131n y&uuml;ks\u0259k d&ouml;y&uuml;\u015f qabiliyy\u0259tinin g&ouml;st\u0259ricisi oldu\u011funu vur\u011fulay\u0131b. Nazir t\u0259lim i\u015ftirak&ccedil;\u0131lar\u0131na g\u0259l\u0259c\u0259k f\u0259aliyy\u0259tl\u0259rind\u0259 u\u011furlar arzulayaraq, h\u0259r &uuml;&ccedil; &ouml;lk\u0259nin x&uuml;susi t\u0259yinatl\u0131lar\u0131n\u0131n t\u0259liml\u0259rinin y&uuml;ks\u0259k s\u0259viyy\u0259d\u0259 ke&ccedil;irilm\u0259sind\u0259n m\u0259mnunlu\u011funu ifad\u0259 edib.<\/p>\n<p>Sonda M&uuml;dafi\u0259 naziri t\u0259limd\u0259 t\u0259msil olunan &ouml;lk\u0259l\u0259rin n&uuml;may\u0259nd\u0259l\u0259rin\u0259 h\u0259diyy\u0259l\u0259r t\u0259qdim edib.\/oxu.az<\/p>\n<p>&nbsp;<\/p>\n","protected":false},"excerpt":{"rendered":"<p>Az\u0259rbaycan\u0131n Respublikas\u0131n\u0131n M&uuml;dafi\u0259 naziri, general-polkovnik Zakir H\u0259s\u0259nov, nazirliyin r\u0259hb\u0259r hey\u0259ti, T&uuml;rkiy\u0259 Respublikas\u0131, G&uuml;rc&uuml;stan v\u0259 Pakistan \u0130slam Respublikas\u0131ndan olan y&uuml;ks\u0259k s\u0259viyy\u0259li qonaqlar Bak\u0131da ke&ccedil;iril\u0259n &ldquo;Qafqaz Qartal\u0131 &#8211; 2019&rdquo; birg\u0259 t\u0259liml\u0259ri &ccedil;\u0259r&ccedil;iv\u0259sind\u0259&hellip;<\/p>\n","protected":false},"author":1,"featured_media":251278,"comment_status":"open","ping_status":"open","sticky":false,"template":"","format":"standard","meta":{"_lmt_disableupdate":"","_lmt_disable":"","footnotes":""},"categories":[],"tags":[],"class_list":["post-85661","post","type-post","status-publish","format-standard","has-post-thumbnail","hentry"],"_links":{"self":[{"href":"https:\/\/ucnoqta.az\/index.php?rest_route=\/wp\/v2\/posts\/85661","targetHints":{"allow":["GET"]}}],"collection":[{"href":"https:\/\/ucnoqta.az\/index.php?rest_route=\/wp\/v2\/posts"}],"about":[{"href":"https:\/\/ucnoqta.az\/index.php?rest_route=\/wp\/v2\/types\/post"}],"author":[{"embeddable":true,"href":"https:\/\/ucnoqta.az\/index.php?rest_route=\/wp\/v2\/users\/1"}],"replies":[{"embeddable":true,"href":"https:\/\/ucnoqta.az\/index.php?rest_route=%2Fwp%2Fv2%2Fcomments&post=85661"}],"version-history":[{"count":0,"href":"https:\/\/ucnoqta.az\/index.php?rest_route=\/wp\/v2\/posts\/85661\/revisions"}],"wp:featuredmedia":[{"embeddable":true,"href":"https:\/\/ucnoqta.az\/index.php?rest_route=\/wp\/v2\/media\/251278"}],"wp:attachment":[{"href":"https:\/\/ucnoqta.az\/index.php?rest_route=%2Fwp%2Fv2%2Fmedia&parent=85661"}],"wp:term":[{"taxonomy":"category","embeddable":true,"href":"https:\/\/ucnoqta.az\/index.php?rest_route=%2Fwp%2Fv2%2Fcategories&post=85661"},{"taxonomy":"post_tag","embeddable":true,"href":"https:\/\/ucnoqta.az\/index.php?rest_route=%2Fwp%2Fv2%2Ftags&post=85661"}],"curies":[{"name":"wp","href":"https:\/\/api.w.org\/{rel}","templated":true}]}}