{"id":85653,"date":"2019-10-01T13:56:53","date_gmt":"2019-10-01T09:56:53","guid":{"rendered":""},"modified":"-0001-11-30T00:00:00","modified_gmt":"-0001-11-29T20:00:00","slug":"","status":"publish","type":"post","link":"https:\/\/ucnoqta.az\/?p=85653","title":{"rendered":"Bak\u0131da daha bir park istifad\u0259y\u0259 verildi- <font color=red><b>Prezident v\u0259 xan\u0131m\u0131 a\u00e7\u0131l\u0131\u015fda-Foto<\/b><\/font>"},"content":{"rendered":"<p><strong>Oktyabr\u0131n 1-d\u0259 Bak\u0131n\u0131n N\u0259simi rayonunda 28 May, Dilar\u0259 \u018fliyeva v\u0259 Fikr\u0259t \u018fmirov k&uuml;&ccedil;\u0259l\u0259rinin k\u0259si\u015fm\u0259sind\u0259 yeni park istifad\u0259y\u0259 verilib.<\/strong><\/p>\n<p>Az\u0259rbaycan Respublikas\u0131n\u0131n Prezidenti \u0130lham \u018fliyev v\u0259 birinci xan\u0131m Mehriban \u018fliyeva parkda yarad\u0131lan \u015f\u0259raitl\u0259 tan\u0131\u015f olublar.<\/p>\n<p>D&ouml;vl\u0259timizin ba\u015f&ccedil;\u0131s\u0131n\u0131n tap\u015f\u0131r\u0131\u011f\u0131 il\u0259 sal\u0131nan yeni parkda sakinl\u0259rin v\u0259 turistl\u0259rin istirah\u0259ti &uuml;&ccedil;&uuml;n h\u0259rt\u0259r\u0259fli \u015f\u0259rait yarad\u0131l\u0131b. M&uuml;asir &uuml;slubda, orijinal dizaynda qurulan bu c&uuml;r istirah\u0259t m\u0259rk\u0259zl\u0259rinin istifad\u0259y\u0259 verilm\u0259si il\u0259 paytaxt\u0131n g\u0259zm\u0259li yerl\u0259rin\u0259 daha bir ne&ccedil;\u0259 &uuml;nvan \u0259lav\u0259 olundu. Bel\u0259 layih\u0259l\u0259rin icras\u0131 bir daha s&uuml;but edir ki, paytaxt\u0131m\u0131z\u0131n abadla\u015fd\u0131r\u0131lmas\u0131 istiqam\u0259tind\u0259 g&ouml;r&uuml;l\u0259n i\u015fl\u0259r davaml\u0131d\u0131r v\u0259 y&uuml;ks\u0259k keyfiyy\u0259tl\u0259 yerin\u0259 yetirilir. B&uuml;t&uuml;n bunlar is\u0259 sosial layih\u0259 olmaqla yana\u015f\u0131, h\u0259m d\u0259 &uuml;mumilikd\u0259, &ouml;lk\u0259mizin iqtisadi q&uuml;dr\u0259tini n&uuml;mayi\u015f etdirir.<\/p>\n","protected":false},"excerpt":{"rendered":"<p>Oktyabr\u0131n 1-d\u0259 Bak\u0131n\u0131n N\u0259simi rayonunda 28 May, Dilar\u0259 \u018fliyeva v\u0259 Fikr\u0259t \u018fmirov k&uuml;&ccedil;\u0259l\u0259rinin k\u0259si\u015fm\u0259sind\u0259 yeni park istifad\u0259y\u0259 verilib. Az\u0259rbaycan Respublikas\u0131n\u0131n Prezidenti \u0130lham \u018fliyev v\u0259 birinci xan\u0131m Mehriban \u018fliyeva parkda yarad\u0131lan&hellip;<\/p>\n","protected":false},"author":1,"featured_media":251278,"comment_status":"open","ping_status":"open","sticky":false,"template":"","format":"standard","meta":{"_lmt_disableupdate":"","_lmt_disable":"","footnotes":""},"categories":[],"tags":[],"class_list":["post-85653","post","type-post","status-publish","format-standard","has-post-thumbnail","hentry"],"_links":{"self":[{"href":"https:\/\/ucnoqta.az\/index.php?rest_route=\/wp\/v2\/posts\/85653","targetHints":{"allow":["GET"]}}],"collection":[{"href":"https:\/\/ucnoqta.az\/index.php?rest_route=\/wp\/v2\/posts"}],"about":[{"href":"https:\/\/ucnoqta.az\/index.php?rest_route=\/wp\/v2\/types\/post"}],"author":[{"embeddable":true,"href":"https:\/\/ucnoqta.az\/index.php?rest_route=\/wp\/v2\/users\/1"}],"replies":[{"embeddable":true,"href":"https:\/\/ucnoqta.az\/index.php?rest_route=%2Fwp%2Fv2%2Fcomments&post=85653"}],"version-history":[{"count":0,"href":"https:\/\/ucnoqta.az\/index.php?rest_route=\/wp\/v2\/posts\/85653\/revisions"}],"wp:featuredmedia":[{"embeddable":true,"href":"https:\/\/ucnoqta.az\/index.php?rest_route=\/wp\/v2\/media\/251278"}],"wp:attachment":[{"href":"https:\/\/ucnoqta.az\/index.php?rest_route=%2Fwp%2Fv2%2Fmedia&parent=85653"}],"wp:term":[{"taxonomy":"category","embeddable":true,"href":"https:\/\/ucnoqta.az\/index.php?rest_route=%2Fwp%2Fv2%2Fcategories&post=85653"},{"taxonomy":"post_tag","embeddable":true,"href":"https:\/\/ucnoqta.az\/index.php?rest_route=%2Fwp%2Fv2%2Ftags&post=85653"}],"curies":[{"name":"wp","href":"https:\/\/api.w.org\/{rel}","templated":true}]}}