{"id":85648,"date":"2019-10-01T13:27:57","date_gmt":"2019-10-01T09:27:57","guid":{"rendered":""},"modified":"-0001-11-30T00:00:00","modified_gmt":"-0001-11-29T20:00:00","slug":"","status":"publish","type":"post","link":"https:\/\/ucnoqta.az\/?p=85648","title":{"rendered":"Prezident \u0130lham \u018fliyev Atat\u00fcrk prospektind\u0259 yerl\u0259\u015f\u0259n parkda yarad\u0131lan \u015f\u0259raitl\u0259 tan\u0131\u015f olub <font color=red><b>-Foto- (Yenil\u0259nib)<\/b><\/font>"},"content":{"rendered":"<p><strong>Az\u0259rbaycan Respublikas\u0131n\u0131n Prezidenti \u0130lham \u018fliyev v\u0259 birinci xan\u0131m Mehriban \u018fliyeva oktyabr\u0131n 1-d\u0259 Bak\u0131n\u0131n N\u0259rimanov rayonundak\u0131 Atat&uuml;rk prospektind\u0259 yerl\u0259\u015f\u0259n parkda \u0259sasl\u0131 yenid\u0259nqurmadan sonra yarad\u0131lan \u015f\u0259raitl\u0259 tan\u0131\u015f olublar.<\/strong><\/p>\n<p>Bu bar\u0259d\u0259 Prezidentin M\u0259tbuat xidm\u0259tind\u0259n m\u0259lumat verilib.<br \/>\nBak\u0131 \u015e\u0259h\u0259r \u0130cra Hakimiyy\u0259tinin ba\u015f&ccedil;\u0131s\u0131 Eldar \u018fzizov Prezident \u0130lham \u018fliyev\u0259 v\u0259 birinci xan\u0131m Mehriban \u018fliyevaya parkda g&ouml;r&uuml;l\u0259n i\u015fl\u0259r bar\u0259d\u0259 m\u0259lumat verdi.<\/p>\n<p>Bildirildi ki, parkda yenid\u0259nqurma i\u015fl\u0259rin\u0259 cari ilin may ay\u0131ndan ba\u015flan\u0131l\u0131b. Layih\u0259 &ccedil;\u0259r&ccedil;iv\u0259sind\u0259 parkda \u0259sasl\u0131 yenid\u0259nqurma i\u015fl\u0259ri apar\u0131l\u0131b, land\u015faft dizayn\u0131 yenil\u0259nib. B&uuml;t&uuml;n ya\u015f qruplar\u0131na aid v\u0259t\u0259nda\u015flar n\u0259z\u0259r\u0259 al\u0131naraq onlar &uuml;&ccedil;&uuml;n x&uuml;susi gu\u015f\u0259l\u0259r yarad\u0131l\u0131b. Parkda u\u015faq \u0259yl\u0259nc\u0259 v\u0259 trenajor qur\u011fular\u0131 qura\u015fd\u0131r\u0131l\u0131b. Burada, h\u0259m&ccedil;inin konsert meydan&ccedil;as\u0131 da var.<\/p>\n<p>Prezident \u0130lham \u018fliyevin r\u0259hb\u0259rliyi il\u0259 son ill\u0259rd\u0259 Az\u0259rbaycanda sosial-iqtisadi sah\u0259d\u0259 h\u0259yata ke&ccedil;iril\u0259n layih\u0259l\u0259r &ouml;lk\u0259mizin &uuml;mumi inki\u015faf\u0131na sanball\u0131 t&ouml;hf\u0259l\u0259r verib. T\u0259sad&uuml;fi deyil ki, bu g&uuml;n Az\u0259rbaycan sosial-iqtisadi inki\u015faf\u0131na g&ouml;r\u0259 d&uuml;nyada lider &ouml;lk\u0259l\u0259rd\u0259n biridir. \u018fld\u0259 olunan nailiyy\u0259tl\u0259r Az\u0259rbaycan\u0131n b&uuml;t&uuml;n regionlar\u0131n\u0131n, o c&uuml;ml\u0259d\u0259n paytaxt Bak\u0131n\u0131n da timsal\u0131nda ayd\u0131n g&ouml;r&uuml;n&uuml;r. D&ouml;vl\u0259timizin ba\u015f&ccedil;\u0131s\u0131n\u0131n tap\u015f\u0131r\u0131q v\u0259 g&ouml;st\u0259ri\u015fl\u0259rin\u0259 \u0259sas\u0259n paytaxt\u0131m\u0131zda icra olunan layih\u0259l\u0259r n\u0259tic\u0259sind\u0259 Bak\u0131 d&uuml;nyan\u0131n \u0259n g&ouml;z\u0259l \u015f\u0259h\u0259rl\u0259rind\u0259n birin\u0259 &ccedil;evrilib. Paytaxt Bak\u0131 g&uuml;nd\u0259n-g&uuml;n\u0259 abadla\u015f\u0131r, m&uuml;asirl\u0259\u015fir v\u0259 yenil\u0259nir. Bu bax\u0131mdan yeni park v\u0259 xiyabanlar\u0131n sal\u0131nmas\u0131, m&ouml;vcudlar\u0131n\u0131n yenid\u0259n qurulmas\u0131, sosial obyektl\u0259rin in\u015fas\u0131, ictimai yerl\u0259rin istifad\u0259y\u0259 verilm\u0259si x&uuml;susi rol oynay\u0131r. N\u0259rimanov rayonundak\u0131 Atat&uuml;rk prospektind\u0259 yerl\u0259\u015f\u0259n park\u0131n \u0259sasl\u0131 \u015f\u0259kild\u0259 yenid\u0259n qurulmas\u0131 da m&uuml;h&uuml;m \u0259h\u0259miyy\u0259t da\u015f\u0131y\u0131r.<\/p>\n<p>Bu layih\u0259nin icras\u0131, eyni zamanda, son d&ouml;vrl\u0259rd\u0259 paytaxt\u0131m\u0131zda apar\u0131lan abadl\u0131q-quruculuq i\u015fl\u0259rinin h\u0259cmini d\u0259 n&uuml;mayi\u015f etdirir v\u0259 bu istiqam\u0259td\u0259 g&ouml;r&uuml;l\u0259n t\u0259dbirl\u0259rin ard\u0131c\u0131l xarakter ald\u0131\u011f\u0131n\u0131 g&ouml;st\u0259rir. &Uuml;mumilikd\u0259, indiy\u0259d\u0259k \u015f\u0259h\u0259rimizin daha da abadla\u015fd\u0131r\u0131lmas\u0131 v\u0259 m&uuml;asirl\u0259\u015fdirilm\u0259si istiqam\u0259tind\u0259 g&ouml;r&uuml;l\u0259n i\u015fl\u0259r v\u0259t\u0259nda\u015flar\u0131n istirah\u0259tinin, asud\u0259 vaxtlar\u0131n\u0131n s\u0259m\u0259r\u0259li t\u0259\u015fkilin\u0259 h\u0259rt\u0259r\u0259fli imkan yarad\u0131r. Bak\u0131n\u0131n m&uuml;asir sosial infrastrukturundan paytaxt sakinl\u0259ri il\u0259 yana\u015f\u0131, \u015f\u0259h\u0259rimizin &ccedil;oxsayl\u0131 qonaqlar\u0131 da istifad\u0259 edirl\u0259r. \u015e&uuml;bh\u0259siz ki, b&uuml;t&uuml;n z\u0259ruri infrastrukturla t\u0259chiz olunan bel\u0259 m&uuml;asir parklar\u0131n yarad\u0131lmas\u0131 turistl\u0259rin istirah\u0259tinin dol\u011fun v\u0259 maraql\u0131 t\u0259min olunmas\u0131 i\u015find\u0259, onlar\u0131n &ouml;lk\u0259l\u0259rin\u0259 Bak\u0131dan z\u0259ngin t\u0259\u0259ss&uuml;ratlarla qay\u0131tmalar\u0131nda da b&ouml;y&uuml;k rol oynay\u0131r. &Uuml;mumi sah\u0259si 6.5 hektar olan bu istirah\u0259t m\u0259kan\u0131n\u0131n yenid\u0259n qurulmas\u0131 bir daha n&uuml;mayi\u015f etdirir ki, Az\u0259rbaycan d&ouml;vl\u0259ti t\u0259r\u0259find\u0259n insanlar\u0131n rahatl\u0131\u011f\u0131, onlar\u0131n sa\u011flaml\u0131\u011f\u0131, bir s&ouml;zl\u0259, v\u0259t\u0259nda\u015flar\u0131n sosial m\u0259s\u0259l\u0259l\u0259rinin h\u0259llin\u0259 daim x&uuml;susi h\u0259ssasl\u0131qla yana\u015f\u0131l\u0131r.<\/p>\n<p>Prezident \u0130lham \u018fliyev v\u0259 birinci xan\u0131m Mehriban \u018fliyeva parkda sakinl\u0259rl\u0259 g&ouml;r&uuml;\u015fd&uuml;l\u0259r.<\/p>\n<p><strong>Sakinl\u0259r:<\/strong>&nbsp;Xo\u015f g&ouml;rd&uuml;k Sizi c\u0259nab Prezident.<br \/>\n<strong>Prezident \u0130lham \u018fliyev:<\/strong>&nbsp;Salam, xo\u015f g&ouml;rd&uuml;k.<br \/>\n<strong>Sakin:<\/strong>&nbsp;Bu parkda yarad\u0131lan g&ouml;z\u0259lliy\u0259 g&ouml;r\u0259 &ccedil;ox sa\u011f olun. Allah Siz\u0259 &ouml;m&uuml;r versin. \u0130ll\u0259r boyu yarad\u0131rs\u0131n\u0131z, qurursunuz. Dost g&ouml;r&uuml;r sevinir, d&uuml;\u015fm\u0259n g&ouml;r&uuml;r g&ouml;z&uuml; kor olur. D&uuml;nya qan &ccedil;ana\u011f\u0131na d&ouml;n&uuml;b. Amma Allaha \u015f&uuml;k&uuml;rl\u0259r olsun ki, d&ouml;vl\u0259timiz, &ouml;lk\u0259miz inki\u015faf edir. Bu inki\u015faf Sizin \u0259m\u0259yinizin n\u0259tic\u0259sidir. F\u0259xr edirik ki, m&uuml;drik Prezidentimiz, birinci xan\u0131m\u0131m\u0131z var. Allah Siz\u0259 cansa\u011fl\u0131\u011f\u0131 versin. M\u0259nim 7 n\u0259v\u0259m var, g\u0259lib burada istirah\u0259t edir\u0259m. B&uuml;t&uuml;n bunlara g&ouml;r\u0259 &ccedil;ox sa\u011f olun, Allah Sizi qorusun.<br \/>\n<strong>Prezident \u0130lham \u018fliyev:<\/strong>&nbsp;Sa\u011f olun. M\u0259n ilin \u0259vv\u0259lind\u0259 burada idim, yeni \u0130nnovasiya M\u0259rk\u0259zinin a&ccedil;\u0131l\u0131\u015f\u0131nda. Oradan &ccedil;\u0131xanda g&ouml;rd&uuml;m ki, bu park\u0131n v\u0259ziyy\u0259ti &ccedil;ox ac\u0131nacaql\u0131d\u0131r, d&ouml;z&uuml;lm\u0259zdir. G&ouml;st\u0259ri\u015f verdim ki, burada abadl\u0131q i\u015fl\u0259ri apar\u0131ls\u0131n v\u0259 6,5 hektar\u0131 \u0259hat\u0259 ed\u0259n bu park q\u0131sa m&uuml;dd\u0259t \u0259rzind\u0259 yenid\u0259n quruldu, \u0259n g&ouml;z\u0259l s\u0259viyy\u0259y\u0259 &ccedil;atd\u0131r\u0131ld\u0131. \u0130ndi burada ya\u015fl\u0131 n\u0259slin, u\u015faqlar\u0131n, yeniyetm\u0259l\u0259rin v\u0259 g\u0259ncl\u0259rin istirah\u0259ti &uuml;&ccedil;&uuml;n b&uuml;t&uuml;n imkanlar var. &Uuml;mumiyy\u0259tl\u0259, Bak\u0131 son ill\u0259r \u0259rzind\u0259 ba\u011flar v\u0259 parklar \u015f\u0259h\u0259rin\u0259 &ccedil;evrilibdir. Dey\u0259 bil\u0259r\u0259m ki, parklar\u0131n say\u0131na g&ouml;r\u0259 biz d&uuml;nya miqyas\u0131nda \u0259n qabaqc\u0131l yerl\u0259rd\u0259yik.<br \/>\n<strong>Sakin:<\/strong>&nbsp;\u0130ndi Bak\u0131 d&uuml;nyan\u0131n g&ouml;z muncu\u011fudur.<br \/>\n<strong>Prezident \u0130lham \u018fliyev:<\/strong>&nbsp;\u0130ndi Bak\u0131 d&uuml;nyan\u0131n \u0259n g&ouml;z\u0259l \u015f\u0259h\u0259rl\u0259rind\u0259n biridir. Bax\u0131n, son ill\u0259rd\u0259 \u015f\u0259h\u0259rimizd\u0259 n\u0259 q\u0259d\u0259r park sal\u0131n\u0131b. \u0130lk n&ouml;vb\u0259d\u0259, bizim \u0259n b&ouml;y&uuml;k park\u0131m\u0131z bulvar. \u018fvv\u0259ll\u0259r bulvar\u0131n uzunlu\u011fu 3 kilometr idi, indi 15 kilometrdir. H\u0259r t\u0259r\u0259f ya\u015f\u0131ll\u0131q, h\u0259r t\u0259r\u0259f g&ouml;z\u0259l, h\u0259r t\u0259r\u0259f abad. Heyd\u0259r \u018fliyev M\u0259rk\u0259zinin v\u0259 Konqres M\u0259rk\u0259zinin \u0259traf\u0131nda 20 hektar\u0131 \u0259hat\u0259 ed\u0259n b&ouml;y&uuml;k bir park var. \u0130ndi u\u015faqlar, ya\u015fl\u0131 n\u0259sil orada istirah\u0259t edir. Yusif S\u0259f\u0259rov k&uuml;&ccedil;\u0259sind\u0259ki park. Orada da y&ouml;nd\u0259msiz binalar var idi, infrastruktur da\u011f\u0131lm\u0131\u015fd\u0131. Orada da park sal\u0131nd\u0131. Y\u0259ni, bu abadl\u0131q-quruculuq i\u015fl\u0259ri v\u0259t\u0259nda\u015flar &uuml;&ccedil;&uuml;nd&uuml;r. &Ccedil;&uuml;nki v\u0259t\u0259nda\u015flar ictimai yerl\u0259rd\u0259n istifad\u0259 etm\u0259lidirl\u0259r. Bu parkda da &ccedil;ox g&ouml;z\u0259l \u015f\u0259rait yarad\u0131l\u0131b.<\/p>\n<p>Bak\u0131 \u015f\u0259h\u0259rinin probleml\u0259rinin h\u0259lli istiqam\u0259tind\u0259 b&ouml;y&uuml;k i\u015fl\u0259r g&ouml;r&uuml;l&uuml;r. Bilirsiniz ki, bu yax\u0131nlarda metronun &ldquo;Koro\u011flu&rdquo; stansiyas\u0131n\u0131n yan\u0131nda yeni N\u0259qliyyat M&uuml;badil\u0259 M\u0259rk\u0259zinin a&ccedil;\u0131l\u0131\u015f\u0131n\u0131 qeyd etdik. Yeni avtobuslar g\u0259tirilir. Bu il 300 avtobus g\u0259tirilib, \u0259vv\u0259lki d&ouml;vrl\u0259rd\u0259 g\u0259tirilib. G\u0259l\u0259n il d\u0259 \u0259n az\u0131 300 m&uuml;asir avtobus g\u0259tiril\u0259c\u0259k. Bak\u0131 o \u015f\u0259h\u0259rl\u0259rd\u0259ndir ki, metro tikintisi gedir. Dey\u0259 bil\u0259r\u0259m ki, MDB m\u0259kan\u0131nda yal\u0131n\u0131z Rusiyada v\u0259 Az\u0259rbaycanda metro tikintisi davam etdirilir. Bu il 30 yeni vaqon g\u0259tirilib. Bu vaqonlarda h\u0259m kondisioner, h\u0259m d\u0259 g&ouml;z\u0259l \u015f\u0259rait var. B&uuml;t&uuml;n bunlar v\u0259t\u0259nda\u015flar\u0131n rahatl\u0131\u011f\u0131 &uuml;&ccedil;&uuml;n edilir. \u0130ndi m\u0259nim t\u0259\u015f\u0259bb&uuml;s&uuml;ml\u0259 n&uuml;mun\u0259vi h\u0259y\u0259tl\u0259r qurulur. B&uuml;t&uuml;n h\u0259y\u0259tl\u0259r abadla\u015fd\u0131r\u0131lacaq v\u0259 h\u0259y\u0259tl\u0259rd\u0259 b&uuml;t&uuml;n \u015f\u0259rait yarad\u0131lacaq. Lift t\u0259s\u0259rr&uuml;fat\u0131 yenil\u0259nir. Bu m\u0259qs\u0259dl\u0259 40 milyon manat v\u0259sait ayr\u0131l\u0131b. \u0130cra ba\u015f&ccedil;\u0131s\u0131, m\u0259lumat ver, indiy\u0259d\u0259k ne&ccedil;\u0259 lift d\u0259yi\u015fdirilib?<\/p>\n<p>Bak\u0131 \u015e\u0259h\u0259r \u0130cra Hakimiyy\u0259tinin ba\u015f&ccedil;\u0131s\u0131 Eldar \u018fzizov:&nbsp;Art\u0131q 50 lift qura\u015fd\u0131r\u0131l\u0131b. Sizin tap\u015f\u0131r\u0131\u011f\u0131n\u0131za uy\u011fun olaraq, ilin ax\u0131r\u0131nad\u0259k 500-\u0259 q\u0259d\u0259r olacaq.<br \/>\n<strong>Prezident \u0130lham \u018fliyev:<\/strong>&nbsp;Y\u0259ni, b&uuml;t&uuml;n bunlar Bak\u0131n\u0131n h\u0259m g&ouml;z\u0259lliyi, abadl\u0131\u011f\u0131, eyni zamanda, v\u0259t\u0259nda\u015flar\u0131n rahatl\u0131\u011f\u0131 &uuml;&ccedil;&uuml;nd&uuml;r. Biz bu i\u015fl\u0259ri davam etdir\u0259c\u0259yik. Bak\u0131n\u0131n h\u0259r bir gu\u015f\u0259si abad, g&ouml;z\u0259l olmal\u0131d\u0131r. V\u0259t\u0259nda\u015flar &uuml;&ccedil;&uuml;n &ccedil;ox g&ouml;z\u0259l imkanlar yarad\u0131lmal\u0131d\u0131r.<br \/>\n<strong>Sakin:<\/strong>&nbsp;Allah Siz\u0259 cansa\u011fl\u0131\u011f\u0131 versin. \u0130nsanlar Sizi sevir v\u0259 d\u0259st\u0259kl\u0259yir. H\u0259mi\u015f\u0259 deyirik ki, Prezidentimiz camaat\u0131n aras\u0131ndad\u0131r. Onun gec\u0259si-g&uuml;nd&uuml;z&uuml; ancaq camaat\u0131 d&uuml;\u015f&uuml;nm\u0259kdir.<br \/>\n<strong>Prezident \u0130lham \u018fliyev:<\/strong>&nbsp;Bel\u0259 d\u0259 olmal\u0131d\u0131r. M\u0259n\u0259 d\u0259 g&uuml;c ver\u0259n v\u0259t\u0259nda\u015flar\u0131n d\u0259st\u0259yidir. M\u0259n bu d\u0259st\u0259y\u0259 arxalan\u0131ram, g&uuml;v\u0259nir\u0259m. Bu, m\u0259n\u0259 g&uuml;c verir. Bu g&uuml;n Az\u0259rbaycan d&uuml;nya miqyas\u0131nda sabitlik m\u0259kan\u0131d\u0131r, inki\u015faf diyar\u0131d\u0131r. Bundan sonra da biz ancaq y&uuml;ks\u0259l\u0259n x\u0259tl\u0259 inki\u015faf ed\u0259c\u0259yik, buna he&ccedil; kimin \u015f&uuml;bh\u0259si olmas\u0131n.<br \/>\n<strong>Sakin:<\/strong>&nbsp;C\u0259nab Prezident, Sizd\u0259 d\u0259, xan\u0131m\u0131n\u0131zda da &ccedil;ox b&ouml;y&uuml;k s\u0259mimiyy\u0259t var. Allah Sizi qorusun.<br \/>\n<strong>Prezident \u0130lham \u018fliyev:&nbsp;<\/strong>&Ccedil;ox sa\u011f olun.<br \/>\n<strong>Dig\u0259r sakin:<\/strong>&nbsp;C\u0259nab Prezident, m\u0259n d\u0259 &ouml;z n&ouml;vb\u0259md\u0259 Siz\u0259, Mehriban xan\u0131ma minn\u0259tdarl\u0131\u011f\u0131m\u0131 bildirir\u0259m. Sizl\u0259rl\u0259 g&ouml;r&uuml;\u015fm\u0259k &ccedil;ox xo\u015f oldu. A&ccedil;\u0131q havada bel\u0259 g&ouml;z\u0259l m&uuml;asir park yaratd\u0131\u011f\u0131n\u0131z &uuml;&ccedil;&uuml;n Siz\u0259 minn\u0259tdarl\u0131\u011f\u0131m\u0131 ifad\u0259 etm\u0259k ist\u0259yir\u0259m. H\u0259qiq\u0259t\u0259n parkda g&ouml;z\u0259l \u015f\u0259rait var, m&uuml;asir idman qur\u011fular\u0131 qura\u015fd\u0131r\u0131l\u0131b, \u015fahmat meydan&ccedil;as\u0131, velosiped, qa&ccedil;\u0131\u015f zolaqlar\u0131 yarad\u0131l\u0131b. Biz d\u0259 bu \u0259razid\u0259 ya\u015fay\u0131r\u0131q. \u018fvv\u0259ll\u0259r asud\u0259 vaxtlar\u0131m\u0131zda dostlar\u0131m\u0131zla istirah\u0259t &uuml;&ccedil;&uuml;n k\u0259nara gedirdik. \u0130ndi burada m&uuml;asir, g&ouml;z\u0259l \u015f\u0259rait yarad\u0131l\u0131b. Biz tez-tez buraya g\u0259l\u0259c\u0259yik. Buna g&ouml;r\u0259 d\u0259rin minn\u0259tdarl\u0131\u011f\u0131m\u0131 bildirir\u0259m. &Ccedil;ox sa\u011f olun c\u0259nab Prezident.<br \/>\n<strong>Prezident \u0130lham \u018fliyev:<\/strong>&nbsp;\u015e\u0259h\u0259rin h\u0259r yerind\u0259 g&ouml;z\u0259l parklar, ictimai zonalar olmal\u0131d\u0131r v\u0259 bunu yarad\u0131r\u0131q.<br \/>\n<strong>Sakinl\u0259r:<\/strong>&nbsp;Sa\u011f olun c\u0259nab Prezident, b&uuml;t&uuml;n az\u0259rbaycanl\u0131lar Sizin arxan\u0131zdad\u0131r.<\/p>\n<p><strong>X X X<\/strong><\/p>\n<p>Sonda xatir\u0259 \u015f\u0259kli &ccedil;\u0259kdirildi.<\/p>\n","protected":false},"excerpt":{"rendered":"<p>Az\u0259rbaycan Respublikas\u0131n\u0131n Prezidenti \u0130lham \u018fliyev v\u0259 birinci xan\u0131m Mehriban \u018fliyeva oktyabr\u0131n 1-d\u0259 Bak\u0131n\u0131n N\u0259rimanov rayonundak\u0131 Atat&uuml;rk prospektind\u0259 yerl\u0259\u015f\u0259n parkda \u0259sasl\u0131 yenid\u0259nqurmadan sonra yarad\u0131lan \u015f\u0259raitl\u0259 tan\u0131\u015f olublar. Bu bar\u0259d\u0259 Prezidentin M\u0259tbuat&hellip;<\/p>\n","protected":false},"author":1,"featured_media":251278,"comment_status":"open","ping_status":"open","sticky":false,"template":"","format":"standard","meta":{"_lmt_disableupdate":"","_lmt_disable":"","footnotes":""},"categories":[],"tags":[],"class_list":["post-85648","post","type-post","status-publish","format-standard","has-post-thumbnail","hentry"],"_links":{"self":[{"href":"https:\/\/ucnoqta.az\/index.php?rest_route=\/wp\/v2\/posts\/85648","targetHints":{"allow":["GET"]}}],"collection":[{"href":"https:\/\/ucnoqta.az\/index.php?rest_route=\/wp\/v2\/posts"}],"about":[{"href":"https:\/\/ucnoqta.az\/index.php?rest_route=\/wp\/v2\/types\/post"}],"author":[{"embeddable":true,"href":"https:\/\/ucnoqta.az\/index.php?rest_route=\/wp\/v2\/users\/1"}],"replies":[{"embeddable":true,"href":"https:\/\/ucnoqta.az\/index.php?rest_route=%2Fwp%2Fv2%2Fcomments&post=85648"}],"version-history":[{"count":0,"href":"https:\/\/ucnoqta.az\/index.php?rest_route=\/wp\/v2\/posts\/85648\/revisions"}],"wp:featuredmedia":[{"embeddable":true,"href":"https:\/\/ucnoqta.az\/index.php?rest_route=\/wp\/v2\/media\/251278"}],"wp:attachment":[{"href":"https:\/\/ucnoqta.az\/index.php?rest_route=%2Fwp%2Fv2%2Fmedia&parent=85648"}],"wp:term":[{"taxonomy":"category","embeddable":true,"href":"https:\/\/ucnoqta.az\/index.php?rest_route=%2Fwp%2Fv2%2Fcategories&post=85648"},{"taxonomy":"post_tag","embeddable":true,"href":"https:\/\/ucnoqta.az\/index.php?rest_route=%2Fwp%2Fv2%2Ftags&post=85648"}],"curies":[{"name":"wp","href":"https:\/\/api.w.org\/{rel}","templated":true}]}}