{"id":85644,"date":"2019-10-01T12:48:42","date_gmt":"2019-10-01T08:48:42","guid":{"rendered":""},"modified":"-0001-11-30T00:00:00","modified_gmt":"-0001-11-29T20:00:00","slug":"","status":"publish","type":"post","link":"https:\/\/ucnoqta.az\/?p=85644","title":{"rendered":"Mariya Stadnik: <font color=red><b>&#8220;M\u0259nim &#8220;Facebook&#8221; s\u0259hif\u0259m yoxdur&#8221;<\/b><\/font>"},"content":{"rendered":"<p><strong>&quot;M\u0259nim &ouml;z &quot;Facebook&quot; s\u0259hif\u0259m yoxdur. S\u0259hif\u0259l\u0259rd\u0259 ad\u0131mdan payla\u015f\u0131lan statuslar is\u0259 m\u0259n\u0259 m\u0259xsus deyil&quot;.&nbsp;<\/strong><\/p>\n<p>Ucnoqta.az x\u0259b\u0259r verir ki, bunu &ldquo;Report&rdquo;a a&ccedil;\u0131qlamas\u0131nda Az\u0259rbaycan\u0131n qad\u0131n g&uuml;l\u0259\u015fi &uuml;zr\u0259 2 qat d&uuml;nya, 7 qat Avropa &ccedil;empionu, 3 qat olimpiya m&uuml;kafat&ccedil;\u0131s\u0131 v\u0259 Avropa Oyunlar\u0131n\u0131n ikiqat qalibi Mariya Stadnik deyib.<\/p>\n<p>31 ya\u015fl\u0131 idman&ccedil;\u0131 bildirib ki, onun ad\u0131ndan a&ccedil;\u0131lan s\u0259hif\u0259l\u0259rin admininin tap\u0131lmas\u0131 &uuml;&ccedil;&uuml;n Az\u0259rbaycan G&uuml;l\u0259\u015f Federasiyas\u0131 ad\u0131ndan m&uuml;vafiq qurumlara m&uuml;raci\u0259t olunub: &quot;&Ouml;z&uuml;m haz\u0131rda Ukraynadayam. Federasiyam\u0131zla \u0259laq\u0259 saxlayaraq, xahi\u015f etdim ki, m\u0259nim ad\u0131ma a&ccedil;\u0131lan profill\u0259r silinsin. Kims\u0259 \u015f\u0259xsi &quot;Instagram&quot; s\u0259hif\u0259md\u0259n fotolar payla\u015f\u0131r v\u0259 ham\u0131, h\u0259tta &ouml;z yax\u0131nlar\u0131m da el\u0259 d&uuml;\u015f&uuml;n&uuml;r ki, bunlar\u0131 m\u0259n payla\u015f\u0131ram. M\u0259nim &quot;Facebook&quot; s\u0259hif\u0259m yoxdur. &Ouml;z&uuml;m istifad\u0259 etmir\u0259m, \u0259rimin s\u0259hif\u0259sin\u0259 h\u0259rd\u0259n girib bax\u0131ram&quot;.<\/p>\n","protected":false},"excerpt":{"rendered":"<p>&quot;M\u0259nim &ouml;z &quot;Facebook&quot; s\u0259hif\u0259m yoxdur. S\u0259hif\u0259l\u0259rd\u0259 ad\u0131mdan payla\u015f\u0131lan statuslar is\u0259 m\u0259n\u0259 m\u0259xsus deyil&quot;.&nbsp; Ucnoqta.az x\u0259b\u0259r verir ki, bunu &ldquo;Report&rdquo;a a&ccedil;\u0131qlamas\u0131nda Az\u0259rbaycan\u0131n qad\u0131n g&uuml;l\u0259\u015fi &uuml;zr\u0259 2 qat d&uuml;nya, 7 qat Avropa&hellip;<\/p>\n","protected":false},"author":1,"featured_media":251278,"comment_status":"open","ping_status":"open","sticky":false,"template":"","format":"standard","meta":{"_lmt_disableupdate":"","_lmt_disable":"","footnotes":""},"categories":[],"tags":[],"class_list":["post-85644","post","type-post","status-publish","format-standard","has-post-thumbnail","hentry"],"_links":{"self":[{"href":"https:\/\/ucnoqta.az\/index.php?rest_route=\/wp\/v2\/posts\/85644","targetHints":{"allow":["GET"]}}],"collection":[{"href":"https:\/\/ucnoqta.az\/index.php?rest_route=\/wp\/v2\/posts"}],"about":[{"href":"https:\/\/ucnoqta.az\/index.php?rest_route=\/wp\/v2\/types\/post"}],"author":[{"embeddable":true,"href":"https:\/\/ucnoqta.az\/index.php?rest_route=\/wp\/v2\/users\/1"}],"replies":[{"embeddable":true,"href":"https:\/\/ucnoqta.az\/index.php?rest_route=%2Fwp%2Fv2%2Fcomments&post=85644"}],"version-history":[{"count":0,"href":"https:\/\/ucnoqta.az\/index.php?rest_route=\/wp\/v2\/posts\/85644\/revisions"}],"wp:featuredmedia":[{"embeddable":true,"href":"https:\/\/ucnoqta.az\/index.php?rest_route=\/wp\/v2\/media\/251278"}],"wp:attachment":[{"href":"https:\/\/ucnoqta.az\/index.php?rest_route=%2Fwp%2Fv2%2Fmedia&parent=85644"}],"wp:term":[{"taxonomy":"category","embeddable":true,"href":"https:\/\/ucnoqta.az\/index.php?rest_route=%2Fwp%2Fv2%2Fcategories&post=85644"},{"taxonomy":"post_tag","embeddable":true,"href":"https:\/\/ucnoqta.az\/index.php?rest_route=%2Fwp%2Fv2%2Ftags&post=85644"}],"curies":[{"name":"wp","href":"https:\/\/api.w.org\/{rel}","templated":true}]}}