{"id":85630,"date":"2019-10-01T10:23:22","date_gmt":"2019-10-01T06:23:22","guid":{"rendered":""},"modified":"-0001-11-30T00:00:00","modified_gmt":"-0001-11-29T20:00:00","slug":"","status":"publish","type":"post","link":"https:\/\/ucnoqta.az\/?p=85630","title":{"rendered":"Prokurorluq i\u015f\u00e7il\u0259ri F\u0259xri v\u0259 \u015e\u0259hidl\u0259r xiyabanlar\u0131n\u0131 ziyar\u0259t edibl\u0259r &#8211;<font color=red><b> Foto<\/b><\/font>"},"content":{"rendered":"<p><strong>Bu g&uuml;n &#8211; oktyabr\u0131n 1-i Az\u0259rbaycanda prokurorluq i\u015f&ccedil;il\u0259rinin pe\u015f\u0259 bayram\u0131d\u0131r.<\/strong><\/p>\n<p>Bu m&uuml;nasib\u0259tl\u0259 Ba\u015f Prokurorlu\u011fun, Respublika H\u0259rbi v\u0259 Bak\u0131 \u015e\u0259h\u0259r prokurorluqlar\u0131 orqanlar\u0131n\u0131n kollektivl\u0259ri F\u0259xri xiyabana g\u0259l\u0259r\u0259k, ulu &ouml;nd\u0259r&nbsp;Heyd\u0259r \u018fliyevin xatir\u0259sini d\u0259rin ehtiramla yad edib, m\u0259zar\u0131 &ouml;n&uuml;n\u0259 g&uuml;l d\u0259st\u0259l\u0259ri qoyublar.<br \/>\nG&ouml;rk\u0259mli oftalmoloq-alim, akademik Z\u0259rif\u0259 xan\u0131m \u018fliyevan\u0131n da xatir\u0259si yad olunub, m\u0259zar\u0131 &uuml;z\u0259rin\u0259 t\u0259r &ccedil;i&ccedil;\u0259kl\u0259r d&uuml;z&uuml;l&uuml;b.<br \/>\nBa\u015f prokuror Zakir Qaralov v\u0259 prokurorluq \u0259m\u0259kda\u015flar\u0131 daha sonra \u015e\u0259hidl\u0259r xiyaban\u0131na g\u0259l\u0259r\u0259k V\u0259t\u0259nimizin m&uuml;st\u0259qilliyi v\u0259 azadl\u0131\u011f\u0131 u\u011frunda \u015f\u0259hid olmu\u015f q\u0259hr\u0259man o\u011ful v\u0259 q\u0131zlar\u0131m\u0131z\u0131n xatir\u0259sin\u0259 d\u0259rin ehtiramlar\u0131n\u0131 bildirib, m\u0259zarlar\u0131 &uuml;z\u0259rin\u0259 g&uuml;l d\u0259st\u0259l\u0259ri qoyub, &ldquo;\u018fb\u0259di m\u0259\u015f\u0259l&rdquo; abid\u0259sini ziyar\u0259t edibl\u0259r.<\/p>\n<p>Qeyd ed\u0259k ki, &uuml;mummilli lider Heyd\u0259r \u018fliyevin 17 iyul 1998-ci il tarixli s\u0259r\u0259ncam\u0131na \u0259sas\u0259n, h\u0259r il oktyabr\u0131n 1-i&nbsp;prokurorluq i\u015f&ccedil;il\u0259rinin pe\u015f\u0259 bayram\u0131 kimi qeyd edilir. \/report<\/p>\n","protected":false},"excerpt":{"rendered":"<p>Bu g&uuml;n &#8211; oktyabr\u0131n 1-i Az\u0259rbaycanda prokurorluq i\u015f&ccedil;il\u0259rinin pe\u015f\u0259 bayram\u0131d\u0131r. Bu m&uuml;nasib\u0259tl\u0259 Ba\u015f Prokurorlu\u011fun, Respublika H\u0259rbi v\u0259 Bak\u0131 \u015e\u0259h\u0259r prokurorluqlar\u0131 orqanlar\u0131n\u0131n kollektivl\u0259ri F\u0259xri xiyabana g\u0259l\u0259r\u0259k, ulu &ouml;nd\u0259r&nbsp;Heyd\u0259r \u018fliyevin xatir\u0259sini d\u0259rin&hellip;<\/p>\n","protected":false},"author":1,"featured_media":251278,"comment_status":"open","ping_status":"open","sticky":false,"template":"","format":"standard","meta":{"_lmt_disableupdate":"","_lmt_disable":"","footnotes":""},"categories":[],"tags":[],"class_list":["post-85630","post","type-post","status-publish","format-standard","has-post-thumbnail","hentry"],"_links":{"self":[{"href":"https:\/\/ucnoqta.az\/index.php?rest_route=\/wp\/v2\/posts\/85630","targetHints":{"allow":["GET"]}}],"collection":[{"href":"https:\/\/ucnoqta.az\/index.php?rest_route=\/wp\/v2\/posts"}],"about":[{"href":"https:\/\/ucnoqta.az\/index.php?rest_route=\/wp\/v2\/types\/post"}],"author":[{"embeddable":true,"href":"https:\/\/ucnoqta.az\/index.php?rest_route=\/wp\/v2\/users\/1"}],"replies":[{"embeddable":true,"href":"https:\/\/ucnoqta.az\/index.php?rest_route=%2Fwp%2Fv2%2Fcomments&post=85630"}],"version-history":[{"count":0,"href":"https:\/\/ucnoqta.az\/index.php?rest_route=\/wp\/v2\/posts\/85630\/revisions"}],"wp:featuredmedia":[{"embeddable":true,"href":"https:\/\/ucnoqta.az\/index.php?rest_route=\/wp\/v2\/media\/251278"}],"wp:attachment":[{"href":"https:\/\/ucnoqta.az\/index.php?rest_route=%2Fwp%2Fv2%2Fmedia&parent=85630"}],"wp:term":[{"taxonomy":"category","embeddable":true,"href":"https:\/\/ucnoqta.az\/index.php?rest_route=%2Fwp%2Fv2%2Fcategories&post=85630"},{"taxonomy":"post_tag","embeddable":true,"href":"https:\/\/ucnoqta.az\/index.php?rest_route=%2Fwp%2Fv2%2Ftags&post=85630"}],"curies":[{"name":"wp","href":"https:\/\/api.w.org\/{rel}","templated":true}]}}