{"id":85618,"date":"2019-09-30T22:45:00","date_gmt":"2019-09-30T18:45:00","guid":{"rendered":""},"modified":"-0001-11-30T00:00:00","modified_gmt":"-0001-11-29T20:00:00","slug":"","status":"publish","type":"post","link":"https:\/\/ucnoqta.az\/?p=85618","title":{"rendered":"Leyla \u018fliyeva \u201cLEYLA. FONS VITAE\u201d poeziya tama\u015fas\u0131n\u0131 izl\u0259yib <font color=red><b>-FOTO<\/b><\/font>"},"content":{"rendered":"<p><strong>\u0130kinci N\u0259simi &ndash; \u015feir, inc\u0259s\u0259n\u0259t v\u0259 m\u0259n\u0259viyyat Festival\u0131 &ccedil;\u0259r&ccedil;iv\u0259sind\u0259 sentyabr\u0131n 30-da Maqsud \u0130brahimb\u0259yov Yarad\u0131c\u0131l\u0131q M\u0259rk\u0259zind\u0259 &quot;LEYLA. FONS VITAE&quot; poeziya tama\u015fas\u0131 t\u0259qdim olunub.<\/strong><\/p>\n<p>Tama\u015fan\u0131 izl\u0259y\u0259nl\u0259r aras\u0131nda Heyd\u0259r \u018fliyev Fondunun vitse-prezidenti Leyla \u018fliyeva v\u0259 Arzu \u018fliyeva da olub. &quot;LEYLA. FONS VITAE&quot; Leyla \u018fliyevan\u0131n v\u0259 \u015fair v\u0259 dramaturq, &Ccedil;exiyada ya\u015fayan h\u0259mv\u0259t\u0259nimiz Leyla B\u0259yimin (C\u0259f\u0259rovan\u0131n) i\u015ftirak\u0131 il\u0259 haz\u0131rlanm\u0131\u015f ilk tama\u015fad\u0131r.<\/p>\n<p>Fons Vitae (lat.) &ndash; h\u0259yat m\u0259nb\u0259yi dem\u0259kdir. Bu termin XI \u0259sr \u015fair v\u0259 filosofu, o zaman &uuml;&ccedil; din aras\u0131nda tolerantl\u0131q m\u0259rk\u0259zi olan Toledoda ya\u015fam\u0131\u015f Solomon ibn Qabirolun mesaj\u0131d\u0131r. Solomon \u0259r\u0259b dilind\u0259 yaz\u0131b, daha sonra lat\u0131n dilin\u0259 &quot;Fons Vitae&quot; \u015f\u0259klind\u0259 t\u0259rc&uuml;m\u0259 edib.<br \/>\n\u0130mad\u0259ddin N\u0259simi v\u0259 Solomon ibn Qabirol f\u0259rqli zamanlarda, amma \u0259r\u0259b xilaf\u0259tinin eyni m\u0259d\u0259ni m\u0259kan\u0131nda ya\u015fay\u0131blar v\u0259 poeziyalar\u0131nda b\u0259nz\u0259r dini k&ouml;kl\u0259r v\u0259 f\u0259ls\u0259f\u0259 \u0259ks olunub.<\/p>\n<p>Tama\u015fan\u0131n n&uuml;mayi\u015find\u0259n \u0259vv\u0259l s\u0259hn\u0259 \u0259s\u0259rinin qurulu\u015f&ccedil;u rejissoru, Xalq artisti Vaqif \u018fs\u0259dov deyib ki, Leyla \u018fliyeva v\u0259 Leyla B\u0259yimin \u0259s\u0259rl\u0259rind\u0259 &ccedil;ox yax\u0131n ba\u011flar var. Onlar da &ouml;z s\u0259l\u0259fl\u0259ri kimi b&uuml;t&uuml;n poetik axtar\u0131\u015flar\u0131nda kamil insan obraz\u0131 yaratmaq, Allah\u0131n b&ouml;y&uuml;kl&uuml;y&uuml;n&uuml; insanda g&ouml;rm\u0259k, onda tapmaq ist\u0259yirl\u0259r. Tama\u015fada Solomon ibn Qabirol N\u0259simi il\u0259 &uuml;z-&uuml;z\u0259 g\u0259lir. S\u0259hn\u0259 \u0259s\u0259rind\u0259 h\u0259r iki \u015fairin 5 \u015feirind\u0259n istifad\u0259 edilib. Bu \u0259s\u0259rl\u0259r b&uuml;t&ouml;vl&uuml;kd\u0259 N\u0259simi poeziyas\u0131n\u0131n ruhuna yax\u0131n, h\u0259m d\u0259 festivala bir t&ouml;hf\u0259dir.<\/p>\n<p>Rejissor deyib ki, Leyla \u018fliyeva v\u0259 Leyla B\u0259yimi bir-birin\u0259 ba\u011flayan, yax\u0131nla\u015fd\u0131ran ideyad\u0131r. Bu ideya vaxtil\u0259 N\u0259simini Solomonla ba\u011flay\u0131b. \u018fsrl\u0259r ke&ccedil;ib, bu ideya yenid\u0259n iki s&ouml;z adam\u0131n\u0131 birl\u0259\u015fdirir. Burada \u0259sas ideya \u0130nsand\u0131r.<br \/>\nBirinci N\u0259simi &ndash; \u015feir, inc\u0259s\u0259n\u0259t v\u0259 m\u0259n\u0259viyyat Festival\u0131ndan &quot;Qurban&quot; immersiv tama\u015fas\u0131 il\u0259 s\u0259n\u0259tsev\u0259rl\u0259r\u0259 yax\u015f\u0131 tan\u0131\u015f olan Leyla B\u0259yim deyib ki, bizim N\u0259simi &ndash; \u015feir, inc\u0259s\u0259n\u0259t v\u0259 m\u0259n\u0259viyyat Festival\u0131 &ccedil;\u0259r&ccedil;iv\u0259sind\u0259 d&uuml;\u015f&uuml;nd&uuml;y&uuml;m&uuml;z poetik tama\u015fa ideyas\u0131 zaman\u0131n f&ouml;vq&uuml;nd\u0259 olan \u015fairin tutdu\u011fu yolu, onun m\u0259n\u0259vi maarifl\u0259nm\u0259 yolunu g&ouml;st\u0259rm\u0259kd\u0259n ibar\u0259tdir.<\/p>\n<p>Solomon ibn Qabirolun poeziyas\u0131n\u0131n ruhu zaman m\u0259fhumu alt\u0131nda N\u0259simi poeziyas\u0131ndan gec\u0259 s\u0259mas\u0131nda parlayan yeni ulduz, sevgi ulduzu kimi ke&ccedil;ir. \u018fsrl\u0259r &ouml;t&uuml;r, s\u0259rh\u0259dl\u0259r, dill\u0259r d\u0259yi\u015fir, lakin poeziya v\u0259 m\u0259n\u0259viyyat dili eynidir&#8230; Bu, bizim Leyla \u018fliyeva il\u0259 g\u0259l\u0259c\u0259k dialoqumuzun rasional toxumudur. Bu dialoq m\u0259na etibaril\u0259 &ouml;z&uuml;m&uuml;z&uuml;n \u0259ksidir. Bu, &ouml;z daxilimiz\u0259 n&uuml;fuz etm\u0259k, i\u015f\u0131\u011fa aparan &quot;gec\u0259&quot;nin d\u0259rinliyin\u0259 dalmaqd\u0131r.<\/p>\n<p>Sonra tan\u0131nm\u0131\u015f elm v\u0259 m\u0259d\u0259niyy\u0259t xadiml\u0259rinin, \u015feirsev\u0259rl\u0259rin i\u015ftirak\u0131 il\u0259 &quot;LEYLA. FONS VITAE&quot; poeziya tama\u015fas\u0131 t\u0259qdim olunub.<br \/>\nPoeziya tama\u015fas\u0131nda iki \u015fair\u0259nin \u015feirl\u0259ri dialoq \u015f\u0259klind\u0259, dram qurulu\u015fu m&uuml;\u015fayi\u0259ti il\u0259 s&ouml;yl\u0259nilib. \u0130ki \u015fair\u0259nin poetik deyi\u015fm\u0259si simvolik olaraq \u015fairl\u0259rin lirik q\u0259hr\u0259man\u0131n\u0131n m\u0259n\u0259vi inki\u015faf v\u0259 maarifl\u0259nm\u0259si yolunu \u0259ks etdirir.<\/p>\n<p>Tama\u015fada Fuad Osmanov Solomon ibn Qabirolun, Oleq \u018fmirb\u0259yov is\u0259 N\u0259siminin obraz\u0131n\u0131 canland\u0131r\u0131blar.<br \/>\nTama\u015fa b&uuml;t&uuml;n i\u015ftirak&ccedil;\u0131lar t\u0259r\u0259find\u0259n maraqla qar\u015f\u0131lan\u0131b.<br \/>\nTama\u015fan\u0131n i\u015ftirak&ccedil;\u0131lar\u0131 v\u0259 festival\u0131n qonaqlar\u0131 dahi m&uuml;t\u0259f\u0259kkir v\u0259 filosofa h\u0259sr edilmi\u015f festival\u0131n t\u0259\u015fkilinin t\u0259kc\u0259 &ouml;lk\u0259nin m\u0259d\u0259ni h\u0259yat\u0131 &uuml;&ccedil;&uuml;n yox, &uuml;mumilikd\u0259 b&uuml;t&uuml;n ictimaiyy\u0259t &uuml;&ccedil;&uuml;n b&ouml;y&uuml;k \u0259h\u0259miyy\u0259t k\u0259sb etdiyini s&ouml;yl\u0259yibl\u0259r. &quot;LEYLA. FONS VITAE&quot; poeziya tama\u015fas\u0131n\u0131n b\u0259nz\u0259rsizliyini x&uuml;susi vur\u011fulayan qonaqlar h\u0259r iki \u015fair\u0259ni t\u0259brik edib v\u0259 onlara \u0259n xo\u015f arzular\u0131n\u0131 &ccedil;atd\u0131r\u0131blar.<\/p>\n","protected":false},"excerpt":{"rendered":"<p>\u0130kinci N\u0259simi &ndash; \u015feir, inc\u0259s\u0259n\u0259t v\u0259 m\u0259n\u0259viyyat Festival\u0131 &ccedil;\u0259r&ccedil;iv\u0259sind\u0259 sentyabr\u0131n 30-da Maqsud \u0130brahimb\u0259yov Yarad\u0131c\u0131l\u0131q M\u0259rk\u0259zind\u0259 &quot;LEYLA. FONS VITAE&quot; poeziya tama\u015fas\u0131 t\u0259qdim olunub. Tama\u015fan\u0131 izl\u0259y\u0259nl\u0259r aras\u0131nda Heyd\u0259r \u018fliyev Fondunun vitse-prezidenti Leyla&hellip;<\/p>\n","protected":false},"author":1,"featured_media":251278,"comment_status":"open","ping_status":"open","sticky":false,"template":"","format":"standard","meta":{"_lmt_disableupdate":"","_lmt_disable":"","footnotes":""},"categories":[],"tags":[],"class_list":["post-85618","post","type-post","status-publish","format-standard","has-post-thumbnail","hentry"],"_links":{"self":[{"href":"https:\/\/ucnoqta.az\/index.php?rest_route=\/wp\/v2\/posts\/85618","targetHints":{"allow":["GET"]}}],"collection":[{"href":"https:\/\/ucnoqta.az\/index.php?rest_route=\/wp\/v2\/posts"}],"about":[{"href":"https:\/\/ucnoqta.az\/index.php?rest_route=\/wp\/v2\/types\/post"}],"author":[{"embeddable":true,"href":"https:\/\/ucnoqta.az\/index.php?rest_route=\/wp\/v2\/users\/1"}],"replies":[{"embeddable":true,"href":"https:\/\/ucnoqta.az\/index.php?rest_route=%2Fwp%2Fv2%2Fcomments&post=85618"}],"version-history":[{"count":0,"href":"https:\/\/ucnoqta.az\/index.php?rest_route=\/wp\/v2\/posts\/85618\/revisions"}],"wp:featuredmedia":[{"embeddable":true,"href":"https:\/\/ucnoqta.az\/index.php?rest_route=\/wp\/v2\/media\/251278"}],"wp:attachment":[{"href":"https:\/\/ucnoqta.az\/index.php?rest_route=%2Fwp%2Fv2%2Fmedia&parent=85618"}],"wp:term":[{"taxonomy":"category","embeddable":true,"href":"https:\/\/ucnoqta.az\/index.php?rest_route=%2Fwp%2Fv2%2Fcategories&post=85618"},{"taxonomy":"post_tag","embeddable":true,"href":"https:\/\/ucnoqta.az\/index.php?rest_route=%2Fwp%2Fv2%2Ftags&post=85618"}],"curies":[{"name":"wp","href":"https:\/\/api.w.org\/{rel}","templated":true}]}}