{"id":85612,"date":"2019-09-30T18:33:39","date_gmt":"2019-09-30T14:33:39","guid":{"rendered":""},"modified":"-0001-11-30T00:00:00","modified_gmt":"-0001-11-29T20:00:00","slug":"","status":"publish","type":"post","link":"https:\/\/ucnoqta.az\/?p=85612","title":{"rendered":"Yasamalda 3 ki\u015fi qad\u0131n\u0131 zorak\u0131l\u0131qla \u00f6ld\u00fcrd\u00fc"},"content":{"rendered":"<p><strong>Sentyabr\u0131n 23-d\u0259 saat 22 rad\u0259l\u0259rind\u0259 Yeni Yasamal-1 ya\u015fay\u0131\u015f sah\u0259sind\u0259 Maya K\u0259rimovan\u0131n &uuml;z\u0259rind\u0259 zorak\u0131l\u0131q \u0259lam\u0259tl\u0259ri olan meyitinin ya\u015fad\u0131\u011f\u0131 evd\u0259 tap\u0131lmas\u0131 bar\u0259d\u0259 Yasamal RP\u0130-nin 29-cu Polis \u015e&ouml;b\u0259sin\u0259 m\u0259lumat daxil olub.<\/strong><\/p>\n<p>&ldquo;Qafqazinfo&rdquo; x\u0259b\u0259r verir ki, t\u0259xir\u0259sal\u0131nmaz istintaq v\u0259 \u0259m\u0259liyyat t\u0259dbirl\u0259ri il\u0259 M.K\u0259rimovan\u0131n L\u0259nk\u0259ran rayon sakinl\u0259ri H.N\u0259sirli v\u0259 \u0259vv\u0259ll\u0259r m\u0259hkum olunmu\u015flar &#8211; F.Axundov, R.Quluzad\u0259 t\u0259r\u0259find\u0259n b\u0131&ccedil;aqla q\u0259tl\u0259 yetirilm\u0259si m&uuml;\u0259yy\u0259n edilib.<\/p>\n<p>\u018fm\u0259liyyat-axtar\u0131\u015f t\u0259dbirl\u0259ri n\u0259tic\u0259sind\u0259 q\u0259sd\u0259n adam &ouml;ld&uuml;rm\u0259kd\u0259 \u015f&uuml;bh\u0259li bilin\u0259n R.Quluzad\u0259 v\u0259 H.N\u0259sirli saxlan\u0131l\u0131b, dig\u0259r \u015f\u0259xsin tutulmas\u0131 istiqam\u0259tind\u0259 z\u0259ruri \u0259m\u0259liyyat-istintaq t\u0259dbirl\u0259ri davam etdirilir.<br \/>\nFaktla \u0259laq\u0259dar cinay\u0259t i\u015fi ba\u015flan\u0131l\u0131b. Ara\u015fd\u0131rma apar\u0131l\u0131r.&nbsp; &nbsp;&nbsp;<\/p>\n","protected":false},"excerpt":{"rendered":"<p>Sentyabr\u0131n 23-d\u0259 saat 22 rad\u0259l\u0259rind\u0259 Yeni Yasamal-1 ya\u015fay\u0131\u015f sah\u0259sind\u0259 Maya K\u0259rimovan\u0131n &uuml;z\u0259rind\u0259 zorak\u0131l\u0131q \u0259lam\u0259tl\u0259ri olan meyitinin ya\u015fad\u0131\u011f\u0131 evd\u0259 tap\u0131lmas\u0131 bar\u0259d\u0259 Yasamal RP\u0130-nin 29-cu Polis \u015e&ouml;b\u0259sin\u0259 m\u0259lumat daxil olub. &ldquo;Qafqazinfo&rdquo; x\u0259b\u0259r&hellip;<\/p>\n","protected":false},"author":1,"featured_media":251278,"comment_status":"open","ping_status":"open","sticky":false,"template":"","format":"standard","meta":{"_lmt_disableupdate":"","_lmt_disable":"","footnotes":""},"categories":[],"tags":[],"class_list":["post-85612","post","type-post","status-publish","format-standard","has-post-thumbnail","hentry"],"_links":{"self":[{"href":"https:\/\/ucnoqta.az\/index.php?rest_route=\/wp\/v2\/posts\/85612","targetHints":{"allow":["GET"]}}],"collection":[{"href":"https:\/\/ucnoqta.az\/index.php?rest_route=\/wp\/v2\/posts"}],"about":[{"href":"https:\/\/ucnoqta.az\/index.php?rest_route=\/wp\/v2\/types\/post"}],"author":[{"embeddable":true,"href":"https:\/\/ucnoqta.az\/index.php?rest_route=\/wp\/v2\/users\/1"}],"replies":[{"embeddable":true,"href":"https:\/\/ucnoqta.az\/index.php?rest_route=%2Fwp%2Fv2%2Fcomments&post=85612"}],"version-history":[{"count":0,"href":"https:\/\/ucnoqta.az\/index.php?rest_route=\/wp\/v2\/posts\/85612\/revisions"}],"wp:featuredmedia":[{"embeddable":true,"href":"https:\/\/ucnoqta.az\/index.php?rest_route=\/wp\/v2\/media\/251278"}],"wp:attachment":[{"href":"https:\/\/ucnoqta.az\/index.php?rest_route=%2Fwp%2Fv2%2Fmedia&parent=85612"}],"wp:term":[{"taxonomy":"category","embeddable":true,"href":"https:\/\/ucnoqta.az\/index.php?rest_route=%2Fwp%2Fv2%2Fcategories&post=85612"},{"taxonomy":"post_tag","embeddable":true,"href":"https:\/\/ucnoqta.az\/index.php?rest_route=%2Fwp%2Fv2%2Ftags&post=85612"}],"curies":[{"name":"wp","href":"https:\/\/api.w.org\/{rel}","templated":true}]}}