{"id":85609,"date":"2019-09-30T18:14:10","date_gmt":"2019-09-30T14:14:10","guid":{"rendered":""},"modified":"-0001-11-30T00:00:00","modified_gmt":"-0001-11-29T20:00:00","slug":"","status":"publish","type":"post","link":"https:\/\/ucnoqta.az\/?p=85609","title":{"rendered":"Elman R\u00fcst\u0259mov: <font color=red><b>\u201cSon 25 ild\u0259 manat c\u0259mi 2 d\u0259f\u0259 k\u0259skin ucuzla\u015f\u0131b\u201d<\/b><\/font>"},"content":{"rendered":"<p><strong>&ldquo;&Ouml;lk\u0259d\u0259 biznes kreditl\u0259rinin illik faiz d\u0259r\u0259c\u0259si, \u0259sas\u0259n, Az\u0259rbaycan M\u0259rk\u0259zi Bank\u0131n\u0131n (AMB) m&uuml;\u0259yy\u0259n etdiyi u&ccedil;ot d\u0259r\u0259c\u0259si \u0259sas\u0131nda formala\u015f\u0131r&rdquo;.<\/strong><\/p>\n<p>&ldquo;Report&rdquo; x\u0259b\u0259r verir ki, bunu jurnalistl\u0259r\u0259 a&ccedil;\u0131qlamas\u0131nda AMB-nin s\u0259dri&nbsp;Elman R&uuml;st\u0259mov&nbsp;deyib.<\/p>\n<p>&ldquo;Bununla yana\u015f\u0131, \u0259man\u0259t faizl\u0259ri, el\u0259c\u0259 d\u0259 d&ouml;vl\u0259t qiym\u0259tli ka\u011f\u0131zlar\u0131n\u0131n da g\u0259lirliliyi m&uuml;\u0259yy\u0259n q\u0259d\u0259r u&ccedil;ot d\u0259r\u0259c\u0259sind\u0259n as\u0131l\u0131 olaraq d\u0259yi\u015fir. Burada birba\u015fa t\u0259sir\u0259 o vaxt nail olaca\u011f\u0131q ki, inflyasiyan\u0131n h\u0259d\u0259fl\u0259nm\u0259si rejimin\u0259 ke&ccedil;\u0259c\u0259yik&rdquo;, &#8211; o qeyd edib.<\/p>\n<p>Bundan ba\u015fqa, ba\u015f bankir bildirib ki, son 25 ild\u0259 Az\u0259rbaycanda orta illik inflyasiya 5% civar\u0131nda olub, manat AB\u015e dollar\u0131 qar\u015f\u0131s\u0131nda c\u0259mi iki d\u0259f\u0259 k\u0259skin ucuzla\u015f\u0131b: &ldquo;Halbuki qon\u015fu &ouml;lk\u0259l\u0259rd\u0259 milli valyutan\u0131n k\u0259skin d\u0259y\u0259rd\u0259n d&uuml;\u015fm\u0259si 10 d\u0259f\u0259y\u0259 q\u0259d\u0259r ba\u015f verib&rdquo;.&nbsp;<\/p>\n","protected":false},"excerpt":{"rendered":"<p>&ldquo;&Ouml;lk\u0259d\u0259 biznes kreditl\u0259rinin illik faiz d\u0259r\u0259c\u0259si, \u0259sas\u0259n, Az\u0259rbaycan M\u0259rk\u0259zi Bank\u0131n\u0131n (AMB) m&uuml;\u0259yy\u0259n etdiyi u&ccedil;ot d\u0259r\u0259c\u0259si \u0259sas\u0131nda formala\u015f\u0131r&rdquo;. &ldquo;Report&rdquo; x\u0259b\u0259r verir ki, bunu jurnalistl\u0259r\u0259 a&ccedil;\u0131qlamas\u0131nda AMB-nin s\u0259dri&nbsp;Elman R&uuml;st\u0259mov&nbsp;deyib. &ldquo;Bununla yana\u015f\u0131, \u0259man\u0259t&hellip;<\/p>\n","protected":false},"author":1,"featured_media":251278,"comment_status":"open","ping_status":"open","sticky":false,"template":"","format":"standard","meta":{"_lmt_disableupdate":"","_lmt_disable":"","footnotes":""},"categories":[88],"tags":[],"class_list":["post-85609","post","type-post","status-publish","format-standard","has-post-thumbnail","hentry","category-ekonomika"],"_links":{"self":[{"href":"https:\/\/ucnoqta.az\/index.php?rest_route=\/wp\/v2\/posts\/85609","targetHints":{"allow":["GET"]}}],"collection":[{"href":"https:\/\/ucnoqta.az\/index.php?rest_route=\/wp\/v2\/posts"}],"about":[{"href":"https:\/\/ucnoqta.az\/index.php?rest_route=\/wp\/v2\/types\/post"}],"author":[{"embeddable":true,"href":"https:\/\/ucnoqta.az\/index.php?rest_route=\/wp\/v2\/users\/1"}],"replies":[{"embeddable":true,"href":"https:\/\/ucnoqta.az\/index.php?rest_route=%2Fwp%2Fv2%2Fcomments&post=85609"}],"version-history":[{"count":0,"href":"https:\/\/ucnoqta.az\/index.php?rest_route=\/wp\/v2\/posts\/85609\/revisions"}],"wp:featuredmedia":[{"embeddable":true,"href":"https:\/\/ucnoqta.az\/index.php?rest_route=\/wp\/v2\/media\/251278"}],"wp:attachment":[{"href":"https:\/\/ucnoqta.az\/index.php?rest_route=%2Fwp%2Fv2%2Fmedia&parent=85609"}],"wp:term":[{"taxonomy":"category","embeddable":true,"href":"https:\/\/ucnoqta.az\/index.php?rest_route=%2Fwp%2Fv2%2Fcategories&post=85609"},{"taxonomy":"post_tag","embeddable":true,"href":"https:\/\/ucnoqta.az\/index.php?rest_route=%2Fwp%2Fv2%2Ftags&post=85609"}],"curies":[{"name":"wp","href":"https:\/\/api.w.org\/{rel}","templated":true}]}}