{"id":85602,"date":"2019-09-30T15:48:52","date_gmt":"2019-09-30T11:48:52","guid":{"rendered":""},"modified":"-0001-11-30T00:00:00","modified_gmt":"-0001-11-29T20:00:00","slug":"","status":"publish","type":"post","link":"https:\/\/ucnoqta.az\/?p=85602","title":{"rendered":"<b>M\u00fc\u0259llim d\u0259rs zaman\u0131 \u015fagirdi v\u0259h\u015fic\u0259sin\u0259 d\u00f6yd\u00fc<font color=red> &#8211; V\u0130DEO<\/font><\/b>"},"content":{"rendered":"<p>Ukraynada m&uuml;\u0259llim yuxar\u0131 sinifl\u0259rd\u0259n olan \u015fagirdi d\u0259rs zaman\u0131 d&ouml;y&uuml;b. Ucnoqta.az x\u0259b\u0259r verir ki, insident &Ccedil;ernovi&ccedil;koy \u0259yal\u0259tind\u0259 qeyd\u0259 al\u0131n\u0131b.<\/p>\n<p>G&ouml;r&uuml;nt&uuml;l\u0259rd\u0259, m&uuml;\u0259llim masa arxas\u0131nda \u0259yl\u0259\u015fmi\u015f \u015fagirdi nec\u0259 \u015fill\u0259l\u0259diyi g&ouml;r&uuml;l&uuml;r v\u0259 dig\u0259r sinif yolda\u015f\u0131 da bunu mobil telefonla &ccedil;\u0259k\u0259r\u0259k sosial \u015f\u0259b\u0259k\u0259d\u0259 yay\u0131mlay\u0131r.<\/p>\n<p>Yerli median\u0131n m\u0259lumat\u0131na g&ouml;r\u0259, hadis\u0259 2018-ci ild\u0259 ba\u015f verib, lakin \u015fagird ona qar\u015f\u0131 edil\u0259n \u015fidd\u0259tl\u0259 ba\u011fl\u0131 \u015fikay\u0259t etm\u0259yib.<\/p>\n<p>Bir m&uuml;dd\u0259t sonra m\u0259kt\u0259b direktoru h\u0259min kadrlar\u0131 izl\u0259yir v\u0259 s&ouml;z verir ki, ya m&uuml;\u0259llimi i\u015fd\u0259n &ccedil;\u0131xaracaq, ya da t&ouml;hm\u0259t ver\u0259c\u0259k.<\/p>\n<p>M&uuml;\u0259llimin hans\u0131 c\u0259za almas\u0131 il\u0259 ba\u011fl\u0131 m\u0259lumat verilmir.<\/p>\n<p>&nbsp;<\/p>\n<p>Namiq Musayev<\/p>\n<p>&nbsp;<\/p>\n<p>&nbsp;<\/p>\n<p><iframe allowfullscreen=\"\" frameborder=\"0\" height=\"300\" mozallowfullscreen=\"\" src=\"https:\/\/bax.tv\/player\/75513.html\" webkitallowfullscreen=\"\" width=\"500\"><\/iframe><\/p>\n","protected":false},"excerpt":{"rendered":"<p>Ukraynada m&uuml;\u0259llim yuxar\u0131 sinifl\u0259rd\u0259n olan \u015fagirdi d\u0259rs zaman\u0131 d&ouml;y&uuml;b. Ucnoqta.az x\u0259b\u0259r verir ki, insident &Ccedil;ernovi&ccedil;koy \u0259yal\u0259tind\u0259 qeyd\u0259 al\u0131n\u0131b. G&ouml;r&uuml;nt&uuml;l\u0259rd\u0259, m&uuml;\u0259llim masa arxas\u0131nda \u0259yl\u0259\u015fmi\u015f \u015fagirdi nec\u0259 \u015fill\u0259l\u0259diyi g&ouml;r&uuml;l&uuml;r v\u0259 dig\u0259r sinif&hellip;<\/p>\n","protected":false},"author":1,"featured_media":251278,"comment_status":"open","ping_status":"open","sticky":false,"template":"","format":"standard","meta":{"_lmt_disableupdate":"","_lmt_disable":"","footnotes":""},"categories":[],"tags":[],"class_list":["post-85602","post","type-post","status-publish","format-standard","has-post-thumbnail","hentry"],"_links":{"self":[{"href":"https:\/\/ucnoqta.az\/index.php?rest_route=\/wp\/v2\/posts\/85602","targetHints":{"allow":["GET"]}}],"collection":[{"href":"https:\/\/ucnoqta.az\/index.php?rest_route=\/wp\/v2\/posts"}],"about":[{"href":"https:\/\/ucnoqta.az\/index.php?rest_route=\/wp\/v2\/types\/post"}],"author":[{"embeddable":true,"href":"https:\/\/ucnoqta.az\/index.php?rest_route=\/wp\/v2\/users\/1"}],"replies":[{"embeddable":true,"href":"https:\/\/ucnoqta.az\/index.php?rest_route=%2Fwp%2Fv2%2Fcomments&post=85602"}],"version-history":[{"count":0,"href":"https:\/\/ucnoqta.az\/index.php?rest_route=\/wp\/v2\/posts\/85602\/revisions"}],"wp:featuredmedia":[{"embeddable":true,"href":"https:\/\/ucnoqta.az\/index.php?rest_route=\/wp\/v2\/media\/251278"}],"wp:attachment":[{"href":"https:\/\/ucnoqta.az\/index.php?rest_route=%2Fwp%2Fv2%2Fmedia&parent=85602"}],"wp:term":[{"taxonomy":"category","embeddable":true,"href":"https:\/\/ucnoqta.az\/index.php?rest_route=%2Fwp%2Fv2%2Fcategories&post=85602"},{"taxonomy":"post_tag","embeddable":true,"href":"https:\/\/ucnoqta.az\/index.php?rest_route=%2Fwp%2Fv2%2Ftags&post=85602"}],"curies":[{"name":"wp","href":"https:\/\/api.w.org\/{rel}","templated":true}]}}