{"id":85585,"date":"2019-09-30T11:46:08","date_gmt":"2019-09-30T07:46:08","guid":{"rendered":""},"modified":"-0001-11-30T00:00:00","modified_gmt":"-0001-11-29T20:00:00","slug":"","status":"publish","type":"post","link":"https:\/\/ucnoqta.az\/?p=85585","title":{"rendered":"Prezident \u0130lham \u018fliyev Fransa Senat\u0131n\u0131n Fransa-Qafqaz dostluq qrupu s\u0259drini q\u0259bul edib <font color=red><b>-FOTO<\/b><\/font>"},"content":{"rendered":"<p>Az\u0259rbaycan Respublikas\u0131n\u0131n Prezidenti \u0130lham \u018fliyev sentyabr\u0131n 30-da Fransa Respublikas\u0131 Senat\u0131n\u0131n Fransa-Qafqaz dostluq qrupunun s\u0259dri v\u0259 Az\u0259rbaycan &uuml;zr\u0259 s\u0259dr m&uuml;avini Alen Uperin ba\u015f&ccedil;\u0131l\u0131q etdiyi n&uuml;may\u0259nd\u0259 hey\u0259tini q\u0259bul edib.<\/p>\n<p>Bu bar\u0259d\u0259 Prezidentin M\u0259tbuat xidm\u0259tind\u0259n m\u0259lumat verilib.<\/p>\n","protected":false},"excerpt":{"rendered":"<p>Az\u0259rbaycan Respublikas\u0131n\u0131n Prezidenti \u0130lham \u018fliyev sentyabr\u0131n 30-da Fransa Respublikas\u0131 Senat\u0131n\u0131n Fransa-Qafqaz dostluq qrupunun s\u0259dri v\u0259 Az\u0259rbaycan &uuml;zr\u0259 s\u0259dr m&uuml;avini Alen Uperin ba\u015f&ccedil;\u0131l\u0131q etdiyi n&uuml;may\u0259nd\u0259 hey\u0259tini q\u0259bul edib. Bu bar\u0259d\u0259 Prezidentin&hellip;<\/p>\n","protected":false},"author":1,"featured_media":251278,"comment_status":"open","ping_status":"open","sticky":false,"template":"","format":"standard","meta":{"_lmt_disableupdate":"","_lmt_disable":"","footnotes":""},"categories":[],"tags":[],"class_list":["post-85585","post","type-post","status-publish","format-standard","has-post-thumbnail","hentry"],"_links":{"self":[{"href":"https:\/\/ucnoqta.az\/index.php?rest_route=\/wp\/v2\/posts\/85585","targetHints":{"allow":["GET"]}}],"collection":[{"href":"https:\/\/ucnoqta.az\/index.php?rest_route=\/wp\/v2\/posts"}],"about":[{"href":"https:\/\/ucnoqta.az\/index.php?rest_route=\/wp\/v2\/types\/post"}],"author":[{"embeddable":true,"href":"https:\/\/ucnoqta.az\/index.php?rest_route=\/wp\/v2\/users\/1"}],"replies":[{"embeddable":true,"href":"https:\/\/ucnoqta.az\/index.php?rest_route=%2Fwp%2Fv2%2Fcomments&post=85585"}],"version-history":[{"count":0,"href":"https:\/\/ucnoqta.az\/index.php?rest_route=\/wp\/v2\/posts\/85585\/revisions"}],"wp:featuredmedia":[{"embeddable":true,"href":"https:\/\/ucnoqta.az\/index.php?rest_route=\/wp\/v2\/media\/251278"}],"wp:attachment":[{"href":"https:\/\/ucnoqta.az\/index.php?rest_route=%2Fwp%2Fv2%2Fmedia&parent=85585"}],"wp:term":[{"taxonomy":"category","embeddable":true,"href":"https:\/\/ucnoqta.az\/index.php?rest_route=%2Fwp%2Fv2%2Fcategories&post=85585"},{"taxonomy":"post_tag","embeddable":true,"href":"https:\/\/ucnoqta.az\/index.php?rest_route=%2Fwp%2Fv2%2Ftags&post=85585"}],"curies":[{"name":"wp","href":"https:\/\/api.w.org\/{rel}","templated":true}]}}