{"id":85581,"date":"2019-09-30T11:03:42","date_gmt":"2019-09-30T07:03:42","guid":{"rendered":""},"modified":"-0001-11-30T00:00:00","modified_gmt":"-0001-11-29T20:00:00","slug":"","status":"publish","type":"post","link":"https:\/\/ucnoqta.az\/?p=85581","title":{"rendered":"Qazax\u0131stan\u0131n Az\u0259rbaycana yeni s\u0259firi t\u0259yin edilib"},"content":{"rendered":"<p><strong>Prezident&nbsp;Kas\u0131m-Jomart Tokayevin f\u0259rman\u0131na \u0259sas\u0259n,&nbsp;Serjan Abd\u0131karimov&nbsp;Qazax\u0131stan Respublikas\u0131n\u0131n Az\u0259rbaycan Respublikas\u0131ndak\u0131 f&ouml;vq\u0259lad\u0259 v\u0259 s\u0259lahiyy\u0259tli s\u0259firi v\u0259zif\u0259sin\u0259 t\u0259yin olunub.<\/strong><\/p>\n<p>Bu bar\u0259d\u0259&nbsp;Qazax\u0131stan\u0131n Az\u0259rbaycandak\u0131 s\u0259firliyind\u0259n m\u0259lumat verilib.<\/p>\n<p>S.Abd\u0131karimov 1976-c\u0131 il may\u0131n 11-d\u0259 Karaqanda \u015f\u0259h\u0259rind\u0259 anadan olub. 1993-1998-ci ill\u0259rd\u0259 Abay ad\u0131na Almat\u0131 D&ouml;vl\u0259t Universitetind\u0259 t\u0259hsil al\u0131b. Diplomatik f\u0259aliyy\u0259tin\u0259 1998-ci ild\u0259 &Uuml;&ccedil;&uuml;nc&uuml; departamentin Avropa v\u0259 Amerika idar\u0259sinin referenti qismind\u0259 ba\u015flay\u0131b. O, Qazax\u0131stan\u0131n C\u0259nubi Koreya, Avstriya, B&ouml;y&uuml;k Britaniyadak\u0131 s\u0259filikl\u0259rind\u0259 m&uuml;xt\u0259lif v\u0259zif\u0259l\u0259rd\u0259 &ccedil;al\u0131\u015f\u0131b, &ouml;lk\u0259sinin Bolqar\u0131standak\u0131 m&uuml;v\u0259qq\u0259ti i\u015fl\u0259r v\u0259kili v\u0259zif\u0259sini icra edib.<\/p>\n<p>Az\u0259rbaycana s\u0259fir t\u0259yin olunan q\u0259d\u0259r S.Abd\u0131karimov&nbsp;2015-ci ild\u0259n&nbsp;Qazax\u0131stan\u0131n&nbsp;&Ccedil;exiya, eyni zamanda&nbsp;Slovakiyadak\u0131 s\u0259firi v\u0259zif\u0259sind\u0259 &ccedil;al\u0131\u015f\u0131b.<\/p>\n<p>Ail\u0259lidir, 4 &ouml;vlad\u0131 var.\/report<\/p>\n","protected":false},"excerpt":{"rendered":"<p>Prezident&nbsp;Kas\u0131m-Jomart Tokayevin f\u0259rman\u0131na \u0259sas\u0259n,&nbsp;Serjan Abd\u0131karimov&nbsp;Qazax\u0131stan Respublikas\u0131n\u0131n Az\u0259rbaycan Respublikas\u0131ndak\u0131 f&ouml;vq\u0259lad\u0259 v\u0259 s\u0259lahiyy\u0259tli s\u0259firi v\u0259zif\u0259sin\u0259 t\u0259yin olunub. Bu bar\u0259d\u0259&nbsp;Qazax\u0131stan\u0131n Az\u0259rbaycandak\u0131 s\u0259firliyind\u0259n m\u0259lumat verilib. S.Abd\u0131karimov 1976-c\u0131 il may\u0131n 11-d\u0259 Karaqanda \u015f\u0259h\u0259rind\u0259 anadan olub.&hellip;<\/p>\n","protected":false},"author":1,"featured_media":251278,"comment_status":"open","ping_status":"open","sticky":false,"template":"","format":"standard","meta":{"_lmt_disableupdate":"","_lmt_disable":"","footnotes":""},"categories":[],"tags":[],"class_list":["post-85581","post","type-post","status-publish","format-standard","has-post-thumbnail","hentry"],"_links":{"self":[{"href":"https:\/\/ucnoqta.az\/index.php?rest_route=\/wp\/v2\/posts\/85581","targetHints":{"allow":["GET"]}}],"collection":[{"href":"https:\/\/ucnoqta.az\/index.php?rest_route=\/wp\/v2\/posts"}],"about":[{"href":"https:\/\/ucnoqta.az\/index.php?rest_route=\/wp\/v2\/types\/post"}],"author":[{"embeddable":true,"href":"https:\/\/ucnoqta.az\/index.php?rest_route=\/wp\/v2\/users\/1"}],"replies":[{"embeddable":true,"href":"https:\/\/ucnoqta.az\/index.php?rest_route=%2Fwp%2Fv2%2Fcomments&post=85581"}],"version-history":[{"count":0,"href":"https:\/\/ucnoqta.az\/index.php?rest_route=\/wp\/v2\/posts\/85581\/revisions"}],"wp:featuredmedia":[{"embeddable":true,"href":"https:\/\/ucnoqta.az\/index.php?rest_route=\/wp\/v2\/media\/251278"}],"wp:attachment":[{"href":"https:\/\/ucnoqta.az\/index.php?rest_route=%2Fwp%2Fv2%2Fmedia&parent=85581"}],"wp:term":[{"taxonomy":"category","embeddable":true,"href":"https:\/\/ucnoqta.az\/index.php?rest_route=%2Fwp%2Fv2%2Fcategories&post=85581"},{"taxonomy":"post_tag","embeddable":true,"href":"https:\/\/ucnoqta.az\/index.php?rest_route=%2Fwp%2Fv2%2Ftags&post=85581"}],"curies":[{"name":"wp","href":"https:\/\/api.w.org\/{rel}","templated":true}]}}