{"id":85576,"date":"2019-09-30T10:34:37","date_gmt":"2019-09-30T06:34:37","guid":{"rendered":""},"modified":"-0001-11-30T00:00:00","modified_gmt":"-0001-11-29T20:00:00","slug":"","status":"publish","type":"post","link":"https:\/\/ucnoqta.az\/?p=85576","title":{"rendered":"Acun Il\u0131cal\u0131:<font color=red><b> &#8220;Az\u0259rbaycanda oynasam, oran\u0131n himnini oxuyaram&#8221;<\/b><\/font>"},"content":{"rendered":"<p><strong>&ldquo;F\u0259n\u0259rba\u011f&ccedil;a&rdquo; klubunun almaniyal\u0131 futbol&ccedil;usu Maks Kruzenin T&uuml;rkiy\u0259 Super Liqas\u0131n\u0131n VI turunda &ldquo;Qalatasaray&rdquo;la s\u0259f\u0259r mat&ccedil;\u0131nda T&uuml;rkiy\u0259nin d&ouml;vl\u0259t himnini oxumas\u0131 birm\u0259nal\u0131 qar\u015f\u0131lanmay\u0131b.<\/strong><\/p>\n<p>Tan\u0131nm\u0131\u015f futbol \u015f\u0259rh&ccedil;isi Sinan Engin &ldquo;B\u0259yaz TV&rdquo;d\u0259 &ldquo;Maks Kruzey\u0259 \u0130stiqlal Mar\u015f\u0131n\u0131 Acun Il\u0131cal\u0131 &ouml;yr\u0259dib&rdquo; deyib. Onun h\u0259mkar\u0131 Ahmet &Ccedil;akar is\u0259 &ldquo;Maks Kruze kimi bir \u0259cn\u0259binin \u0130stiqlal Mar\u015f\u0131n\u0131 &ouml;yr\u0259nm\u0259yi hoqqabazl\u0131qd\u0131r&rdquo; s&ouml;yl\u0259yib.<\/p>\n<p>Canl\u0131 yay\u0131ma qo\u015fulan T&uuml;rkiy\u0259nin m\u0259\u015fhur apar\u0131c\u0131s\u0131, TV8-in sahibi Acun Il\u0131cal\u0131 is\u0259 buna s\u0259rt \u015f\u0259kil\u0259 etiraz edib: &ldquo;Maks Kruze 30 d\u0259f\u0259 Almaniya millisind\u0259 oynam\u0131\u015f futbol&ccedil;udur, \u015fouya ehtiyac\u0131 yoxdur. Almaniyada bizim v\u0259t\u0259nda\u015flar\u0131 sevib, dem\u0259k ki, biz sevdirmi\u015fik. H\u0259r yerd\u0259 irq&ccedil;ilik var. T&uuml;rkiy\u0259d\u0259 qarad\u0259rili oyun&ccedil;ular\u0131 &ccedil;ox sevirik. Dem\u0259k ki, bizim bel\u0259 bir x&uuml;susiyy\u0259timiz var. Az\u0259rbaycanda oynasam, oran\u0131n himnini oxuyaram. Biri &ccedil;\u0131x\u0131b m\u0259n\u0259 \u015farlatan des\u0259, b&uuml;t&uuml;n h\u0259v\u0259sim q\u0131r\u0131lar, &ouml;z&uuml;m&uuml; sor\u011fu-sual ed\u0259r\u0259m. Bax\u0131ram ki, h\u0259r k\u0259s xo\u015fb\u0259xtdir. Bu adam sabah, birisig&uuml;n Almaniyaya ged\u0259c\u0259k v\u0259 T&uuml;rkiy\u0259d\u0259n b\u0259hs ed\u0259c\u0259k. Bir alman getdiyi zaman &ldquo;m\u0259ni n\u0259 q\u0259d\u0259r g&ouml;z\u0259l qucaqlad\u0131lar&rdquo; &#8211; des\u0259, yax\u015f\u0131 deyilmi?&rdquo;<\/p>\n<p>Qeyd ed\u0259k ki, \u0130stanbul derbisi qolsuz b\u0259rab\u0259rlikl\u0259 ba\u015fa &ccedil;at\u0131b. &ldquo;Qalatasaray&rdquo;\u0131n hey\u0259tind\u0259 is\u0259 hollandiyal\u0131 Rayan Babel T&uuml;rkiy\u0259 himnini oxuyub.\/report<\/p>\n","protected":false},"excerpt":{"rendered":"<p>&ldquo;F\u0259n\u0259rba\u011f&ccedil;a&rdquo; klubunun almaniyal\u0131 futbol&ccedil;usu Maks Kruzenin T&uuml;rkiy\u0259 Super Liqas\u0131n\u0131n VI turunda &ldquo;Qalatasaray&rdquo;la s\u0259f\u0259r mat&ccedil;\u0131nda T&uuml;rkiy\u0259nin d&ouml;vl\u0259t himnini oxumas\u0131 birm\u0259nal\u0131 qar\u015f\u0131lanmay\u0131b. Tan\u0131nm\u0131\u015f futbol \u015f\u0259rh&ccedil;isi Sinan Engin &ldquo;B\u0259yaz TV&rdquo;d\u0259 &ldquo;Maks Kruzey\u0259 \u0130stiqlal&hellip;<\/p>\n","protected":false},"author":1,"featured_media":251278,"comment_status":"open","ping_status":"open","sticky":false,"template":"","format":"standard","meta":{"_lmt_disableupdate":"","_lmt_disable":"","footnotes":""},"categories":[],"tags":[],"class_list":["post-85576","post","type-post","status-publish","format-standard","has-post-thumbnail","hentry"],"_links":{"self":[{"href":"https:\/\/ucnoqta.az\/index.php?rest_route=\/wp\/v2\/posts\/85576","targetHints":{"allow":["GET"]}}],"collection":[{"href":"https:\/\/ucnoqta.az\/index.php?rest_route=\/wp\/v2\/posts"}],"about":[{"href":"https:\/\/ucnoqta.az\/index.php?rest_route=\/wp\/v2\/types\/post"}],"author":[{"embeddable":true,"href":"https:\/\/ucnoqta.az\/index.php?rest_route=\/wp\/v2\/users\/1"}],"replies":[{"embeddable":true,"href":"https:\/\/ucnoqta.az\/index.php?rest_route=%2Fwp%2Fv2%2Fcomments&post=85576"}],"version-history":[{"count":0,"href":"https:\/\/ucnoqta.az\/index.php?rest_route=\/wp\/v2\/posts\/85576\/revisions"}],"wp:featuredmedia":[{"embeddable":true,"href":"https:\/\/ucnoqta.az\/index.php?rest_route=\/wp\/v2\/media\/251278"}],"wp:attachment":[{"href":"https:\/\/ucnoqta.az\/index.php?rest_route=%2Fwp%2Fv2%2Fmedia&parent=85576"}],"wp:term":[{"taxonomy":"category","embeddable":true,"href":"https:\/\/ucnoqta.az\/index.php?rest_route=%2Fwp%2Fv2%2Fcategories&post=85576"},{"taxonomy":"post_tag","embeddable":true,"href":"https:\/\/ucnoqta.az\/index.php?rest_route=%2Fwp%2Fv2%2Ftags&post=85576"}],"curies":[{"name":"wp","href":"https:\/\/api.w.org\/{rel}","templated":true}]}}