{"id":85562,"date":"2019-09-29T20:25:51","date_gmt":"2019-09-29T16:25:51","guid":{"rendered":""},"modified":"-0001-11-30T00:00:00","modified_gmt":"-0001-11-29T20:00:00","slug":"","status":"publish","type":"post","link":"https:\/\/ucnoqta.az\/?p=85562","title":{"rendered":"Az\u0259rbaycana veril\u0259n beyn\u0259lxalq d\u0259y\u0259r"},"content":{"rendered":"<p><strong>&ldquo;Doing Business 2020&rdquo;- &ouml;lk\u0259mizd\u0259ki davaml\u0131 islahatlara k\u0259nar v\u0259 tam t\u0259r\u0259fsiz bax\u0131\u015f<\/strong><\/p>\n<p>Az\u0259rbaycan D&uuml;nya Bank\u0131n\u0131n n&uuml;fuzlu &ldquo;Doing Business 2020&rdquo; hesabat\u0131nda \u0259n islahat&ccedil;\u0131 20 &ouml;lk\u0259 s\u0131ras\u0131na daxil olub. Hesabata istinad ets\u0259k, &ouml;lk\u0259miz 4 sah\u0259 &uuml;zr\u0259 sahibkarl\u0131q f\u0259aliyy\u0259ti il\u0259 m\u0259\u015f\u011ful olma\u011f\u0131 asanla\u015fd\u0131r\u0131b;<\/p>\n<p>&#8211; \u0259mlak\u0131n qeydiyyat\u0131;<br \/>\n&#8211; kreditl\u0259rin al\u0131nmas\u0131;<br \/>\n&#8211; minoritar investorlar\u0131n h&uuml;quqlar\u0131n\u0131n qorunmas\u0131;<br \/>\n&#8211; m&uuml;qavil\u0259l\u0259rin icras\u0131n\u0131n t\u0259min edilm\u0259si.<\/p>\n<p>Hesabata \u0259sas\u0259n, paytaxt&nbsp;Bak\u0131n\u0131n kadastr x\u0259rit\u0259sinin t\u0259rtib olunmas\u0131 v\u0259 h\u0259r bir f\u0259rdi torpaq sah\u0259sinin qeydiyyat\u0131, el\u0259c\u0259 d\u0259 m&ouml;vcud s\u0259n\u0259dl\u0259\u015fm\u0259nin t\u0259kmill\u0259\u015fdirilm\u0259si v\u0259 da\u015f\u0131nmaz \u0259mlak prosedurlar\u0131n\u0131n &ccedil;evikliyi n\u0259tic\u0259sind\u0259 da\u015f\u0131nmaz \u0259mlak\u0131n qeydiyyat\u0131 prosesi daha da s&uuml;r\u0259tl\u0259nib. Minoritar investorlar\u0131n h&uuml;quqlar\u0131n\u0131n m&uuml;dafi\u0259si t\u0259r\u0259fl\u0259rin imzalad\u0131\u011f\u0131 \u0259lveri\u015fsiz sazi\u015fl\u0259r &uuml;zr\u0259 m\u0259suliyy\u0259tin direktorlar &uuml;z\u0259rin\u0259 qoyulmas\u0131ndan sonra g&uuml;cl\u0259nib. Kommersiya il\u0259 ba\u011fl\u0131 m&uuml;bahis\u0259l\u0259r yarand\u0131qda t\u0259r\u0259fl\u0259r onlayn olaraq m&uuml;raci\u0259t g&ouml;nd\u0259r\u0259 v\u0259 vasit\u0259&ccedil;ilik etm\u0259k &uuml;&ccedil;&uuml;n maddi stimul \u0259ld\u0259 ed\u0259 bil\u0259rl\u0259r.<\/p>\n<p>&Uuml;mumil\u0259\u015fdirs\u0259k v\u0259 daha sad\u0259 dill\u0259 ifad\u0259 ets\u0259k, &ouml;lk\u0259mizin n&uuml;fuzlu hesabatda ir\u0259lil\u0259m\u0259sin\u0259 \u0259sas s\u0259b\u0259bl\u0259r s\u0131ras\u0131nda h&ouml;kum\u0259tin \u0259ks\u0259r sah\u0259l\u0259rd\u0259 &ouml;z xidm\u0259tl\u0259rini elektronla\u015fd\u0131rmas\u0131n\u0131, bu xidm\u0259tl\u0259rin \u0259l&ccedil;atanl\u0131\u011f\u0131n\u0131n t\u0259min olunmas\u0131n\u0131 vur\u011fulmaq m&uuml;mk&uuml;nd&uuml;r. \u018fhali il\u0259 &uuml;nsiyy\u0259td\u0259 prosedurlar\u0131n sad\u0259l\u0259\u015fdirilm\u0259si, get-g\u0259lin v\u0259 t\u0259l\u0259b olunan bir s\u0131ra x\u0259rcl\u0259rin azald\u0131lmas\u0131, \u015f\u0259ffafl\u0131\u011f\u0131n &ouml;n\u0259 &ccedil;\u0131xmas\u0131 hesabat\u0131 haz\u0131rlayanlar\u0131n diqq\u0259tini c\u0259lb ed\u0259n \u0259sas amill\u0259r kimi &ccedil;\u0131x\u0131\u015f edir.<\/p>\n<p>Bu is\u0259 &ldquo;Doing Business 2019&rdquo; hesabat\u0131nda 32 pill\u0259 ir\u0259lil\u0259y\u0259r\u0259k \u0259n islahat&ccedil;\u0131 &ouml;lk\u0259l\u0259r s\u0131ras\u0131nda 57-ci pill\u0259d\u0259n 25-ci yer\u0259 y&uuml;ks\u0259l\u0259n Az\u0259rbaycan\u0131n n&ouml;vb\u0259ti hesabatda da layiql\u0131 yerd\u0259 q\u0259rarla\u015fmas\u0131na t\u0259sir edib.<br \/>\n<img decoding=\"async\" alt=\"\" src=\"http:\/\/ucnoqta.az\/cdn\/2019\/september\/29\/medium\/doing.jpg\" style=\"width: 400px; height: 250px; float: left;\" \/>Hesabat Az\u0259rbaycandak\u0131 davaml\u0131 islahatlara k\u0259nar v\u0259 tam t\u0259r\u0259fsiz bax\u0131\u015f olmaqla, h\u0259yata v\u0259siq\u0259 qazanan yenilikl\u0259rin beyn\u0259lxalq qurumlar\u0131n diqq\u0259tind\u0259n yay\u0131nmamas\u0131n\u0131n \u0259yani g&ouml;st\u0259ricisidir.<\/p>\n<p>\u0130slahatlar\u0131n davaml\u0131l\u0131\u011f\u0131 bax\u0131m\u0131ndan &ouml;lk\u0259miz son ill\u04d9rd\u04d9 yeni v\u04d9 daha intensiv m\u04d9rh\u04d9l\u04d9ni ya\u015fay\u0131r. Prezident \u0130lham \u018fliyev islahatlar\u0131 yeni d&ouml;vr&uuml;n t\u04d9l\u04d9bl\u04d9ri s\u04d9viyy\u04d9sind\u04d9 davam etdir\u0259r\u0259k daha \u0259l&ccedil;atan v\u0259 \u0259hali m\u0259mnunlu\u011funa hesablanan siyas\u04d9t strategiyas\u0131 h\u04d9yata ke&ccedil;irir. Q\u04d9bul edil\u0259n fundamental q\u04d9rarlar, imzalanan s\u04d9r\u04d9ncamlar s\u0131rf \u04d9m\u04d9li f\u04d9aliyy\u04d9t\u04d9, praqmatizm\u04d9 s&ouml;yk\u04d9nib, reall\u0131\u011fa adekvat xarakter da\u015f\u0131y\u0131b.<\/p>\n<p>\u0130ctimai h\u04d9yat\u0131n b&uuml;t&uuml;n sah\u04d9l\u04d9rind\u04d9 yeni d&ouml;vr&uuml;n t\u04d9l\u04d9bl\u04d9rin\u04d9 uy\u011fun islahatlar\u0131n apar\u0131lmas\u0131 Az\u04d9rbaycan\u0131 C\u04d9nubi Qafqaz regionunda b&ouml;y&uuml;k n&uuml;fuz sahibin\u04d9, lokomotiv d&ouml;vl\u04d9t\u04d9 &ccedil;evirib. Qlobal enerji v\u04d9 kommunikasiya layih\u04d9l\u04d9rinin ard\u0131c\u0131l sur\u04d9td\u04d9 h\u04d9yata ke&ccedil;irilm\u04d9si, bazar iqtisadiyyat\u0131 prinsipl\u04d9rinin tam b\u04d9rq\u04d9rar olmas\u0131, xarici investisiyalar\u0131n regionlar\u0131n inki\u015faf\u0131na y&ouml;n\u04d9ldilm\u04d9si, &ouml;lk\u04d9d\u04d9 azad sahibkarl\u0131q v\u04d9 biznes m&uuml;hitinin formala\u015fd\u0131r\u0131lmas\u0131 kimi vacib m\u04d9qamlar da m&ouml;vcud iqtidar\u0131n siyas\u04d9tinin prioritet istiqam\u04d9tl\u04d9ri s\u0131ras\u0131nda x&uuml;susi vur\u011fulanmal\u0131d\u0131r. T\u0259kc\u0259 son &uuml;&ccedil; ilin sosial-iqtisadi yekunlar\u0131n\u0131n t\u04d9hlili isbat edir ki, Az\u04d9rbaycan Prezidenti &ouml;lk\u04d9nin qar\u015f\u0131s\u0131nda duran probleml\u04d9ri v\u04d9 onlar\u0131n h\u04d9lli yollar\u0131n\u0131 d&uuml;zg&uuml;n m&uuml;\u04d9yy\u04d9nl\u04d9\u015fdirib, bu y&ouml;nd\u04d9 \u04d9m\u04d9li t\u04d9dbirl\u04d9r h\u04d9yata ke&ccedil;irib.<\/p>\n<p>\u015e\u04d9ffafl\u0131\u011f\u0131n\u0131 art\u0131r\u0131lmas\u0131 m\u04d9qs\u04d9dil\u04d9 h\u0259m idar\u0259etm\u0259d\u0259, h\u0259m qanunvericilkd\u0259 islahatlar\u0131n ger&ccedil;\u0259kl\u0259\u015fdirilm\u0259si, \u04d9halinin g&uuml;z\u0259ran\u0131n\u0131n yax\u015f\u0131la\u015fd\u0131r\u0131lmas\u0131, kommunal islahatlar\u0131n apar\u0131lmas\u0131, sahibkarl\u0131\u011f\u0131n inki\u015faf\u0131na mane olan amill\u04d9rin aradan qald\u0131r\u0131lmas\u0131 kimi m&uuml;h&uuml;m m\u04d9s\u04d9l\u04d9l\u04d9rin h\u0259lli &uuml;&ccedil;&uuml;n at\u0131lan add\u0131mlar\u0131n \u0259yani \u015fahidiyik. Son 4-5 ild\u0259 icra strukturlar\u0131 t\u04d9r\u04d9find\u04d9n v\u04d9t\u04d9nda\u015flar\u0131n naraz\u0131l\u0131\u011f\u0131na s\u0259b\u0259b olan bir s\u0131ra probleml\u0259rin h\u0259lli &uuml;&ccedil;&uuml;n g&ouml;r&uuml;l\u0259n t\u0259dbirl\u0259rin \u0259hat\u0259 dair\u0259si d\u0259 kifay\u0259t q\u0259d\u0259r geni\u015fdir.<\/p>\n<p>Qeyri-neft sektorunun m&ouml;hk\u04d9ml\u04d9nm\u04d9sin\u0259, iqtisadiyyat\u0131n neftd\u04d9n as\u0131l\u0131l\u0131q d\u04d9r\u04d9c\u04d9sinin azald\u0131lmas\u0131na, sosial infrastruktun yenil\u04d9\u015fdirilm\u04d9sin\u0259, &ouml;z\u04d9l sektorun v\u04d9 sahibkarl\u0131\u011f\u0131n inki\u015faf\u0131na x&uuml;susi diqq\u04d9t m&ouml;vcuddur.<br \/>\nBir s&ouml;zl\u0259, Az\u04d9rbaycan\u0131n son ill\u04d9rd\u04d9 \u04d9ld\u04d9 etdiyi z\u04d9ngin t\u04d9cr&uuml;b\u04d9 analoji inki\u015faf yolunda olan dig\u04d9r &ouml;lk\u04d9l\u04d9r &uuml;&ccedil;&uuml;n d\u04d9 model rolunu oynamaqdad\u0131r.<\/p>\n<p>B&uuml;t&uuml;n bunlar is\u0259 beyn\u0259lxalq d\u0259y\u0259rl\u0259 tamamlanmaqdad\u0131r. &ldquo;Doing Business&rdquo; hesabat\u0131nda Az\u0259rbaycan\u0131n 20 \u0259n islahat&ccedil;\u0131 &ouml;lk\u0259d\u0259n biri elan olunmas\u0131 g&ouml;r&uuml;l\u0259n i\u015fl\u0259r\u0259 veril\u0259n \u0259n y&uuml;ks\u0259k qiym\u0259tdir.<br \/>\nD&uuml;nya Bank\u0131 kimi n&uuml;fuzlu bir qurumun hesabat\u0131nda Az\u0259rbaycan\u0131n \u0259n islhat&ccedil;\u0131 &ouml;lk\u0259l\u0259rd\u0259n biri kimi yer almas\u0131 xarici investisiyalar\u0131n c\u0259lb edilm\u0259sind\u0259, Az\u0259rbaycan\u0131n iqtisadi imkanlar\u0131n\u0131n tan\u0131d\u0131lmas\u0131nda m&uuml;h&uuml;m faktor kimi &ccedil;\u0131x\u0131\u015f ed\u0259c\u0259k.<\/p>\n<p>Bu, h\u0259m d\u0259 &ouml;lk\u04d9mizin islahatlarda qabaqc\u0131l m&ouml;vqeyi bar\u04d9d\u04d9 beyn\u04d9lxalq al\u04d9md\u04d9ki r\u04d9yin daha da m&ouml;hk\u04d9ml\u04d9nm\u04d9sin\u0259 g\u0259tirib &ccedil;\u0131xaracaq. Az\u0259rbaycan\u0131n beyn\u04d9lxalq imicinin daha da g&uuml;cl\u0259nm\u0259sin\u0259 t\u0259kan ver\u0259c\u0259k.<br \/>\nPrezident \u0130ham \u04d8liyev islahatlar\u0131 davam etdirm\u0259k \u0259zmind\u0259dir. G&ouml;r&uuml;n\u0259n v\u0259 sevindirici hal odur ki, iqtidar &uuml;&ccedil;&uuml;n h\u0259yata ke&ccedil;iril\u0259n islahatlar\u0131n daha da d\u0259rinl\u0259\u015fdirilm\u0259si proritetdir. Bu siyas\u04d9t is\u0259 Az\u04d9rbaycan\u0131 g&uuml;n&uuml;-g&uuml;nd\u04d9n daha b&ouml;y&uuml;k iqtisadi u\u011fur v\u04d9 nailiyy\u04d9tl\u04d9r\u04d9 yax\u0131nla\u015fd\u0131rmaqla, insanlar\u0131n maddi rifah hal\u0131n\u0131n y&uuml;ks\u04d9lm\u04d9sin\u04d9, v\u0259t\u0259nda\u015f m\u0259mnunlu\u011funun artmas\u0131na s\u04d9b\u04d9b olacaq.<\/p>\n<p><strong>Elman BABAYEV<\/strong><\/p>\n","protected":false},"excerpt":{"rendered":"<p>&ldquo;Doing Business 2020&rdquo;- &ouml;lk\u0259mizd\u0259ki davaml\u0131 islahatlara k\u0259nar v\u0259 tam t\u0259r\u0259fsiz bax\u0131\u015f Az\u0259rbaycan D&uuml;nya Bank\u0131n\u0131n n&uuml;fuzlu &ldquo;Doing Business 2020&rdquo; hesabat\u0131nda \u0259n islahat&ccedil;\u0131 20 &ouml;lk\u0259 s\u0131ras\u0131na daxil olub. Hesabata istinad ets\u0259k, &ouml;lk\u0259miz&hellip;<\/p>\n","protected":false},"author":1,"featured_media":251278,"comment_status":"open","ping_status":"open","sticky":false,"template":"","format":"standard","meta":{"_lmt_disableupdate":"","_lmt_disable":"","footnotes":""},"categories":[],"tags":[],"class_list":["post-85562","post","type-post","status-publish","format-standard","has-post-thumbnail","hentry"],"_links":{"self":[{"href":"https:\/\/ucnoqta.az\/index.php?rest_route=\/wp\/v2\/posts\/85562","targetHints":{"allow":["GET"]}}],"collection":[{"href":"https:\/\/ucnoqta.az\/index.php?rest_route=\/wp\/v2\/posts"}],"about":[{"href":"https:\/\/ucnoqta.az\/index.php?rest_route=\/wp\/v2\/types\/post"}],"author":[{"embeddable":true,"href":"https:\/\/ucnoqta.az\/index.php?rest_route=\/wp\/v2\/users\/1"}],"replies":[{"embeddable":true,"href":"https:\/\/ucnoqta.az\/index.php?rest_route=%2Fwp%2Fv2%2Fcomments&post=85562"}],"version-history":[{"count":0,"href":"https:\/\/ucnoqta.az\/index.php?rest_route=\/wp\/v2\/posts\/85562\/revisions"}],"wp:featuredmedia":[{"embeddable":true,"href":"https:\/\/ucnoqta.az\/index.php?rest_route=\/wp\/v2\/media\/251278"}],"wp:attachment":[{"href":"https:\/\/ucnoqta.az\/index.php?rest_route=%2Fwp%2Fv2%2Fmedia&parent=85562"}],"wp:term":[{"taxonomy":"category","embeddable":true,"href":"https:\/\/ucnoqta.az\/index.php?rest_route=%2Fwp%2Fv2%2Fcategories&post=85562"},{"taxonomy":"post_tag","embeddable":true,"href":"https:\/\/ucnoqta.az\/index.php?rest_route=%2Fwp%2Fv2%2Ftags&post=85562"}],"curies":[{"name":"wp","href":"https:\/\/api.w.org\/{rel}","templated":true}]}}