{"id":85520,"date":"2019-09-28T14:39:51","date_gmt":"2019-09-28T10:39:51","guid":{"rendered":""},"modified":"-0001-11-30T00:00:00","modified_gmt":"-0001-11-29T20:00:00","slug":"","status":"publish","type":"post","link":"https:\/\/ucnoqta.az\/?p=85520","title":{"rendered":"Mehriban \u018fliyevaya h\u0259sr olunmu\u015f miniat\u00fcr kitab\u0131n t\u0259qdimat\u0131 ke\u00e7irilib- <font color=red><b>Foto<\/b><\/font>"},"content":{"rendered":"<p><strong>Sentyabr\u0131n 27-d\u0259 \u0130&ccedil;\u0259ri\u015f\u0259h\u0259rd\u0259ki Miniat&uuml;r Kitab Muzeyind\u0259 &ldquo;Mexriban Aliyeva. Missiya dobra v\u0131polnima&rdquo; (&quot;Mehriban \u018fliyeva. Xeyirxahl\u0131q yerin\u0259 yetiril\u0259n missiyad\u0131r&quot;) miniat&uuml;r kitab\u0131n\u0131n t\u0259qdimat\u0131 ke&ccedil;irilib. Kitab\u0131n m&uuml;\u0259llifi&nbsp;Milli M\u0259clisin deputat\u0131, Az\u0259rbaycan\u0131n Xalq yaz\u0131&ccedil;\u0131s\u0131&nbsp;Elmira Axundovad\u0131r.<\/strong><\/p>\n<p>M\u0259rasimd\u0259 Miniat&uuml;r Kitab Muzeyinin t\u0259sis&ccedil;isi v\u0259 yarad\u0131c\u0131s\u0131, \u018fm\u0259kdar M\u0259d\u0259niyy\u0259t i\u015f&ccedil;isi Z\u0259rif\u0259 Salahova, Milli M\u0259clisin deputat\u0131, Az\u0259rbaycan Milli Elml\u0259r Akademiyas\u0131n\u0131n (AMEA) Tarix \u0130nstitutunun direktoru, akademik Yaqub Mahmudov, AMEA-n\u0131n Ziya B&uuml;nyadov ad\u0131na \u015e\u0259rq\u015f&uuml;nasl\u0131q \u0130nstitutunun direktoru, akademik&nbsp;G&ouml;vh\u0259r Bax\u015f\u0259liyeva, Milli M\u0259clisin deputatlar\u0131&nbsp;S\u0259m\u0259d Seyidov, Asim Mollazad\u0259, Rauf \u018fliyev, Jal\u0259 \u018fliyeva, tan\u0131nm\u0131\u015f yaz\u0131&ccedil;\u0131, PEN-klubun prezidenti, Az\u0259rbaycan Yaz\u0131&ccedil;\u0131lar Birliyinin katibi, Xalq yaz\u0131&ccedil;\u0131s\u0131&nbsp;&Ccedil;ingiz Abdullayev, Az\u0259rbaycan Yaz\u0131&ccedil;\u0131lar Birliyi v\u0259 Kinematoqraf&ccedil;\u0131lar \u0130ttifaq\u0131n\u0131n &uuml;zv&uuml;, \u018fm\u0259kdar \u0130nc\u0259s\u0259n\u0259t xadimi, Xalq yaz\u0131&ccedil;\u0131s\u0131 Natiq R\u0259sulzad\u0259, yarad\u0131c\u0131 ziyal\u0131lar\u0131n n&uuml;may\u0259nd\u0259l\u0259ri, aliml\u0259r, jurnalistl\u0259r, m\u0259d\u0259niyy\u0259t v\u0259 inc\u0259s\u0259n\u0259t xadiml\u0259ri i\u015ftirak edibl\u0259r.<\/p>\n<p>Miniat&uuml;r Kitab Muzeyinin t\u0259sis&ccedil;isi v\u0259 yarad\u0131c\u0131s\u0131 Z\u0259rif\u0259 Salahova m\u0259rasimi a&ccedil;araq deyib ki, 1988-ci ild\u0259n bug&uuml;n\u0259d\u0259k onun t\u0259r\u0259find\u0259n 238 miniat&uuml;r kitab burax\u0131l\u0131b, lakin bu n\u0259\u015fr g&ouml;rk\u0259mli \u015f\u0259xsiyy\u0259t &#8211; Az\u0259rbaycan\u0131n Birinci vitse-prezidenti, birinci xan\u0131m,&nbsp;Heyd\u0259r \u018fliyev&nbsp;Fondunun prezidenti, UNESKO v\u0259 \u0130SESKO-nun xo\u015fm\u0259raml\u0131 s\u0259firi Mehriban xan\u0131m \u018fliyevaya h\u0259sr olunmu\u015f ilk kitabd\u0131r.<\/p>\n<p>Sonra Milli M\u0259clisin deputat\u0131, Xalq yaz\u0131&ccedil;\u0131s\u0131 Elmira Axundova kitab haqq\u0131nda m&uuml;f\u0259ss\u0259l m\u0259lumat verib. Diqq\u0259t\u0259 &ccedil;atd\u0131r\u0131b ki, n\u0259\u015frd\u0259 Mehriban \u018fliyevan\u0131n &ccedil;ox\u015fax\u0259li f\u0259aliyy\u0259ti bar\u0259d\u0259 Az\u0259rbaycan v\u0259 xarici K\u0130V-l\u0259rd\u0259 n\u0259\u015fr etdirdiyi m\u0259qal\u0259l\u0259ri toplan\u0131b.<\/p>\n<p>Elmira Axundova deyib ki, bu kitabdak\u0131 b&uuml;t&uuml;n m\u0259qal\u0259l\u0259rin ana x\u0259ttini sad\u0259 v\u0259t\u0259nda\u015flar\u0131n etimad\u0131n\u0131 qazanm\u0131\u015f, k&ouml;m\u0259k &uuml;&ccedil;&uuml;n ona m&uuml;raci\u0259t ed\u0259n h\u0259r k\u0259sin problemin\u0259 qay\u011f\u0131 il\u0259 yana\u015fan, h\u0259ssasl\u0131\u011f\u0131 v\u0259 insanp\u0259rv\u0259rliyi il\u0259 se&ccedil;il\u0259n Mehriban \u018fliyevaya &uuml;mumxalq sevgisi t\u0259\u015fkil edir. M\u0259qal\u0259l\u0259rd\u0259 Mehriban xan\u0131m\u0131n UNESKO v\u0259 \u0130SESKO-nun xo\u015fm\u0259raml\u0131 s\u0259firi kimi Az\u0259rbaycan\u0131n, xalq\u0131m\u0131z\u0131n m\u0259d\u0259niyy\u0259tinin v\u0259 inc\u0259s\u0259n\u0259tinin d&uuml;nyada tan\u0131d\u0131lmas\u0131nda b&ouml;y&uuml;k xidm\u0259tl\u0259rind\u0259n, onun r\u0259hb\u0259rliyi il\u0259 &ouml;lk\u0259d\u0259 qlobal miqyasl\u0131 idman v\u0259 m\u0259d\u0259niyy\u0259t t\u0259dbirl\u0259rinin u\u011furla ke&ccedil;irilm\u0259sind\u0259n, dinl\u0259raras\u0131 v\u0259 sivilizasiyalararas\u0131 dialoqa verdiyi t&ouml;hf\u0259l\u0259rd\u0259n b\u0259hs olunur.<\/p>\n<p>Qeyd olunub ki, &ldquo;Mexriban Aliyeva. Missiya dobra v\u0131polnima&rdquo; miniat&uuml;r kitab\u0131 2019-cu ild\u0259 &ldquo;Indiqo&rdquo; n\u0259\u015friyyat\u0131 t\u0259r\u0259find\u0259n 100 n&uuml;sx\u0259d\u0259 &ccedil;ap edilib. 60&#215;70 mm &ouml;l&ccedil;&uuml;d\u0259, 412 s\u0259hif\u0259d\u0259n ibar\u0259t miniat&uuml;r kitab 105 r\u0259ngli foto\u015f\u0259kill\u0259 ill&uuml;strasiya olunub. Foto\u015f\u0259kill\u0259r m&uuml;\u0259llif\u0259 AZ\u018fRTAC t\u0259r\u0259find\u0259n t\u0259qdim edilib.<\/p>\n<p>M\u0259rasimd\u0259 &ccedil;\u0131x\u0131\u015f ed\u0259nl\u0259r Birinci vitse-prezident Mehriban \u018fliyevan\u0131n olduqca geni\u015f v\u0259 &ccedil;ox\u015fax\u0259li f\u0259aliyy\u0259tind\u0259n s&ouml;z a&ccedil;\u0131blar. Onlar Mehriban \u018fliyevan\u0131n &ouml;lk\u0259mizin h\u0259yat\u0131n\u0131n b&uuml;t&uuml;n sah\u0259l\u0259rind\u0259 m&uuml;st\u0259sna xidm\u0259tl\u0259rini, onun h\u0259r bir az\u0259rbaycanl\u0131ya h\u0259ssas diqq\u0259tini v\u0259 sonsuz qay\u011f\u0131s\u0131n\u0131, Birinci vitse-prezident, UNESKO v\u0259 \u0130SESKO-nun xo\u015fm\u0259raml\u0131 s\u0259firinin t\u0259\u015f\u0259bb&uuml;s&uuml; il\u0259 h\u0259yata ke&ccedil;iril\u0259n v\u0259 Az\u0259rbaycan mu\u011fam v\u0259 xal&ccedil;a&ccedil;\u0131l\u0131q s\u0259n\u0259tl\u0259rinin qorunmas\u0131, inki\u015faf\u0131 v\u0259 tan\u0131d\u0131lmas\u0131na h\u0259sr olunmu\u015f m&ouml;ht\u0259\u015f\u0259m layih\u0259l\u0259ri, onun Az\u0259rbaycan qad\u0131nlar\u0131n\u0131n lideri v\u0259 onlara &ouml;rn\u0259k oldu\u011funu, &ouml;z &ouml;lk\u0259sini d&uuml;nyan\u0131n b&uuml;t&uuml;n gu\u015f\u0259l\u0259rind\u0259 layiqinc\u0259 t\u0259msil etdiyini vur\u011fulay\u0131blar. &Ccedil;\u0131x\u0131\u015flarda Mehriban xan\u0131m\u0131n v\u0259 onun r\u0259hb\u0259rlik etdiyi Heyd\u0259r \u018fliyev Fondunun u\u015faq ba\u011f&ccedil;alar\u0131n\u0131n, internatlar\u0131n, &uuml;mumt\u0259hsil m\u0259kt\u0259bl\u0259rinin, m\u0259d\u0259niyy\u0259t v\u0259 sosial obyektl\u0259rin tikintisi istiqam\u0259tind\u0259 f\u0259aliyy\u0259tind\u0259n, \u015f\u0259hid ail\u0259l\u0259ri v\u0259 m\u0259cburi k&ouml;&ccedil;k&uuml;nl\u0259r\u0259 g&ouml;st\u0259rdiyi yard\u0131mlardan b\u0259hs edilib. Vur\u011fulan\u0131b ki, Mehriban xan\u0131m \u018fliyeva b&uuml;t&uuml;n f\u0259aliyy\u0259t sah\u0259l\u0259rin\u0259 &ouml;z t&ouml;hf\u0259sini verib.<\/p>\n<p>M&uuml;\u0259llif n\u0259fis t\u0259rtibatl\u0131 kitaba epiqraf kimi Mehriban \u018fliyevan\u0131n bu s&ouml;zl\u0259rini sitat g\u0259tirib: &quot;H\u0259r bir insan &ouml;z taleyinin yarad\u0131c\u0131s\u0131 ola bil\u0259r v\u0259 olmal\u0131d\u0131r. Se&ccedil;im h\u0259mi\u015f\u0259 var. M\u0259n n\u0259 s\u0131rf t\u0259sad&uuml;f\u0259 inan\u0131ram, n\u0259 d\u0259 d&uuml;nyan\u0131n \u0259vv\u0259lc\u0259d\u0259n d\u0259qiq m&uuml;\u0259yy\u0259n olunmas\u0131 fikrin\u0259. M\u0259n Allaha v\u0259 insan\u0131n imkanlar\u0131na inan\u0131ram&rdquo;.<\/p>\n<p>Kitab Az\u0259rbaycan Prezidenti&nbsp;\u0130lham \u018fliyevin 2017-ci il fevral\u0131n 21-d\u0259 T\u0259hl&uuml;k\u0259sizlik \u015euras\u0131n\u0131n iclas\u0131ndak\u0131 nitqi il\u0259 a&ccedil;\u0131l\u0131r. D&ouml;vl\u0259timizin ba\u015f&ccedil;\u0131s\u0131 bu &ccedil;\u0131x\u0131\u015f\u0131nda Mehriban xan\u0131m \u018fliyevan\u0131n h\u0259yat\u0131n bir &ccedil;ox sah\u0259l\u0259rind\u0259 &ccedil;ox\u015fax\u0259li v\u0259 u\u011furlu f\u0259aliyy\u0259tini qeyd edir. M\u0259hz bu f\u0259aliyy\u0259tin n\u0259tic\u0259sind\u0259 onun Az\u0259rbaycan\u0131n Birinci vitse-prezidenti t\u0259yin olunmas\u0131 bar\u0259d\u0259 q\u0259rar q\u0259bul edilib.<\/p>\n<p>M&uuml;\u0259llif yaz\u0131r: &quot;H\u0259m &ouml;z xan\u0131m\u0131n\u0131n &ccedil;iynin\u0259 d&ouml;vl\u0259t m\u0259suliyy\u0259tinin a\u011f\u0131r y&uuml;k&uuml;n&uuml; qoymu\u015f Prezidentin, h\u0259m d\u0259 birinci xan\u0131m\u0131n &ouml;z&uuml;n&uuml;n c\u0259sar\u0259tin\u0259 heyran qalmamaq m&uuml;mk&uuml;n deyil. Ax\u0131 o, v\u0259zif\u0259sin\u0259 &ouml;lk\u0259 &uuml;&ccedil;&uuml;n &ccedil;ox da yax\u015f\u0131 olmayan vaxtda ba\u015flay\u0131r &#8211; g&ouml;zl\u0259nilm\u0259d\u0259n g\u0259l\u0259n postneft d&ouml;vr&uuml; Prezident komandas\u0131ndan yeni, qeyri-standart q\u0259rarlar, t\u0259\u015f\u0259bb&uuml;sl\u0259r v\u0259 b&uuml;t&uuml;n d&ouml;vl\u0259t mexanizminin d\u0259rin islahat\u0131n\u0131 t\u0259l\u0259b edir&quot;. Xalq yaz\u0131&ccedil;\u0131s\u0131 qeyd edir ki, Mehriban \u018fliyevan\u0131n &ouml;z&uuml; &uuml;&ccedil;&uuml;n prioritetl\u0259r son d\u0259r\u0259c\u0259 ayd\u0131nd\u0131r, ax\u0131 o, \u0259vv\u0259ll\u0259r d\u0259 onlar\u0131 r\u0259hb\u0259r tutub: &quot;Onun fikrinc\u0259, bu prioritetl\u0259r ilk n&ouml;vb\u0259d\u0259 humanizm prinsipl\u0259ri, insanlarla t\u0259masda olmaq bacar\u0131\u011f\u0131, onlar\u0131 dinl\u0259m\u0259k v\u0259 fikirl\u0259rini &ouml;yr\u0259nm\u0259k m\u0259har\u0259ti, insanp\u0259rv\u0259rlik, \u015f\u0259fq\u0259t v\u0259 qar\u015f\u0131l\u0131ql\u0131 h&ouml;rm\u0259tdir&quot;.\/Az\u0259rTAC<\/p>\n","protected":false},"excerpt":{"rendered":"<p>Sentyabr\u0131n 27-d\u0259 \u0130&ccedil;\u0259ri\u015f\u0259h\u0259rd\u0259ki Miniat&uuml;r Kitab Muzeyind\u0259 &ldquo;Mexriban Aliyeva. Missiya dobra v\u0131polnima&rdquo; (&quot;Mehriban \u018fliyeva. Xeyirxahl\u0131q yerin\u0259 yetiril\u0259n missiyad\u0131r&quot;) miniat&uuml;r kitab\u0131n\u0131n t\u0259qdimat\u0131 ke&ccedil;irilib. Kitab\u0131n m&uuml;\u0259llifi&nbsp;Milli M\u0259clisin deputat\u0131, Az\u0259rbaycan\u0131n Xalq yaz\u0131&ccedil;\u0131s\u0131&nbsp;Elmira Axundovad\u0131r. M\u0259rasimd\u0259&hellip;<\/p>\n","protected":false},"author":1,"featured_media":251278,"comment_status":"open","ping_status":"open","sticky":false,"template":"","format":"standard","meta":{"_lmt_disableupdate":"","_lmt_disable":"","footnotes":""},"categories":[],"tags":[],"class_list":["post-85520","post","type-post","status-publish","format-standard","has-post-thumbnail","hentry"],"_links":{"self":[{"href":"https:\/\/ucnoqta.az\/index.php?rest_route=\/wp\/v2\/posts\/85520","targetHints":{"allow":["GET"]}}],"collection":[{"href":"https:\/\/ucnoqta.az\/index.php?rest_route=\/wp\/v2\/posts"}],"about":[{"href":"https:\/\/ucnoqta.az\/index.php?rest_route=\/wp\/v2\/types\/post"}],"author":[{"embeddable":true,"href":"https:\/\/ucnoqta.az\/index.php?rest_route=\/wp\/v2\/users\/1"}],"replies":[{"embeddable":true,"href":"https:\/\/ucnoqta.az\/index.php?rest_route=%2Fwp%2Fv2%2Fcomments&post=85520"}],"version-history":[{"count":0,"href":"https:\/\/ucnoqta.az\/index.php?rest_route=\/wp\/v2\/posts\/85520\/revisions"}],"wp:featuredmedia":[{"embeddable":true,"href":"https:\/\/ucnoqta.az\/index.php?rest_route=\/wp\/v2\/media\/251278"}],"wp:attachment":[{"href":"https:\/\/ucnoqta.az\/index.php?rest_route=%2Fwp%2Fv2%2Fmedia&parent=85520"}],"wp:term":[{"taxonomy":"category","embeddable":true,"href":"https:\/\/ucnoqta.az\/index.php?rest_route=%2Fwp%2Fv2%2Fcategories&post=85520"},{"taxonomy":"post_tag","embeddable":true,"href":"https:\/\/ucnoqta.az\/index.php?rest_route=%2Fwp%2Fv2%2Ftags&post=85520"}],"curies":[{"name":"wp","href":"https:\/\/api.w.org\/{rel}","templated":true}]}}