{"id":84865,"date":"2019-09-13T10:37:31","date_gmt":"2019-09-13T06:37:31","guid":{"rendered":""},"modified":"-0001-11-30T00:00:00","modified_gmt":"-0001-11-29T20:00:00","slug":"","status":"publish","type":"post","link":"https:\/\/ucnoqta.az\/?p=84865","title":{"rendered":"G\u00fcll\u0259l\u0259n\u0259r\u0259k \u00f6ld\u00fcr\u00fcl\u0259n v\u0259kil Firudin \u018fl\u0259kb\u0259rli kimdir? &#8211; <font color=red><b>FOTO<\/b><\/font>"},"content":{"rendered":"<p><strong>Tovuzda g&uuml;ll\u0259l\u0259n\u0259n v\u0259kil&nbsp;Firudin \u018fl\u0259kb\u0259rli haqq\u0131nda yeni m\u0259lumatlar \u0259ld\u0259 etmi\u015fik.&nbsp;<\/strong><\/p>\n<p>Firudin \u018fl\u0259kb\u0259rli Tovuz rayon Xalq m\u0259hk\u0259m\u0259sinin (indiki Tovuz rayon M\u0259hk\u0259m\u0259si) s\u0259dri v\u0259zif\u0259sind\u0259 &ccedil;al\u0131\u015f\u0131b v\u0259 f\u0259aliyy\u0259tind\u0259 qanunu kobudcas\u0131na pozdu\u011funa g&ouml;r\u0259 1995-ci ilin may\u0131nda Az\u0259rbaycan Respublikas\u0131n\u0131n Milli M\u0259clisi Az\u0259rbaycan Respublikas\u0131 \u018fdliyy\u0259 Nazirliyinin v\u0259 Az\u0259rbaycan Respublikas\u0131 Ali M\u0259hk\u0259m\u0259sinin t\u0259qdimat\u0131n\u0131 n\u0259z\u0259r\u0259 alaraq, &ldquo;Az\u0259rbaycan Respublikas\u0131n\u0131n m\u0259hk\u0259m\u0259 qurulu\u015fu haqq\u0131nda&rdquo; Az\u0259rbaycan Respublikas\u0131 Qanununun 87-ci madd\u0259sinin 1-ci b\u0259ndin\u0259 uy\u011fun olaraq onu v\u0259zif\u0259d\u0259n azad etmi\u015f v\u0259 xalq hakimi s\u0259lahiyy\u0259tind\u0259n vaxt\u0131ndan \u0259vv\u0259l m\u0259hrum etmi\u015fdir.<\/p>\n<p>&Ouml;z&uuml;n&uuml; v\u0259kil kimi t\u0259qdim ed\u0259n Firudin \u018fl\u0259kb\u0259rli V\u0259kill\u0259r Kollegiyas\u0131n\u0131n &uuml;zv&uuml; olmay\u0131b. Sad\u0259c\u0259 n&uuml;may\u0259nd\u0259 kimi m\u0259hk\u0259m\u0259l\u0259rd\u0259 t\u0259msil olunub.<br \/>\n&quot;G&ouml;l \u018fli&quot; kimi tan\u0131nan&nbsp;\u015f\u0259xs Tovuz rayonunda m\u0259h\u015fur &quot;Qaz Bulu&quot; adlanan g&ouml;l&uuml;n m&uuml;diridir.<\/p>\n<p>Rayonda &ccedil;ox imkanl\u0131 adam kimi tan\u0131n\u0131r. baku.ws<\/p>\n","protected":false},"excerpt":{"rendered":"<p>Tovuzda g&uuml;ll\u0259l\u0259n\u0259n v\u0259kil&nbsp;Firudin \u018fl\u0259kb\u0259rli haqq\u0131nda yeni m\u0259lumatlar \u0259ld\u0259 etmi\u015fik.&nbsp; Firudin \u018fl\u0259kb\u0259rli Tovuz rayon Xalq m\u0259hk\u0259m\u0259sinin (indiki Tovuz rayon M\u0259hk\u0259m\u0259si) s\u0259dri v\u0259zif\u0259sind\u0259 &ccedil;al\u0131\u015f\u0131b v\u0259 f\u0259aliyy\u0259tind\u0259 qanunu kobudcas\u0131na pozdu\u011funa g&ouml;r\u0259 1995-ci ilin&hellip;<\/p>\n","protected":false},"author":1,"featured_media":251278,"comment_status":"open","ping_status":"open","sticky":false,"template":"","format":"standard","meta":{"_lmt_disableupdate":"","_lmt_disable":"","footnotes":""},"categories":[],"tags":[],"class_list":["post-84865","post","type-post","status-publish","format-standard","has-post-thumbnail","hentry"],"_links":{"self":[{"href":"https:\/\/ucnoqta.az\/index.php?rest_route=\/wp\/v2\/posts\/84865","targetHints":{"allow":["GET"]}}],"collection":[{"href":"https:\/\/ucnoqta.az\/index.php?rest_route=\/wp\/v2\/posts"}],"about":[{"href":"https:\/\/ucnoqta.az\/index.php?rest_route=\/wp\/v2\/types\/post"}],"author":[{"embeddable":true,"href":"https:\/\/ucnoqta.az\/index.php?rest_route=\/wp\/v2\/users\/1"}],"replies":[{"embeddable":true,"href":"https:\/\/ucnoqta.az\/index.php?rest_route=%2Fwp%2Fv2%2Fcomments&post=84865"}],"version-history":[{"count":0,"href":"https:\/\/ucnoqta.az\/index.php?rest_route=\/wp\/v2\/posts\/84865\/revisions"}],"wp:featuredmedia":[{"embeddable":true,"href":"https:\/\/ucnoqta.az\/index.php?rest_route=\/wp\/v2\/media\/251278"}],"wp:attachment":[{"href":"https:\/\/ucnoqta.az\/index.php?rest_route=%2Fwp%2Fv2%2Fmedia&parent=84865"}],"wp:term":[{"taxonomy":"category","embeddable":true,"href":"https:\/\/ucnoqta.az\/index.php?rest_route=%2Fwp%2Fv2%2Fcategories&post=84865"},{"taxonomy":"post_tag","embeddable":true,"href":"https:\/\/ucnoqta.az\/index.php?rest_route=%2Fwp%2Fv2%2Ftags&post=84865"}],"curies":[{"name":"wp","href":"https:\/\/api.w.org\/{rel}","templated":true}]}}