{"id":84846,"date":"2019-09-12T21:12:55","date_gmt":"2019-09-12T17:12:55","guid":{"rendered":""},"modified":"-0001-11-30T00:00:00","modified_gmt":"-0001-11-29T20:00:00","slug":"","status":"publish","type":"post","link":"https:\/\/ucnoqta.az\/?p=84846","title":{"rendered":"Elmar M\u0259mm\u0259dyarov A\u015ePA prezidenti il\u0259 g\u00f6r\u00fc\u015f\u00fcb"},"content":{"rendered":"<p><strong>Xarici \u0130\u015fl\u0259r naziri&nbsp;Elmar M\u0259mm\u0259dyarov&nbsp;Az\u0259rbaycana r\u0259smi s\u0259f\u0259ri &ccedil;\u0259r&ccedil;iv\u0259sind\u0259&nbsp;Avropa \u015euras\u0131&nbsp;Parlament Assambleyas\u0131n\u0131n (A\u015ePA) prezidenti Lilian Mori Paskye il\u0259 g&ouml;r&uuml;\u015f&uuml;b.<\/strong><\/p>\n<p>X\u0130N M\u0259tbuat xidm\u0259tind\u0259n Ucnoqta.az-a veril\u0259n m\u0259lumata g&ouml;r\u0259, g&ouml;r&uuml;\u015fd\u0259 L.Paskye d&ouml;vl\u0259t ba\u015f&ccedil;\u0131s\u0131 t\u0259r\u0259find\u0259n q\u0259bul edilm\u0259sini y&uuml;ks\u0259k d\u0259y\u0259rl\u0259ndirdiyini bildirib v\u0259 t\u0259\u015fkilat &ccedil;\u0259r&ccedil;iv\u0259sind\u0259 Az\u0259rbaycan il\u0259 m&ouml;vcud m&uuml;nasib\u0259tl\u0259rin haz\u0131rk\u0131 durumu, \u0259m\u0259kda\u015fl\u0131\u011f\u0131n cari inki\u015faf s\u0259viyy\u0259si v\u0259 perspektivl\u0259ri bar\u0259sind\u0259 Az\u0259rbaycan Respublikas\u0131n\u0131n Prezidenti v\u0259 Milli M\u0259clisin S\u0259dri&nbsp;il\u0259 m\u0259hsuldar fikir m&uuml;badil\u0259si apard\u0131\u011f\u0131n\u0131 qeyd edib.<\/p>\n<p>E.M\u0259mm\u0259dyarov Az\u0259rbaycan il\u0259 A\u015ePA aras\u0131nda m&ouml;vcud olan qar\u015f\u0131l\u0131ql\u0131 faydal\u0131 \u0259m\u0259kda\u015fl\u0131\u011f\u0131n \u0259h\u0259miyy\u0259tini vur\u011fulay\u0131b v\u0259 Az\u0259rbaycan t\u0259r\u0259finin Avropa \u015euras\u0131 v\u0259 onun institutlar\u0131 il\u0259 \u0259m\u0259kda\u015fl\u0131\u011f\u0131 davam etdirm\u0259kd\u0259 maraql\u0131 oldu\u011funu diqq\u0259t\u0259 &ccedil;atd\u0131r\u0131b.<\/p>\n<p>Daha sonra L.Paskye Avropa \u015euras\u0131nda apar\u0131lan islahatlar, o c&uuml;ml\u0259d\u0259n t\u0259\u015fkilatda ortaya &ccedil;\u0131xan probleml\u0259rin aradan qald\u0131r\u0131lmas\u0131 &uuml;&ccedil;&uuml;n yarad\u0131lan yeni mexanizml\u0259r haq\u0131nda dan\u0131\u015f\u0131b. Avropa \u015euras\u0131n\u0131n 70 illiyind\u0259n s&ouml;z a&ccedil;an L.Paskye bu m&uuml;nasib\u0259tl\u0259 s\u0259f\u0259ri &ccedil;\u0259r&ccedil;iv\u0259sind\u0259 Az\u0259rbaycanda da bel\u0259 bir t\u0259dbirin ke&ccedil;irilm\u0259sin\u0259 g&ouml;st\u0259ril\u0259n d\u0259st\u0259y\u0259 g&ouml;r\u0259 t\u0259\u015f\u0259kk&uuml;r&uuml;n&uuml; ifad\u0259 edib.<\/p>\n<p>S&ouml;hb\u0259t \u0259snas\u0131nda E.M\u0259mm\u0259dyarov Erm\u0259nistan-Az\u0259rbaycan Da\u011fl\u0131q Qaraba\u011f m&uuml;naqi\u015f\u0259sinin h\u0259lli istiqam\u0259tind\u0259 apar\u0131lan dan\u0131\u015f\u0131qlar\u0131n son v\u0259ziyy\u0259ti il\u0259 ba\u011fl\u0131 L.Peskyeni geni\u015f m\u0259lumatland\u0131r\u0131b.<br \/>\nSonra t\u0259r\u0259fl\u0259r aras\u0131nda qar\u015f\u0131l\u0131ql\u0131 maraq do\u011furan dig\u0259r regional v\u0259 beyn\u0259lxalq m\u0259s\u0259l\u0259l\u0259r \u0259traf\u0131nda fikir m&uuml;badil\u0259si apar\u0131l\u0131b.<\/p>\n","protected":false},"excerpt":{"rendered":"<p>Xarici \u0130\u015fl\u0259r naziri&nbsp;Elmar M\u0259mm\u0259dyarov&nbsp;Az\u0259rbaycana r\u0259smi s\u0259f\u0259ri &ccedil;\u0259r&ccedil;iv\u0259sind\u0259&nbsp;Avropa \u015euras\u0131&nbsp;Parlament Assambleyas\u0131n\u0131n (A\u015ePA) prezidenti Lilian Mori Paskye il\u0259 g&ouml;r&uuml;\u015f&uuml;b. X\u0130N M\u0259tbuat xidm\u0259tind\u0259n Ucnoqta.az-a veril\u0259n m\u0259lumata g&ouml;r\u0259, g&ouml;r&uuml;\u015fd\u0259 L.Paskye d&ouml;vl\u0259t ba\u015f&ccedil;\u0131s\u0131 t\u0259r\u0259find\u0259n q\u0259bul edilm\u0259sini&hellip;<\/p>\n","protected":false},"author":1,"featured_media":251278,"comment_status":"open","ping_status":"open","sticky":false,"template":"","format":"standard","meta":{"_lmt_disableupdate":"","_lmt_disable":"","footnotes":""},"categories":[],"tags":[],"class_list":["post-84846","post","type-post","status-publish","format-standard","has-post-thumbnail","hentry"],"_links":{"self":[{"href":"https:\/\/ucnoqta.az\/index.php?rest_route=\/wp\/v2\/posts\/84846","targetHints":{"allow":["GET"]}}],"collection":[{"href":"https:\/\/ucnoqta.az\/index.php?rest_route=\/wp\/v2\/posts"}],"about":[{"href":"https:\/\/ucnoqta.az\/index.php?rest_route=\/wp\/v2\/types\/post"}],"author":[{"embeddable":true,"href":"https:\/\/ucnoqta.az\/index.php?rest_route=\/wp\/v2\/users\/1"}],"replies":[{"embeddable":true,"href":"https:\/\/ucnoqta.az\/index.php?rest_route=%2Fwp%2Fv2%2Fcomments&post=84846"}],"version-history":[{"count":0,"href":"https:\/\/ucnoqta.az\/index.php?rest_route=\/wp\/v2\/posts\/84846\/revisions"}],"wp:featuredmedia":[{"embeddable":true,"href":"https:\/\/ucnoqta.az\/index.php?rest_route=\/wp\/v2\/media\/251278"}],"wp:attachment":[{"href":"https:\/\/ucnoqta.az\/index.php?rest_route=%2Fwp%2Fv2%2Fmedia&parent=84846"}],"wp:term":[{"taxonomy":"category","embeddable":true,"href":"https:\/\/ucnoqta.az\/index.php?rest_route=%2Fwp%2Fv2%2Fcategories&post=84846"},{"taxonomy":"post_tag","embeddable":true,"href":"https:\/\/ucnoqta.az\/index.php?rest_route=%2Fwp%2Fv2%2Ftags&post=84846"}],"curies":[{"name":"wp","href":"https:\/\/api.w.org\/{rel}","templated":true}]}}