{"id":84845,"date":"2019-09-12T21:04:29","date_gmt":"2019-09-12T17:04:29","guid":{"rendered":""},"modified":"-0001-11-30T00:00:00","modified_gmt":"-0001-11-29T20:00:00","slug":"","status":"publish","type":"post","link":"https:\/\/ucnoqta.az\/?p=84845","title":{"rendered":"Da\u011fl\u0131q Qaraba\u011f\u0131n az\u0259rbaycanl\u0131 icmas\u0131 b\u0259yanat yay\u0131b"},"content":{"rendered":"<p><strong>Da\u011fl\u0131q Qaraba\u011f\u0131n az\u0259rbaycanl\u0131 icmas\u0131 Fransa Parlamentinin bir qrup &uuml;zv&uuml;n&uuml;n Erm\u0259nistan\u0131n i\u015f\u011fal\u0131 alt\u0131ndak\u0131 Da\u011fl\u0131q Qaraba\u011f b&ouml;lg\u0259sin\u0259 qanunsuz s\u0259f\u0259ri il\u0259 ba\u011fl\u0131 b\u0259yanat yay\u0131b.&nbsp;<\/strong><\/p>\n<p>B\u0259yanatda bilidirlir ki, Erm\u0259nistan K\u0130V-d\u0259 yay\u0131lm\u0131\u015f x\u0259b\u0259r\u0259 g&ouml;r\u0259, Fransa Parlamentinin bir qrup &uuml;zv&uuml;n&uuml;n Az\u0259rbaycan\u0131n i\u015f\u011fal alt\u0131nda olan Da\u011fl\u0131q Qaraba\u011f b&ouml;lg\u0259sin\u0259 qanunsuz s\u0259f\u0259r ed\u0259r\u0259k cinay\u0259tkar i\u015f\u011fal&ccedil;\u0131 rejimin &ldquo;n&uuml;may\u0259nd\u0259l\u0259ri&rdquo; il\u0259 g&ouml;r&uuml;\u015fl\u0259r ke&ccedil;irdiyi v\u0259 bir s\u0131ra &ldquo;t\u0259dbirl\u0259r&rdquo;d\u0259 i\u015ftirak edibl\u0259r.<\/p>\n<p>&quot;Az\u0259rbaycan\u0131n beyn\u0259lxalq tan\u0131nm\u0131\u015f s\u0259rh\u0259dl\u0259ri daxilind\u0259 &ouml;lk\u0259mizin suverenliyini tan\u0131yan, AT\u018fT-in Minsk Qrupunun h\u0259ms\u0259drl\u0259rind\u0259n biri olan Fransan\u0131n Parlament &uuml;zvl\u0259rinin Da\u011fl\u0131q Qaraba\u011fa s\u0259f\u0259ri t\u0259xribat xarakteri da\u015f\u0131y\u0131r v\u0259 vasit\u0259&ccedil;iliyi h\u0259yata ke&ccedil;ir\u0259n &ouml;lk\u0259nin tutdu\u011fu m&ouml;vqey\u0259 uy\u011fun g\u0259lmir.&nbsp;Biz Da\u011fl\u0131q Qaraba\u011f\u0131n az\u0259rbaycanl\u0131 icmas\u0131 olaraq, bel\u0259 s\u0259f\u0259rin q\u0259buledilm\u0259z oldu\u011funu b\u0259yan etm\u0259kl\u0259 yana\u015f\u0131, Fransa h&ouml;kum\u0259tini Az\u0259rbaycan\u0131n \u0259razi b&uuml;t&ouml;vl&uuml;y&uuml;n\u0259 qar\u015f\u0131 at\u0131lan add\u0131mlar\u0131n qar\u015f\u0131s\u0131n\u0131n al\u0131nmas\u0131 &uuml;&ccedil;&uuml;n t\u0259dbirl\u0259rin g&ouml;r&uuml;lm\u0259sin\u0259 &ccedil;a\u011f\u0131r\u0131r\u0131q. Az\u0259rbaycan\u0131n i\u015f\u011fal alt\u0131nda olan torpaqlar\u0131 azad edilm\u0259diyi v\u0259 az\u0259rbaycanl\u0131lar\u0131n &ouml;z torpaqlar\u0131na geri d&ouml;nm\u0259diyi t\u0259qdird\u0259, qanunsuz cinay\u0259tkar rejim t\u0259r\u0259find\u0259n h\u0259yata ke&ccedil;iril\u0259n ist\u0259nil\u0259n t\u0259xribat xarakterli add\u0131m v\u0259 i\u015f\u011fal\u0131n n\u0259tic\u0259l\u0259rinin &ldquo;legitiml\u0259\u015fdirilm\u0259sin\u0259&rdquo; y&ouml;n\u0259l\u0259n &ldquo;c\u0259hdl\u0259r&rdquo; he&ccedil; bir n\u0259tic\u0259 verm\u0259y\u0259c\u0259k v\u0259 bizim &ouml;z torpaqlar\u0131m\u0131za geri d&ouml;nm\u0259yimizi \u0259ng\u0259ll\u0259y\u0259 bilm\u0259y\u0259c\u0259k&quot;.<\/p>\n","protected":false},"excerpt":{"rendered":"<p>Da\u011fl\u0131q Qaraba\u011f\u0131n az\u0259rbaycanl\u0131 icmas\u0131 Fransa Parlamentinin bir qrup &uuml;zv&uuml;n&uuml;n Erm\u0259nistan\u0131n i\u015f\u011fal\u0131 alt\u0131ndak\u0131 Da\u011fl\u0131q Qaraba\u011f b&ouml;lg\u0259sin\u0259 qanunsuz s\u0259f\u0259ri il\u0259 ba\u011fl\u0131 b\u0259yanat yay\u0131b.&nbsp; B\u0259yanatda bilidirlir ki, Erm\u0259nistan K\u0130V-d\u0259 yay\u0131lm\u0131\u015f x\u0259b\u0259r\u0259 g&ouml;r\u0259, Fransa&hellip;<\/p>\n","protected":false},"author":1,"featured_media":251278,"comment_status":"open","ping_status":"open","sticky":false,"template":"","format":"standard","meta":{"_lmt_disableupdate":"","_lmt_disable":"","footnotes":""},"categories":[],"tags":[],"class_list":["post-84845","post","type-post","status-publish","format-standard","has-post-thumbnail","hentry"],"_links":{"self":[{"href":"https:\/\/ucnoqta.az\/index.php?rest_route=\/wp\/v2\/posts\/84845","targetHints":{"allow":["GET"]}}],"collection":[{"href":"https:\/\/ucnoqta.az\/index.php?rest_route=\/wp\/v2\/posts"}],"about":[{"href":"https:\/\/ucnoqta.az\/index.php?rest_route=\/wp\/v2\/types\/post"}],"author":[{"embeddable":true,"href":"https:\/\/ucnoqta.az\/index.php?rest_route=\/wp\/v2\/users\/1"}],"replies":[{"embeddable":true,"href":"https:\/\/ucnoqta.az\/index.php?rest_route=%2Fwp%2Fv2%2Fcomments&post=84845"}],"version-history":[{"count":0,"href":"https:\/\/ucnoqta.az\/index.php?rest_route=\/wp\/v2\/posts\/84845\/revisions"}],"wp:featuredmedia":[{"embeddable":true,"href":"https:\/\/ucnoqta.az\/index.php?rest_route=\/wp\/v2\/media\/251278"}],"wp:attachment":[{"href":"https:\/\/ucnoqta.az\/index.php?rest_route=%2Fwp%2Fv2%2Fmedia&parent=84845"}],"wp:term":[{"taxonomy":"category","embeddable":true,"href":"https:\/\/ucnoqta.az\/index.php?rest_route=%2Fwp%2Fv2%2Fcategories&post=84845"},{"taxonomy":"post_tag","embeddable":true,"href":"https:\/\/ucnoqta.az\/index.php?rest_route=%2Fwp%2Fv2%2Ftags&post=84845"}],"curies":[{"name":"wp","href":"https:\/\/api.w.org\/{rel}","templated":true}]}}