{"id":84843,"date":"2019-09-12T19:52:12","date_gmt":"2019-09-12T15:52:12","guid":{"rendered":""},"modified":"-0001-11-30T00:00:00","modified_gmt":"-0001-11-29T20:00:00","slug":"","status":"publish","type":"post","link":"https:\/\/ucnoqta.az\/?p=84843","title":{"rendered":"Ko\u00e7aryan\u0131n m\u0259hk\u0259m\u0259sind\u0259 dava d\u00fc\u015fd\u00fc"},"content":{"rendered":"<p><strong>Bu g&uuml;n Yerevan m\u0259hk\u0259m\u0259sind\u0259 Erm\u0259nistan\u0131n ke&ccedil;mi\u015f prezidenti Robert Ko&ccedil;aryan\u0131n m\u0259hk\u0259m\u0259si ke&ccedil;irilib.<\/strong><\/p>\n<p>APA -n\u0131n &ldquo;R\u0130A Novosti&rdquo;y\u0259 istinad\u0259n verdiyi x\u0259b\u0259r\u0259 g&ouml;r\u0259, m\u0259hk\u0259m\u0259d\u0259 Robert Ko&ccedil;aryana qar\u015f\u0131 ir\u0259li s&uuml;r&uuml;lm&uuml;\u015f konstitusiya qurulu\u015funun pozulmas\u0131na dair ittiham &uuml;zr\u0259 i\u015f\u0259 bax\u0131l\u0131b. Sabiq prezidentin m&uuml;dafi\u0259&ccedil;il\u0259ri onun azad olunmas\u0131n\u0131 t\u0259l\u0259b edibl\u0259r.<\/p>\n<p>M\u0259hk\u0259m\u0259nin q\u0259rar\u0131 sentyabr\u0131n 17-d\u0259 elan olunacaq.<br \/>\nM\u0259hk\u0259m\u0259 iclas\u0131ndan sonra sabiq prezidentin t\u0259r\u0259fdarlar\u0131 v\u0259 \u0259leyhdarlar\u0131 aras\u0131nda toqqu\u015fma ba\u015f verib. Ba\u015f ver\u0259nl\u0259r\u0259 g&ouml;r\u0259, bir ne&ccedil;\u0259 n\u0259f\u0259r, o c&uuml;ml\u0259d\u0259n &ldquo;Milli raz\u0131l\u0131q&rdquo; partiyas\u0131n\u0131n s\u0259dri Aram Arutunyan saxlan\u0131l\u0131b.<\/p>\n<p>R. Ko&ccedil;aryan\u0131n \u0259leyhdarlar\u0131 onu qad\u0131n\u0131 d&ouml;ym\u0259kd\u0259 ittiham edibl\u0259r. A. Arutunyan\u0131n &ouml;z&uuml; &uuml;nvan\u0131na edil\u0259n t\u0259hqirl\u0259r\u0259 cavab olaraq bu add\u0131m\u0131 atd\u0131\u011f\u0131n\u0131 bildirib.<br \/>\nQeyd ed\u0259k ki, 2018-ci il iyulun 26-da Erm\u0259nistan \u0130stintaq Xidm\u0259ti 2008-ci il mart\u0131n 1-d\u0259 ke&ccedil;irilmi\u015f aksiyan\u0131n da\u011f\u0131d\u0131lmas\u0131 il\u0259 \u0259laq\u0259dar ba\u015flad\u0131lm\u0131\u015f cinay\u0259t i\u015fi &ccedil;\u0259r&ccedil;iv\u0259sind\u0259 Robert Ko&ccedil;aryana qar\u015f\u0131 konstitusiya qurulu\u015funun pozulmas\u0131na dair ittiham ir\u0259li s&uuml;r&uuml;b. Bir g&uuml;n sonra ke&ccedil;mi\u015f prezident h\u0259bs olunub. Bu ilin may\u0131nda Robert Ko&ccedil;aryan Da\u011fl\u0131q Qaraba\u011fdak\u0131 qondarma rejimin n&uuml;may\u0259nd\u0259l\u0259rinin zaminliyi il\u0259 azadl\u0131\u011fa burax\u0131l\u0131b. Bundan sonra Erm\u0259nistan\u0131n Apellyasiya M\u0259hk\u0259m\u0259si ke&ccedil;mi\u015f prezident Robert Ko&ccedil;aryan\u0131n h\u0259bsi il\u0259 ba\u011fl\u0131 q\u0259rar q\u0259bul edib.<\/p>\n<p>O h\u0259m&ccedil;inin b&ouml;y&uuml;k m\u0259bl\u0259\u011fd\u0259 r&uuml;\u015fv\u0259t almaqda ittiham edilir.<\/p>\n","protected":false},"excerpt":{"rendered":"<p>Bu g&uuml;n Yerevan m\u0259hk\u0259m\u0259sind\u0259 Erm\u0259nistan\u0131n ke&ccedil;mi\u015f prezidenti Robert Ko&ccedil;aryan\u0131n m\u0259hk\u0259m\u0259si ke&ccedil;irilib. APA -n\u0131n &ldquo;R\u0130A Novosti&rdquo;y\u0259 istinad\u0259n verdiyi x\u0259b\u0259r\u0259 g&ouml;r\u0259, m\u0259hk\u0259m\u0259d\u0259 Robert Ko&ccedil;aryana qar\u015f\u0131 ir\u0259li s&uuml;r&uuml;lm&uuml;\u015f konstitusiya qurulu\u015funun pozulmas\u0131na dair ittiham&hellip;<\/p>\n","protected":false},"author":1,"featured_media":251278,"comment_status":"open","ping_status":"open","sticky":false,"template":"","format":"standard","meta":{"_lmt_disableupdate":"","_lmt_disable":"","footnotes":""},"categories":[],"tags":[],"class_list":["post-84843","post","type-post","status-publish","format-standard","has-post-thumbnail","hentry"],"_links":{"self":[{"href":"https:\/\/ucnoqta.az\/index.php?rest_route=\/wp\/v2\/posts\/84843","targetHints":{"allow":["GET"]}}],"collection":[{"href":"https:\/\/ucnoqta.az\/index.php?rest_route=\/wp\/v2\/posts"}],"about":[{"href":"https:\/\/ucnoqta.az\/index.php?rest_route=\/wp\/v2\/types\/post"}],"author":[{"embeddable":true,"href":"https:\/\/ucnoqta.az\/index.php?rest_route=\/wp\/v2\/users\/1"}],"replies":[{"embeddable":true,"href":"https:\/\/ucnoqta.az\/index.php?rest_route=%2Fwp%2Fv2%2Fcomments&post=84843"}],"version-history":[{"count":0,"href":"https:\/\/ucnoqta.az\/index.php?rest_route=\/wp\/v2\/posts\/84843\/revisions"}],"wp:featuredmedia":[{"embeddable":true,"href":"https:\/\/ucnoqta.az\/index.php?rest_route=\/wp\/v2\/media\/251278"}],"wp:attachment":[{"href":"https:\/\/ucnoqta.az\/index.php?rest_route=%2Fwp%2Fv2%2Fmedia&parent=84843"}],"wp:term":[{"taxonomy":"category","embeddable":true,"href":"https:\/\/ucnoqta.az\/index.php?rest_route=%2Fwp%2Fv2%2Fcategories&post=84843"},{"taxonomy":"post_tag","embeddable":true,"href":"https:\/\/ucnoqta.az\/index.php?rest_route=%2Fwp%2Fv2%2Ftags&post=84843"}],"curies":[{"name":"wp","href":"https:\/\/api.w.org\/{rel}","templated":true}]}}