{"id":84840,"date":"2019-09-12T18:42:43","date_gmt":"2019-09-12T14:42:43","guid":{"rendered":""},"modified":"-0001-11-30T00:00:00","modified_gmt":"-0001-11-29T20:00:00","slug":"","status":"publish","type":"post","link":"https:\/\/ucnoqta.az\/?p=84840","title":{"rendered":"<font color=red><b>Az\u0259rbaycan Fransaya nota verib<\/b><\/font>"},"content":{"rendered":"<p>Fransa parlamentaril\u0259rinin Az\u0259rbaycan\u0131n i\u015f\u011fal olunmu\u015f Da\u011fl\u0131q Qaraba\u011f b\u00f6lg\u0259sin\u0259 qanunsuz s\u0259f\u0259rini q\u0259ti \u015f\u0259kild\u0259 pisl\u0259yirik.<\/p>\n<p>Bu bar\u0259d\u0259 Az\u0259rbaycan Xarici \u0130\u015fl\u0259r Nazirliyinin M\u0259tbuat xidm\u0259ti idar\u0259sinin frans\u0131z deputatlar\u0131n Az\u0259rbaycan\u0131n i\u015f\u011fal olunmu\u015f Da\u011fl\u0131q Qaraba\u011f b\u00f6lg\u0259sin\u0259 s\u0259f\u0259ri il\u0259 ba\u011fl\u0131 \u015f\u0259rhind\u0259 deyilir.<\/p>\n<p>Nazirlik bildirir ki, yerli az\u0259rbaycanl\u0131 \u0259halinin qanl\u0131 etnik t\u0259mizl\u0259m\u0259sini h\u0259yata ke\u00e7ir\u0259n v\u0259 m\u00fcnaqi\u015f\u0259nin h\u0259lli \u00e7\u0259r\u00e7iv\u0259sind\u0259 m\u0259cburi k\u00f6\u00e7k\u00fcnl\u0259rin \u0259z\u0259li ya\u015fay\u0131\u015f yerl\u0259rin\u0259 qay\u0131tmalar\u0131n\u0131n qar\u015f\u0131s\u0131n\u0131 almaq \u00fc\u00e7\u00fcn \u0259lind\u0259n g\u0259l\u0259ni ed\u0259n Erm\u0259nistan t\u0259r\u0259find\u0259n \u00f6lk\u0259mizin i\u015f\u011fal olunmu\u015f \u0259razil\u0259rin\u0259 bu qanunsuz s\u0259f\u0259rin h\u0259yata ke\u00e7irilm\u0259si Fransa Parlamenti \u00fczvl\u0259rinin r\u0259hb\u0259r tutmal\u0131 olduqlar\u0131 &#8220;azadl\u0131q, b\u0259rab\u0259rlik, qarda\u015fl\u0131q&#8221; y\u00fcks\u0259k ideallara v\u0259 fundamental insan h\u00fcquqlar\u0131na tamamil\u0259 ziddir:<\/p>\n<p>&#8220;Qeyd etm\u0259k laz\u0131md\u0131r ki, bu add\u0131m q\u0259r\u0259zli, Fransan\u0131n erm\u0259ni lobbisinin t\u0259siri alt\u0131nda olan v\u0259 \u0259vv\u0259lki qanunsuz s\u0259f\u0259rl\u0259ri s\u0259b\u0259bind\u0259n ad\u0131 art\u0131q Az\u0259rbaycana giri\u015fi arzuolunmaz \u015f\u0259xsl\u0259r siyah\u0131s\u0131nda yer alan Gi Tesye (Guy Teissier) kimi deputatlar t\u0259r\u0259find\u0259n at\u0131l\u0131b. Ona qo\u015fulan qanunsuz s\u0259f\u0259rin dig\u0259r i\u015ftirak\u00e7\u0131lar\u0131n\u0131n, mill\u0259t v\u0259kill\u0259ri Valeri Buaye (Val\u00e9rie Boyer), Jan-Pyer C\u00fcbertafon (Jean-Pierre Cubertafon), M\u0259h\u0259mm\u0259d Laqhila (Mohamad Laqhila), Daniel Kazaryan (Dani\u00e8le Cazarian), Giyom Kasparyan (Guillaume Casbarian) v\u0259 senator Pyer Uzulias\u0131n (Pierre Ouzoulias) da adlar\u0131 m\u00fcvafiq olaraq h\u0259min siyah\u0131ya sal\u0131nacaqd\u0131r.<\/p>\n<p>Bununla \u0259laq\u0259dar Fransan\u0131n \u00f6lk\u0259mizd\u0259ki m\u00fcv\u0259qq\u0259ti i\u015fl\u0259r v\u0259kili Az\u0259rbaycan Xarici \u0130\u015fl\u0259r Nazirliyin\u0259 \u00e7a\u011f\u0131r\u0131l\u0131b v\u0259 ona Fransa t\u0259r\u0259fin\u0259 \u00fcnvanlanan etiraz notas\u0131 t\u0259qdim edilib. S\u0259n\u0259dd\u0259 bu c\u00fcr qanunsuz s\u0259f\u0259rl\u0259rin h\u0259yata ke\u00e7irilm\u0259sinin AT\u018fT-in Minsk Qrupu h\u0259ms\u0259drl\u0259rinin, o c\u00fcml\u0259d\u0259n Fransan\u0131n Erm\u0259nistan-Az\u0259rbaycan, Da\u011fl\u0131q Qaraba\u011f m\u00fcnaqi\u015f\u0259sinin dan\u0131\u015f\u0131qlar yolu il\u0259 h\u0259ll olunmas\u0131 m\u0259qs\u0259dini g\u00fcd\u0259n s\u0259yl\u0259rini ciddi \u015f\u0259kild\u0259 sars\u0131td\u0131\u011f\u0131na, eyni zamanda bu prosesd\u0259 vasit\u0259\u00e7i qismind\u0259 Fransan\u0131n n\u00fcfuzuna x\u0259l\u0259l g\u0259tirdiyin\u0259 x\u00fcsusi diqq\u0259t \u00e7\u0259kilir.Fransa h\u00f6kum\u0259tini bir daha bu \u00f6lk\u0259nin parlamentaril\u0259rinin Az\u0259rbaycan \u0259razil\u0259rinin i\u015f\u011fal\u0131 n\u0259tic\u0259sind\u0259 yaranm\u0131\u015f status-quonun m\u00f6hk\u0259ml\u0259ndirilm\u0259sin\u0259 y\u00f6n\u0259lmi\u015f qanunsuz s\u0259f\u0259rl\u0259rinin qar\u015f\u0131s\u0131n\u0131 almaq \u00fc\u00e7\u00fcn q\u0259tiyy\u0259tli t\u0259dbirl\u0259r g\u00f6rm\u0259y\u0259 v\u0259 bununla da, \u00f6z beyn\u0259lxalq \u00f6hd\u0259likl\u0259rinin d\u00fczg\u00fcn yerin\u0259 yetirilm\u0259si maraqlar\u0131n\u0131 r\u0259hb\u0259r tutaraq, nizamlamada vasit\u0259\u00e7i kimi q\u0259r\u0259zsiz yana\u015fmas\u0131n\u0131n ard\u0131c\u0131ll\u0131\u011f\u0131n\u0131 t\u0259sdiq etm\u0259y\u0259 \u00e7a\u011f\u0131r\u0131r\u0131q&#8221;.<\/p>\n","protected":false},"excerpt":{"rendered":"<p>Fransa parlamentaril\u0259rinin Az\u0259rbaycan\u0131n i\u015f\u011fal olunmu\u015f Da\u011fl\u0131q Qaraba\u011f b\u00f6lg\u0259sin\u0259 qanunsuz s\u0259f\u0259rini q\u0259ti \u015f\u0259kild\u0259 pisl\u0259yirik. Bu bar\u0259d\u0259 Az\u0259rbaycan Xarici \u0130\u015fl\u0259r Nazirliyinin M\u0259tbuat xidm\u0259ti idar\u0259sinin frans\u0131z deputatlar\u0131n Az\u0259rbaycan\u0131n i\u015f\u011fal olunmu\u015f Da\u011fl\u0131q Qaraba\u011f b\u00f6lg\u0259sin\u0259&hellip;<\/p>\n","protected":false},"author":1,"featured_media":251278,"comment_status":"open","ping_status":"open","sticky":false,"template":"","format":"standard","meta":{"_lmt_disableupdate":"","_lmt_disable":"","footnotes":""},"categories":[86],"tags":[],"class_list":["post-84840","post","type-post","status-publish","format-standard","has-post-thumbnail","hentry","category-siyaset"],"_links":{"self":[{"href":"https:\/\/ucnoqta.az\/index.php?rest_route=\/wp\/v2\/posts\/84840","targetHints":{"allow":["GET"]}}],"collection":[{"href":"https:\/\/ucnoqta.az\/index.php?rest_route=\/wp\/v2\/posts"}],"about":[{"href":"https:\/\/ucnoqta.az\/index.php?rest_route=\/wp\/v2\/types\/post"}],"author":[{"embeddable":true,"href":"https:\/\/ucnoqta.az\/index.php?rest_route=\/wp\/v2\/users\/1"}],"replies":[{"embeddable":true,"href":"https:\/\/ucnoqta.az\/index.php?rest_route=%2Fwp%2Fv2%2Fcomments&post=84840"}],"version-history":[{"count":0,"href":"https:\/\/ucnoqta.az\/index.php?rest_route=\/wp\/v2\/posts\/84840\/revisions"}],"wp:featuredmedia":[{"embeddable":true,"href":"https:\/\/ucnoqta.az\/index.php?rest_route=\/wp\/v2\/media\/251278"}],"wp:attachment":[{"href":"https:\/\/ucnoqta.az\/index.php?rest_route=%2Fwp%2Fv2%2Fmedia&parent=84840"}],"wp:term":[{"taxonomy":"category","embeddable":true,"href":"https:\/\/ucnoqta.az\/index.php?rest_route=%2Fwp%2Fv2%2Fcategories&post=84840"},{"taxonomy":"post_tag","embeddable":true,"href":"https:\/\/ucnoqta.az\/index.php?rest_route=%2Fwp%2Fv2%2Ftags&post=84840"}],"curies":[{"name":"wp","href":"https:\/\/api.w.org\/{rel}","templated":true}]}}