{"id":84832,"date":"2019-09-12T16:45:48","date_gmt":"2019-09-12T12:45:48","guid":{"rendered":""},"modified":"-0001-11-30T00:00:00","modified_gmt":"-0001-11-29T20:00:00","slug":"","status":"publish","type":"post","link":"https:\/\/ucnoqta.az\/?p=84832","title":{"rendered":"\u015eeyx\u00fclislam Allah\u015f\u00fck\u00fcr Pa\u015fazad\u0259 Prezident \u0130lham \u018fliyev\u0259 t\u0259\u015f\u0259kk\u00fcr edib"},"content":{"rendered":"<p><strong>\u015eeyx&uuml;lislam Allah\u015f&uuml;k&uuml;r Pa\u015fazad\u0259 Az\u0259rbaycan Prezidenti \u0130lham \u018fliyev\u0259 t\u0259\u015f\u0259kk&uuml;r edib.<\/strong><\/p>\n<p>M\u0259ktubda deyilir:<\/p>\n<p>&ldquo;M&ouml;ht\u0259r\u0259m c\u0259nab Prezident!<br \/>\nQafqaz b&ouml;lg\u0259si dindarlar\u0131n\u0131n arzu v\u0259 irad\u0259sini ifad\u0259 ed\u0259r\u0259k Siz\u0259 &ndash; Az\u0259rbaycan xalq\u0131n\u0131n l\u0259yaq\u0259tli o\u011fluna, d&ouml;vl\u0259t r\u0259hb\u0259rimiz\u0259 v\u0259 d&uuml;nyan\u0131n tan\u0131nm\u0131\u015f siyasi xadimin\u0259 salamlar\u0131m\u0131 v\u0259 t\u0259\u015f\u0259kk&uuml;rl\u0259rimi &uuml;nvanlay\u0131ram.<\/p>\n<p>70 illik yubileyim v\u0259 \u015eeyx&uuml;lislam kimi f\u0259aliyy\u0259timin 40 illiyi m&uuml;nasib\u0259til\u0259 Zati-alil\u0259riniz t\u0259r\u0259find\u0259n d&ouml;vl\u0259tin \u0259n y&uuml;ks\u0259k ali t\u0259ltifat\u0131na &ndash; &ldquo;Heyd\u0259r \u018fliyev&rdquo; ordenin\u0259 layiq g&ouml;r&uuml;lm\u0259yim \u015f\u0259xsim\u0259 v\u0259 Az\u0259rbaycan dindarlar\u0131na olan y&uuml;ks\u0259k h&ouml;rm\u0259t v\u0259 etimad\u0131n g&ouml;st\u0259ricisi, \u0130slam al\u0259mind\u0259 v\u0259 dini m\u0259rk\u0259zl\u0259r tarixind\u0259 nadir rast g\u0259lin\u0259n m&uuml;st\u0259sna hadis\u0259dir. M&uuml;st\u0259qil d&ouml;vl\u0259timizin ali d&ouml;vl\u0259t m&uuml;kafat\u0131n\u0131 din xadimin\u0259 t\u0259qdim etm\u0259kl\u0259 Siz, Zati-alil\u0259ri, d&uuml;nya tarixinin ictimai-m\u0259n\u0259vi d\u0259y\u0259rl\u0259r m&uuml;st\u0259visind\u0259 yeni bir s\u0259hif\u0259 a&ccedil;d\u0131n\u0131z. Sizin alic\u0259nabl\u0131\u011f\u0131n\u0131z say\u0259sind\u0259 \u015eeyx&uuml;lislam\u0131n f\u0259aliyy\u0259tin\u0259 veril\u0259n qiym\u0259t, eyni zamanda, Az\u0259rbaycan d&ouml;vl\u0259tind\u0259 milli-dini d\u0259y\u0259rl\u0259r\u0259 olan &ouml;z\u0259l m&uuml;nasib\u0259tin, Zati-alil\u0259rinizin &ouml;lk\u0259mizin h&uuml;dudlar\u0131ndan ke&ccedil;ib Qafqaz regionuna, \u0130slam d&uuml;nyas\u0131na v\u0259 beyn\u0259lxalq ictimaiyy\u0259t\u0259 q\u0259d\u0259r ir\u0259lil\u0259y\u0259n \u015f&ouml;hr\u0259tinin s&uuml;butu v\u0259 t\u0259qdiridir.<\/p>\n<p>Zati-alil\u0259ri! Az\u0259rbaycan\u0131n d&ouml;vl\u0259t m&uuml;st\u0259qilliyinin m&ouml;hk\u0259ml\u0259nm\u0259si, iqtisadi q&uuml;dr\u0259tinin artmas\u0131 istiqam\u0259tind\u0259 misilsiz s\u0259yl\u0259riniz q&uuml;rur m\u0259nb\u0259yimizdir. Az\u0259rbaycandak\u0131 din&ndash;d&ouml;vl\u0259t m&uuml;nasib\u0259tl\u0259rinin y&uuml;ks\u0259k s\u0259viyy\u0259sinin t\u0259mini istiqam\u0259tind\u0259 \u0259m\u0259li add\u0131mlar\u0131n\u0131z, milli-m\u0259d\u0259ni irsin dir&ccedil;\u0259li\u015fin\u0259 g&ouml;st\u0259rdiyiniz maddi v\u0259 m\u0259n\u0259vi yard\u0131m, dini abid\u0259l\u0259r\u0259 d&ouml;vl\u0259t s\u0259viyy\u0259sind\u0259 qay\u011f\u0131 v\u0259 himay\u0259 m&uuml;drik siyas\u0259tin n&uuml;mun\u0259si kimi beyn\u0259lxalq al\u0259md\u0259 y&uuml;ks\u0259k d\u0259y\u0259rl\u0259ndirilir. F\u0259xrl\u0259 dey\u0259 bil\u0259rik ki, Az\u0259rbaycan\u0131n d&uuml;nya miqyas\u0131nda m\u0259d\u0259niyy\u0259tl\u0259r, sivilizasiyalar, dinl\u0259raras\u0131 dialoq prosesind\u0259 bug&uuml;nk&uuml; u\u011furlar\u0131, apar\u0131c\u0131 rolu Sizin siyasi irad\u0259 v\u0259 qlobal t\u0259\u015f\u0259bb&uuml;sl\u0259rinizd\u0259n qaynaqlan\u0131r. Zati-alil\u0259rinizin XXI \u0259srd\u0259 b\u0259\u015f\u0259riyy\u0259tin m\u0259n\u0259vi ehtiyac duydu\u011fu v\u0259 zaman\u0131n t\u0259l\u0259bl\u0259rin\u0259 cavab ver\u0259n qlobal ideyalar\u0131, m&uuml;\u0259llifi oldu\u011funuz Bak\u0131 prosesi, elan etdiyiniz Multikulturalizm, \u0130slam H\u0259mr\u0259yliyi ill\u0259ri say\u0259sind\u0259 Az\u0259rbaycan\u0131n ad\u0131 tarixin s\u0259hif\u0259l\u0259rin\u0259 n&uuml;mun\u0259vi tolerantl\u0131q v\u0259 b\u0259\u015f\u0259ri h\u0259mr\u0259ylik m\u0259kan\u0131 kimi yaz\u0131l\u0131r. D&uuml;nya dini liderl\u0259rinin II Bak\u0131 Sammitinin ke&ccedil;irilm\u0259si haqq\u0131nda Zati-alil\u0259rinizin tarixi q\u0259rar\u0131 beyn\u0259lxalq ictimaiyy\u0259t, n&uuml;fuzlu dini liderl\u0259r t\u0259r\u0259find\u0259n y&uuml;ks\u0259k d\u0259y\u0259rl\u0259ndirilir. Zati-alil\u0259rinizin xeyir-duas\u0131 il\u0259 Qafqaz M&uuml;s\u0259lmanlar\u0131 \u0130dar\u0259si n\u0259zdind\u0259 yarad\u0131lm\u0131\u015f Bak\u0131 Beyn\u0259lxalq Dinl\u0259raras\u0131 v\u0259 Sivilizasiyalararas\u0131 \u018fm\u0259kda\u015fl\u0131q M\u0259rk\u0259zi Sizin ideyalar\u0131n\u0131z\u0131n t\u0259nt\u0259n\u0259si olub, Az\u0259rbaycan\u0131n d&uuml;nya miqyas\u0131nda bu istiqam\u0259td\u0259 f\u0259aliyy\u0259tl\u0259rin m\u0259rk\u0259zi statusunu bir daha t\u0259sdiq etdi.<\/p>\n<p>Zat-alil\u0259ri! M\u0259ni Az\u0259rbaycan d&ouml;vl\u0259tinin ali m&uuml;kafat\u0131 &ndash; &ldquo;Heyd\u0259r \u018fliyev&rdquo; ordeni il\u0259 t\u0259ltif etm\u0259yiniz m\u0259nim &uuml;&ccedil;&uuml;n olduqca b&ouml;y&uuml;k f\u0259xar\u0259t, q&uuml;rur m\u0259nb\u0259yidir. Ulu &Ouml;nd\u0259rin ad\u0131n\u0131 da\u015f\u0131yan ali d&ouml;vl\u0259t m&uuml;kafat\u0131 b&uuml;t&uuml;n t\u0259ltifatlar\u0131m\u0131n \u0259n u&ccedil;a zirv\u0259si oldu. Ad\u0131 v\u0259 xatir\u0259si m\u0259nim &uuml;&ccedil;&uuml;n \u0259ziz olan qarda\u015f\u0131m\u0131n ad\u0131n\u0131 \u0259b\u0259dil\u0259\u015fdir\u0259n bu ordenin m\u0259nim &uuml;&ccedil;&uuml;n n\u0259 q\u0259d\u0259r b&ouml;y&uuml;k m\u0259nalar k\u0259sb etdiyini s&ouml;zl\u0259 ifad\u0259 etm\u0259k &ccedil;\u0259tindir. Az\u0259rbaycan xalq\u0131, Az\u0259rbaycan dindarlar\u0131, \u015eeyx&uuml;lislam olaraq \u015f\u0259xs\u0259n m\u0259n Zati-alil\u0259rinizin \u0259m\u0259ll\u0259rind\u0259 Ulu &Ouml;nd\u0259r Heyd\u0259r \u018fliyevin uca m\u0259n\u0259viyyat yolunun davam\u0131n\u0131 g&ouml;rm\u0259kd\u0259n \u015f\u0259r\u0259f duyuruq.<\/p>\n<p>M&ouml;ht\u0259r\u0259m c\u0259nab Prezident! Do\u011fum g&uuml;n&uuml;md\u0259 m\u0259n\u0259 &uuml;nvanlad\u0131\u011f\u0131n\u0131z s\u0259mimi t\u0259brik m\u0259ktubunda f\u0259aliyy\u0259tim\u0259 verdiyiniz d\u0259y\u0259rl\u0259 f\u0259xr duyur, \u015f\u0259xsim\u0259 g&ouml;st\u0259rdiyiniz diqq\u0259t\u0259, tutdu\u011fum m\u0259qama n&uuml;mayi\u015f etdirdiyiniz ehtirama g&ouml;r\u0259 bir daha Siz\u0259 d\u0259rin t\u0259\u015f\u0259kk&uuml;rl\u0259rimi v\u0259 minn\u0259tdarl\u0131\u011f\u0131m\u0131 bildirir\u0259m. Az\u0259rbaycan xalq\u0131n\u0131n rifah\u0131, d&ouml;vl\u0259timizin q&uuml;dr\u0259tinin artmas\u0131, \u0259razi b&uuml;t&ouml;vl&uuml;y&uuml;m&uuml;z&uuml;n b\u0259rpas\u0131 namin\u0259 misilsiz f\u0259aliyy\u0259tiniz\u0259 Allah-T\u0259aladan u\u011furlar dil\u0259yir, Siz\u0259 v\u0259 g&ouml;z\u0259l ail\u0259niz\u0259 \u0259n xo\u015f arzular\u0131m\u0131 yetirir\u0259m.<\/p>\n<p>Zati-alil\u0259ri! Biz, din xadiml\u0259ri, b&uuml;t&uuml;n Az\u0259rbaycan xalq\u0131 inan\u0131r\u0131q ki, Ulu Yaradan\u0131n k&ouml;m\u0259yi, Sizin r\u0259hb\u0259rliyinizl\u0259 Az\u0259rbaycan d&uuml;nya miqyas\u0131nda daha b&ouml;y&uuml;k u\u011furlara imza atacaqd\u0131r v\u0259 biz Sizin kimi m&uuml;drik d&ouml;vl\u0259t r\u0259hb\u0259rimizin varl\u0131\u011f\u0131 il\u0259 h\u0259r zamank\u0131 kimi iftixar duyaca\u011f\u0131q. Uca Allah daima yard\u0131m&ccedil;\u0131n\u0131z olsun, L&uuml;tf v\u0259 M\u0259rh\u0259m\u0259tini Az\u0259rbaycan xalq\u0131 v\u0259 d&ouml;vl\u0259ti &uuml;z\u0259rind\u0259 b\u0259rq\u0259rar etsin!&rdquo;.<\/p>\n","protected":false},"excerpt":{"rendered":"<p>\u015eeyx&uuml;lislam Allah\u015f&uuml;k&uuml;r Pa\u015fazad\u0259 Az\u0259rbaycan Prezidenti \u0130lham \u018fliyev\u0259 t\u0259\u015f\u0259kk&uuml;r edib. M\u0259ktubda deyilir: &ldquo;M&ouml;ht\u0259r\u0259m c\u0259nab Prezident! Qafqaz b&ouml;lg\u0259si dindarlar\u0131n\u0131n arzu v\u0259 irad\u0259sini ifad\u0259 ed\u0259r\u0259k Siz\u0259 &ndash; Az\u0259rbaycan xalq\u0131n\u0131n l\u0259yaq\u0259tli o\u011fluna, d&ouml;vl\u0259t r\u0259hb\u0259rimiz\u0259&hellip;<\/p>\n","protected":false},"author":1,"featured_media":251278,"comment_status":"open","ping_status":"open","sticky":false,"template":"","format":"standard","meta":{"_lmt_disableupdate":"","_lmt_disable":"","footnotes":""},"categories":[],"tags":[],"class_list":["post-84832","post","type-post","status-publish","format-standard","has-post-thumbnail","hentry"],"_links":{"self":[{"href":"https:\/\/ucnoqta.az\/index.php?rest_route=\/wp\/v2\/posts\/84832","targetHints":{"allow":["GET"]}}],"collection":[{"href":"https:\/\/ucnoqta.az\/index.php?rest_route=\/wp\/v2\/posts"}],"about":[{"href":"https:\/\/ucnoqta.az\/index.php?rest_route=\/wp\/v2\/types\/post"}],"author":[{"embeddable":true,"href":"https:\/\/ucnoqta.az\/index.php?rest_route=\/wp\/v2\/users\/1"}],"replies":[{"embeddable":true,"href":"https:\/\/ucnoqta.az\/index.php?rest_route=%2Fwp%2Fv2%2Fcomments&post=84832"}],"version-history":[{"count":0,"href":"https:\/\/ucnoqta.az\/index.php?rest_route=\/wp\/v2\/posts\/84832\/revisions"}],"wp:featuredmedia":[{"embeddable":true,"href":"https:\/\/ucnoqta.az\/index.php?rest_route=\/wp\/v2\/media\/251278"}],"wp:attachment":[{"href":"https:\/\/ucnoqta.az\/index.php?rest_route=%2Fwp%2Fv2%2Fmedia&parent=84832"}],"wp:term":[{"taxonomy":"category","embeddable":true,"href":"https:\/\/ucnoqta.az\/index.php?rest_route=%2Fwp%2Fv2%2Fcategories&post=84832"},{"taxonomy":"post_tag","embeddable":true,"href":"https:\/\/ucnoqta.az\/index.php?rest_route=%2Fwp%2Fv2%2Ftags&post=84832"}],"curies":[{"name":"wp","href":"https:\/\/api.w.org\/{rel}","templated":true}]}}