{"id":84829,"date":"2019-09-12T15:37:25","date_gmt":"2019-09-12T11:37:25","guid":{"rendered":""},"modified":"-0001-11-30T00:00:00","modified_gmt":"-0001-11-29T20:00:00","slug":"","status":"publish","type":"post","link":"https:\/\/ucnoqta.az\/?p=84829","title":{"rendered":"\u018fli H\u0259s\u0259nov: <font color=red><b>&#8220;Onlar anti-Az\u0259rbaycan dair\u0259l\u0259rin \u0259lind\u0259 al\u0259t\u0259 \u00e7evrilibl\u0259r&#8221;<\/b><\/font>"},"content":{"rendered":"<p><strong>&quot;1993-c&uuml; ild\u0259n Az\u0259rbaycanda milli birlik &#8211; v\u0259t\u0259nda\u015f h\u0259mr\u0259yliyi siyas\u0259ti y&uuml;r&uuml;d&uuml;l&uuml;r. Siyasi partiyalar c\u0259miyy\u0259tin institutlar\u0131d\u0131r. Az\u0259rbaycan iqtidar\u0131 il\u0259 c\u0259miyy\u0259tin dig\u0259r t\u0259msil&ccedil;il\u0259ri &#8211; qeyri-h&ouml;kum\u0259t t\u0259\u015fkilatlar\u0131, media v\u0259 siyasi partiya n&uuml;may\u0259nd\u0259l\u0259rinin &uuml;nsiyy\u0259ti b&uuml;t&uuml;n d&ouml;vrl\u0259rd\u0259 aktual olub&quot;.<\/strong><\/p>\n<p>Bunu jurnalistl\u0259r\u0259 a&ccedil;\u0131qlamas\u0131nda Az\u0259rbaycan Respublikas\u0131 Prezidentinin k&ouml;m\u0259k&ccedil;isi, \u015f&ouml;b\u0259 m&uuml;diri \u018fli H\u0259s\u0259nov &ouml;t\u0259n g&uuml;n ba\u015f tutan &quot;Az\u0259rbaycan siyas\u0259tin\u0259 xarici m&uuml;daxil\u0259nin yolverilm\u0259zliyi&quot; m&ouml;vzusunda ke&ccedil;iril\u0259n t\u0259dbiri \u015f\u0259rh ed\u0259rk\u0259n deyib.<\/p>\n<p>\u018fli H\u0259s\u0259nov bildirib ki, hakimiyy\u0259t milli birliyi, h\u0259mr\u0259yliyi Az\u0259rbaycan\u0131n alternativsiz reall\u0131\u011f\u0131 kimi d\u0259y\u0259rl\u0259ndirir: &quot;Bunun alternativini g&ouml;rm&uuml;r&uuml;k. Dialoqun \u0259ksi qar\u015f\u0131durma v\u0259 qeyri-qanuni m&uuml;bariz\u0259dir. Biz dialoqu y&uuml;ks\u0259k d\u0259y\u0259rl\u0259ndiririk, ist\u0259nil\u0259n halda Az\u0259rbaycan c\u0259miyy\u0259ti &uuml;&ccedil;&uuml;n dialoq h\u0259mi\u015f\u0259 aktuald\u0131r. D&uuml;n\u0259n d\u0259 bel\u0259 bir t\u0259dbir ke&ccedil;irilib. D&uuml;\u015f&uuml;n&uuml;r\u0259m ki, siyasi partiyalar, media v\u0259 qeyri-h&ouml;kum\u0259t t\u0259\u015fkilatlar\u0131 bu istiqam\u0259td\u0259 f\u0259aliyy\u0259tl\u0259rini m\u0259hdudla\u015fd\u0131rmayacaqlar. G\u0259l\u0259c\u0259kd\u0259 h\u0259m daxili, h\u0259m xarici siyas\u0259tl\u0259 ba\u011fl\u0131 dialoq masas\u0131nda m&uuml;zakir\u0259l\u0259r apar\u0131la bil\u0259r&quot;.<\/p>\n<p>\u018fli H\u0259s\u0259nov &quot;s&ouml;y&uuml;\u015f kampaniyas\u0131&quot;na da m&uuml;nasib\u0259t bildir\u0259r\u0259k qeyd edib ki, s&ouml;y&uuml;\u015f v\u0259 t\u0259hqird\u0259n istifad\u0259 ed\u0259nl\u0259r\u0259 m&uuml;xalif\u0259t dem\u0259k olmaz: &quot;\u0130nsanlar var ki, Az\u0259rbaycan\u0131 m&uuml;xt\u0259lif s\u0259b\u0259bl\u0259r\u0259 g&ouml;r\u0259 t\u0259rk edib, h\u0259r\u0259 xarici &ouml;lk\u0259d\u0259 &ouml;z&uuml;n\u0259 bir vasit\u0259 il\u0259 s\u0131\u011f\u0131nacaq tap\u0131b. T\u0259\u0259ss&uuml;fl\u0259r olsun ki, onlar anti-Az\u0259rbaycan dair\u0259l\u0259rin \u0259lind\u0259 al\u0259t\u0259 &ccedil;evrilibl\u0259r. Anti-Az\u0259rbaycan dair\u0259l\u0259rin maliyy\u0259l\u0259\u015fm\u0259sind\u0259 erm\u0259ni fondlar\u0131 da i\u015ftirak edir. Xarici &ouml;lk\u0259l\u0259rd\u0259 onlardan Az\u0259rbaycana qar\u015f\u0131 &ccedil;irkin formada istifad\u0259 edirl\u0259r. Bu, Az\u0259rbaycan mill\u0259tinin ad\u0131na l\u0259k\u0259dir. D&uuml;\u015f&uuml;n&uuml;r\u0259m ki, onlar n\u0259 vaxtsa Az\u0259rbaycan xalq\u0131na m\u0259xsus d\u0259y\u0259r n&uuml;mayi\u015f etdir\u0259r\u0259k bu yoldan &ccedil;\u0259kin\u0259c\u0259kl\u0259r. \u018fg\u0259r onlar xaricd\u0259 ia\u015f\u0259 obyektl\u0259rind\u0259 bu davran\u0131\u015flar\u0131 &ouml;zl\u0259rin\u0259 h\u0259yat kredosu, f\u0259aliyy\u0259t n&uuml;mun\u0259si se&ccedil;ibl\u0259rs\u0259, qoy f\u0259aliyy\u0259tl\u0259rini davam etdirsinl\u0259r. \u018flb\u0259tt\u0259 ki, sa\u011flam d&uuml;\u015f&uuml;nc\u0259li Az\u0259rbaycan v\u0259t\u0259nda\u015flar\u0131 onlara nifr\u0259t edir&quot;.\/Apa<\/p>\n","protected":false},"excerpt":{"rendered":"<p>&quot;1993-c&uuml; ild\u0259n Az\u0259rbaycanda milli birlik &#8211; v\u0259t\u0259nda\u015f h\u0259mr\u0259yliyi siyas\u0259ti y&uuml;r&uuml;d&uuml;l&uuml;r. Siyasi partiyalar c\u0259miyy\u0259tin institutlar\u0131d\u0131r. Az\u0259rbaycan iqtidar\u0131 il\u0259 c\u0259miyy\u0259tin dig\u0259r t\u0259msil&ccedil;il\u0259ri &#8211; qeyri-h&ouml;kum\u0259t t\u0259\u015fkilatlar\u0131, media v\u0259 siyasi partiya n&uuml;may\u0259nd\u0259l\u0259rinin &uuml;nsiyy\u0259ti b&uuml;t&uuml;n&hellip;<\/p>\n","protected":false},"author":1,"featured_media":251278,"comment_status":"open","ping_status":"open","sticky":false,"template":"","format":"standard","meta":{"_lmt_disableupdate":"","_lmt_disable":"","footnotes":""},"categories":[],"tags":[],"class_list":["post-84829","post","type-post","status-publish","format-standard","has-post-thumbnail","hentry"],"_links":{"self":[{"href":"https:\/\/ucnoqta.az\/index.php?rest_route=\/wp\/v2\/posts\/84829","targetHints":{"allow":["GET"]}}],"collection":[{"href":"https:\/\/ucnoqta.az\/index.php?rest_route=\/wp\/v2\/posts"}],"about":[{"href":"https:\/\/ucnoqta.az\/index.php?rest_route=\/wp\/v2\/types\/post"}],"author":[{"embeddable":true,"href":"https:\/\/ucnoqta.az\/index.php?rest_route=\/wp\/v2\/users\/1"}],"replies":[{"embeddable":true,"href":"https:\/\/ucnoqta.az\/index.php?rest_route=%2Fwp%2Fv2%2Fcomments&post=84829"}],"version-history":[{"count":0,"href":"https:\/\/ucnoqta.az\/index.php?rest_route=\/wp\/v2\/posts\/84829\/revisions"}],"wp:featuredmedia":[{"embeddable":true,"href":"https:\/\/ucnoqta.az\/index.php?rest_route=\/wp\/v2\/media\/251278"}],"wp:attachment":[{"href":"https:\/\/ucnoqta.az\/index.php?rest_route=%2Fwp%2Fv2%2Fmedia&parent=84829"}],"wp:term":[{"taxonomy":"category","embeddable":true,"href":"https:\/\/ucnoqta.az\/index.php?rest_route=%2Fwp%2Fv2%2Fcategories&post=84829"},{"taxonomy":"post_tag","embeddable":true,"href":"https:\/\/ucnoqta.az\/index.php?rest_route=%2Fwp%2Fv2%2Ftags&post=84829"}],"curies":[{"name":"wp","href":"https:\/\/api.w.org\/{rel}","templated":true}]}}