{"id":84828,"date":"2019-09-12T15:29:37","date_gmt":"2019-09-12T11:29:37","guid":{"rendered":""},"modified":"-0001-11-30T00:00:00","modified_gmt":"-0001-11-29T20:00:00","slug":"","status":"publish","type":"post","link":"https:\/\/ucnoqta.az\/?p=84828","title":{"rendered":"Melaniya Tramp\u0131n pla\u015f\u0131 qalmaqala s\u0259b\u0259b oldu &#8211; <font color=red><b>FOTO<\/b><\/font>"},"content":{"rendered":"<p><strong>D&uuml;n\u0259n AB\u015e-da h\u0259r k\u0259s 9\/11 h&uuml;cumlar\u0131n\u0131n faci\u0259sini anark\u0259n birinci xan\u0131m &ldquo;Twitter&rdquo;d\u0259ki payla\u015f\u0131m\u0131 il\u0259 &ouml;z&uuml;n&uuml; g&ouml;zl\u0259m\u0259diyi qalmaqal\u0131n i&ccedil;ind\u0259 tap\u0131b.&nbsp;<\/strong><\/p>\n<p>Qalmaqal\u0131n s\u0259b\u0259bi Tramp\u0131n m&uuml;bahis\u0259li prezidentliyi yox, Melaniyan\u0131n pla\u015f\u0131ndak\u0131 u\u011fursuz detal olub. Birinci xan\u0131m &ccedil;\u0259r\u015f\u0259nb\u0259 ax\u015fam\u0131 da\u011f\u0131d\u0131c\u0131 terror h&uuml;cumlar\u0131n\u0131n xatir\u0259sini anmaq &uuml;&ccedil;&uuml;n &ouml;z&uuml;n&uuml;n v\u0259 prezident h\u0259yat yolda\u015f\u0131n\u0131n \u015f\u0259klini payla\u015f\u0131b.<\/p>\n<p>O c&uuml;tl&uuml;y&uuml;n &uuml;z&uuml;n&uuml;n g&ouml;r&uuml;nm\u0259diyi \u015f\u0259klin &uuml;z\u0259rin\u0259 &ldquo;Biz he&ccedil; vaxt unutmayaca\u011f\u0131q&rdquo; ba\u015fl\u0131\u011f\u0131n\u0131 yaz\u0131b. \u015e\u0259kild\u0259 birinci xan\u0131m\u0131n pla\u015f\u0131nda ki&ccedil;ik bir detal insanlar\u0131n q\u0259z\u0259bin\u0259 s\u0259b\u0259b olub.<br \/>\nBel\u0259 ki, onlar bu detal\u0131 D&uuml;nya Ticar\u0259t M\u0259rk\u0259zinin binas\u0131na b\u0259nz\u0259dibl\u0259r. Bu fikir sosial \u015f\u0259b\u0259k\u0259d\u0259 &ccedil;axna\u015fma yarad\u0131b. B\u0259zil\u0259ri detala g&ouml;r\u0259 xan\u0131m\u0131n &uuml;nvan\u0131na xo\u015fag\u0259lm\u0259z s&ouml;zl\u0259r des\u0259l\u0259r d\u0259, bir qrup insan Tramp ail\u0259sini sevm\u0259s\u0259l\u0259r d\u0259, m\u0259s\u0259l\u0259nin \u015fi\u015firdildiyini d&uuml;\u015f&uuml;nd&uuml;kl\u0259rini vur\u011fulay\u0131blar.<\/p>\n<p>Qeyd ed\u0259k ki, bu Melaniya Tramp\u0131n yeni g&ouml;r&uuml;n&uuml;\u015f&uuml; deyil, o,&nbsp;2018-ci ild\u0259 d\u0259 bel\u0259 geyinib. \/oxu.az<\/p>\n","protected":false},"excerpt":{"rendered":"<p>D&uuml;n\u0259n AB\u015e-da h\u0259r k\u0259s 9\/11 h&uuml;cumlar\u0131n\u0131n faci\u0259sini anark\u0259n birinci xan\u0131m &ldquo;Twitter&rdquo;d\u0259ki payla\u015f\u0131m\u0131 il\u0259 &ouml;z&uuml;n&uuml; g&ouml;zl\u0259m\u0259diyi qalmaqal\u0131n i&ccedil;ind\u0259 tap\u0131b.&nbsp; Qalmaqal\u0131n s\u0259b\u0259bi Tramp\u0131n m&uuml;bahis\u0259li prezidentliyi yox, Melaniyan\u0131n pla\u015f\u0131ndak\u0131 u\u011fursuz detal olub. Birinci&hellip;<\/p>\n","protected":false},"author":1,"featured_media":251278,"comment_status":"open","ping_status":"open","sticky":false,"template":"","format":"standard","meta":{"_lmt_disableupdate":"","_lmt_disable":"","footnotes":""},"categories":[89],"tags":[],"class_list":["post-84828","post","type-post","status-publish","format-standard","has-post-thumbnail","hentry","category-dunya-butun-xeberler"],"_links":{"self":[{"href":"https:\/\/ucnoqta.az\/index.php?rest_route=\/wp\/v2\/posts\/84828","targetHints":{"allow":["GET"]}}],"collection":[{"href":"https:\/\/ucnoqta.az\/index.php?rest_route=\/wp\/v2\/posts"}],"about":[{"href":"https:\/\/ucnoqta.az\/index.php?rest_route=\/wp\/v2\/types\/post"}],"author":[{"embeddable":true,"href":"https:\/\/ucnoqta.az\/index.php?rest_route=\/wp\/v2\/users\/1"}],"replies":[{"embeddable":true,"href":"https:\/\/ucnoqta.az\/index.php?rest_route=%2Fwp%2Fv2%2Fcomments&post=84828"}],"version-history":[{"count":0,"href":"https:\/\/ucnoqta.az\/index.php?rest_route=\/wp\/v2\/posts\/84828\/revisions"}],"wp:featuredmedia":[{"embeddable":true,"href":"https:\/\/ucnoqta.az\/index.php?rest_route=\/wp\/v2\/media\/251278"}],"wp:attachment":[{"href":"https:\/\/ucnoqta.az\/index.php?rest_route=%2Fwp%2Fv2%2Fmedia&parent=84828"}],"wp:term":[{"taxonomy":"category","embeddable":true,"href":"https:\/\/ucnoqta.az\/index.php?rest_route=%2Fwp%2Fv2%2Fcategories&post=84828"},{"taxonomy":"post_tag","embeddable":true,"href":"https:\/\/ucnoqta.az\/index.php?rest_route=%2Fwp%2Fv2%2Ftags&post=84828"}],"curies":[{"name":"wp","href":"https:\/\/api.w.org\/{rel}","templated":true}]}}