{"id":84827,"date":"2019-09-12T14:42:14","date_gmt":"2019-09-12T10:42:14","guid":{"rendered":""},"modified":"-0001-11-30T00:00:00","modified_gmt":"-0001-11-29T20:00:00","slug":"","status":"publish","type":"post","link":"https:\/\/ucnoqta.az\/?p=84827","title":{"rendered":"Ramil \u015eeydayev: <font color=red><b>&#8220;\u015eans verm\u0259dil\u0259r, etibar etm\u0259dil\u0259r&#8221;<\/b><\/font>"},"content":{"rendered":"<p><strong>&quot;Az\u0259rbaycanda m\u0259ni daha &ccedil;ox tan\u0131y\u0131rlar. Amma Bak\u0131da ulduz say\u0131lma\u011f\u0131mla raz\u0131 deyil\u0259m&rdquo;.<\/strong><\/p>\n<p>Bunu Az\u0259rbaycan millisinin futbol&ccedil;usu Ramil \u015eeydayev deyib. &quot;YouTube&rdquo;d\u0259ki &quot;\u0130brakadabra&rdquo; kanal\u0131na m&uuml;sahib\u0259s\u0259 ver\u0259n Moskva &quot;Dinamo&quot;sunun h&uuml;cum&ccedil;usu karyeras\u0131n\u0131 ba\u015fa vurduqdan sonra ya\u015famaq &uuml;&ccedil;&uuml;n Az\u0259rbaycana k&ouml;&ccedil;m\u0259sinin m&uuml;mk&uuml;n oldu\u011funu bildirib:<br \/>\n&quot;Bak\u0131da &ccedil;oxlu sayda g&ouml;z\u0259l yer var. M\u0259s\u0259l\u0259n, Heyd\u0259r \u018fliyev M\u0259rk\u0259zin\u0259 getm\u0259k olar. D\u0259nizk\u0259nar\u0131 Bulvarda xeyli restoran var. \u018fn b\u0259y\u0259ndiyim \u015f\u0259h\u0259rl\u0259ri bel\u0259 s\u0131ralayard\u0131m: Sankt-Peterburq, Bak\u0131 v\u0259 Moskva. Piter m\u0259nim &uuml;&ccedil;&uuml;n do\u011fmad\u0131, orada do\u011fulmu\u015fam. Bak\u0131 is\u0259 m\u0259nim &uuml;&ccedil;&uuml;n &ccedil;ox komfortdu. Ola bil\u0259r ki, futbol&ccedil;u karyeram\u0131 ba\u015fa vurandan sonra ora k&ouml;&ccedil;\u0259m. H\u0259l\u0259lik d\u0259qiq dey\u0259 bilm\u0259r\u0259m. Lakin bu variant tamamil\u0259 m&uuml;mk&uuml;nd&uuml;&quot;.<\/p>\n<p>O, &quot;Trabzonspor&rdquo; karyeras\u0131n\u0131n al\u0131nmamas\u0131ndan dan\u0131\u015fark\u0259n &quot;&Ccedil;&uuml;nki \u015fans verm\u0259dil\u0259r, etibar etm\u0259dil\u0259r. Karyeramla ba\u011fl\u0131 he&ccedil; n\u0259y\u0259 g&ouml;r\u0259 t\u0259\u0259ss&uuml;fl\u0259nmir\u0259m&rdquo; deyib.<\/p>\n<p>Qeyd ed\u0259k ki, Ramil \u015eeydayev karyeras\u0131 \u0259rzind\u0259 &quot;Dinamo&rdquo;, &quot;Kr\u0131lya Sovet&rdquo;, &quot;Zenit&rdquo; v\u0259 &quot;Trabzonspor&rdquo;la yana\u015f\u0131, Slovakiyan\u0131n &quot;Jilina&rdquo; v\u0259 &quot;Qaraba\u011f&rdquo; komandalar\u0131n\u0131n formas\u0131n\u0131 geyinib. \/fanat.az<\/p>\n","protected":false},"excerpt":{"rendered":"<p>&quot;Az\u0259rbaycanda m\u0259ni daha &ccedil;ox tan\u0131y\u0131rlar. Amma Bak\u0131da ulduz say\u0131lma\u011f\u0131mla raz\u0131 deyil\u0259m&rdquo;. Bunu Az\u0259rbaycan millisinin futbol&ccedil;usu Ramil \u015eeydayev deyib. &quot;YouTube&rdquo;d\u0259ki &quot;\u0130brakadabra&rdquo; kanal\u0131na m&uuml;sahib\u0259s\u0259 ver\u0259n Moskva &quot;Dinamo&quot;sunun h&uuml;cum&ccedil;usu karyeras\u0131n\u0131 ba\u015fa vurduqdan sonra&hellip;<\/p>\n","protected":false},"author":1,"featured_media":251278,"comment_status":"open","ping_status":"open","sticky":false,"template":"","format":"standard","meta":{"_lmt_disableupdate":"","_lmt_disable":"","footnotes":""},"categories":[90],"tags":[],"class_list":["post-84827","post","type-post","status-publish","format-standard","has-post-thumbnail","hentry","category-idman-butun-xeberler"],"_links":{"self":[{"href":"https:\/\/ucnoqta.az\/index.php?rest_route=\/wp\/v2\/posts\/84827","targetHints":{"allow":["GET"]}}],"collection":[{"href":"https:\/\/ucnoqta.az\/index.php?rest_route=\/wp\/v2\/posts"}],"about":[{"href":"https:\/\/ucnoqta.az\/index.php?rest_route=\/wp\/v2\/types\/post"}],"author":[{"embeddable":true,"href":"https:\/\/ucnoqta.az\/index.php?rest_route=\/wp\/v2\/users\/1"}],"replies":[{"embeddable":true,"href":"https:\/\/ucnoqta.az\/index.php?rest_route=%2Fwp%2Fv2%2Fcomments&post=84827"}],"version-history":[{"count":0,"href":"https:\/\/ucnoqta.az\/index.php?rest_route=\/wp\/v2\/posts\/84827\/revisions"}],"wp:featuredmedia":[{"embeddable":true,"href":"https:\/\/ucnoqta.az\/index.php?rest_route=\/wp\/v2\/media\/251278"}],"wp:attachment":[{"href":"https:\/\/ucnoqta.az\/index.php?rest_route=%2Fwp%2Fv2%2Fmedia&parent=84827"}],"wp:term":[{"taxonomy":"category","embeddable":true,"href":"https:\/\/ucnoqta.az\/index.php?rest_route=%2Fwp%2Fv2%2Fcategories&post=84827"},{"taxonomy":"post_tag","embeddable":true,"href":"https:\/\/ucnoqta.az\/index.php?rest_route=%2Fwp%2Fv2%2Ftags&post=84827"}],"curies":[{"name":"wp","href":"https:\/\/api.w.org\/{rel}","templated":true}]}}