{"id":84821,"date":"2019-09-12T13:53:24","date_gmt":"2019-09-12T09:53:24","guid":{"rendered":""},"modified":"-0001-11-30T00:00:00","modified_gmt":"-0001-11-29T20:00:00","slug":"","status":"publish","type":"post","link":"https:\/\/ucnoqta.az\/?p=84821","title":{"rendered":"Prezident \u0130lham \u018fliyev \u201cX\u0259tai\u201d stansiyas\u0131nda g\u00f6r\u00fcl\u0259n i\u015fl\u0259rl\u0259 tan\u0131\u015f olub <font color=red><b>-FOTO<\/b><\/font>"},"content":{"rendered":"<p><strong>Bak\u0131 Metropoliteninin &ldquo;X\u0259tai&rdquo; stansiyas\u0131 \u0259sasl\u0131 t\u0259mir v\u0259 yenid\u0259nqurmadan sonra sentyabr\u0131n 12-d\u0259 istifad\u0259y\u0259 verilib.<\/strong><\/p>\n<p>Prezidentin M\u0259tbuat Xidm\u0259tind\u0259n veril\u0259n m\u0259lumata g&ouml;r\u0259, Az\u0259rbaycan Respublikas\u0131n\u0131n Prezidenti \u0130lham \u018fliyev stansiyada g&ouml;r&uuml;l\u0259n i\u015fl\u0259rl\u0259 tan\u0131\u015f olub. &ldquo;Bak\u0131 Metropoliteni&rdquo; Qapal\u0131 S\u0259hmdar C\u0259miyy\u0259tinin s\u0259dri Zaur H&uuml;seynov d&ouml;vl\u0259timizin ba\u015f&ccedil;\u0131s\u0131na g&ouml;r&uuml;l\u0259n i\u015fl\u0259r bar\u0259d\u0259 m\u0259lumat verdi.<\/p>\n<p>Bildirildi ki, &ldquo;X\u0259tai&rdquo; stansiyas\u0131 1968-ci ild\u0259 istismara verilib. Stansiyan\u0131n 50 ild\u0259n art\u0131q istismar m&uuml;dd\u0259tind\u0259 k&ouml;hn\u0259l\u0259n, m&uuml;asir d&ouml;vr&uuml;n t\u0259l\u0259bl\u0259rin\u0259 cavab verm\u0259y\u0259n b&uuml;t&uuml;n infrastrukturunun yenil\u0259nm\u0259si m\u0259qs\u0259dil\u0259 t\u0259mir m\u0259rh\u0259l\u0259l\u0259rl\u0259 apar\u0131l\u0131b. 2014-c&uuml; ild\u0259 birinci m\u0259rh\u0259l\u0259d\u0259 stansiyan\u0131n platformas\u0131n\u0131n orta zal\u0131, stansiya yolu v\u0259 &quot;X\u0259tai-C\u0259f\u0259r Cabbarl\u0131&quot; m\u0259nzilinin m&uuml;vafiq tunelind\u0259 \u0259sasl\u0131 t\u0259mir v\u0259 yenid\u0259nqurma t\u0259dbirl\u0259rin\u0259 ba\u015flan\u0131l\u0131b. Bu d\u0259f\u0259 apar\u0131lan yenid\u0259nqurmadan sonra &quot;X\u0259tai&quot; stansiyas\u0131 \u0259sasl\u0131 yenilikl\u0259ri il\u0259 s\u0259rni\u015finl\u0259rin xidm\u0259tind\u0259 olacaq. Stansiyan\u0131n infraskturkturu v\u0259 g&ouml;rk\u0259mi tamamil\u0259 yenil\u0259nib. Burada funksionall\u0131\u011f\u0131 il\u0259 se&ccedil;il\u0259n 4 yeni m&uuml;asir eskalator qura\u015fd\u0131r\u0131l\u0131b. Bak\u0131 Metropoliteninin \u0259n d\u0259rin stansiyas\u0131nda s\u0259rni\u015finl\u0259rin enib-qalxma t\u0259hl&uuml;k\u0259sizliyinin, t\u0259xliy\u0259 imkanlar\u0131n\u0131n v\u0259 rahatl\u0131\u011f\u0131n\u0131n art\u0131r\u0131lmas\u0131, xidm\u0259t s\u0259viyy\u0259sinin daha da y&uuml;ks\u0259ldilm\u0259sin\u0259 nail olunub.<\/p>\n<p>Qeyd edildi ki, Bak\u0131 Metropolitenind\u0259 m&uuml;asir tipli qatarlar\u0131n say\u0131 11-\u0259 &ccedil;atd\u0131r\u0131l\u0131b. Rusiyan\u0131n &quot;Transma\u015fholdinq&quot; S\u0259hmdar C\u0259miyy\u0259tinin t\u0259rkibin\u0259 daxil olan &quot;Metrovaqonma\u015f&rdquo; ASC 2019-cu ild\u0259 Bak\u0131 metropoliteni &uuml;&ccedil;&uuml;n 30 vaqondan ibar\u0259t 6 qatar t\u0259rkibi istehsal edib. D&ouml;rd qatar t\u0259rkibi iyul v\u0259 avqust aylar\u0131n\u0131n \u0259vv\u0259ll\u0259rind\u0259 x\u0259tt\u0259 burax\u0131l\u0131b. D&ouml;rd&uuml;nc&uuml; n\u0259sl\u0259 m\u0259nsub olan bu qatarlar \u0259n m&uuml;asir t\u0259l\u0259bl\u0259r s\u0259viyy\u0259sind\u0259 istehsal edilib. Qatarlar\u0131n maksimal s&uuml;r\u0259ti saatda 90 kilometrdir. Yeni vaqonlar\u0131n qap\u0131lar\u0131 daha enlidir. Bu, s\u0259rni\u015finl\u0259rin vaqonlara daha rahat v\u0259 s&uuml;r\u0259tl\u0259 giri\u015f-&ccedil;\u0131x\u0131\u015f\u0131na imkan yarad\u0131r. Qatarlarda vaqonlararas\u0131 birba\u015fa ke&ccedil;idin olmas\u0131 vaqonun s\u0259rni\u015fin tutumunu 15 faiz art\u0131r\u0131r, s\u0259rni\u015finl\u0259rin qatar boyunca b\u0259rab\u0259r paylanmas\u0131n\u0131, yerl\u0259\u015fm\u0259 sah\u0259sini geni\u015fl\u0259ndirm\u0259kl\u0259 da\u015f\u0131man\u0131n rahatl\u0131\u011f\u0131n\u0131 v\u0259 t\u0259hl&uuml;k\u0259sizliyini t\u0259min edir. Vaqonlarda ayaq &uuml;st\u0259 dayanan s\u0259rni\u015finl\u0259r &uuml;&ccedil;&uuml;n &ccedil;oxfunksiyal\u0131 zonalar, iri y&uuml;kl\u0259r, u\u015faq arabalar\u0131 &uuml;&ccedil;&uuml;n sah\u0259l\u0259r d\u0259 ayr\u0131l\u0131b, tutacaqlar x&uuml;susi olaraq s\u0259rni\u015fin s\u0131xl\u0131\u011f\u0131 n\u0259z\u0259r\u0259 al\u0131nmaqla layih\u0259l\u0259ndirilib. Qatar\u0131n ba\u015f vaqonu 38, orta vaqonu is\u0259 44 oturacaql\u0131d\u0131r. &Uuml;mumilikd\u0259, is\u0259 ba\u015f vaqonda 315, orta vaqonlarda is\u0259 329 s\u0259rni\u015fin m\u0259nzil ba\u015f\u0131na &ccedil;atd\u0131r\u0131l\u0131r. Vaqonlarda t\u0259zyiqin t\u0259nziml\u0259nm\u0259si v\u0259 ultrab\u0259n&ouml;v\u015f\u0259yi lampalarla havan\u0131n bioloji t\u0259mizl\u0259nm\u0259si, h\u0259m&ccedil;inin daxili v\u0259 xarici videom&uuml;\u015fahid\u0259 sisteml\u0259ri d\u0259 var. \u0130\u015f\u0131qdiodlu cihazlar\u0131n t\u0259tbiqi is\u0259 elektrik enerjisi s\u0259rfiyyat\u0131n\u0131 50 faiz azald\u0131r, onlar\u0131n istismar m&uuml;dd\u0259tini 75 faiz art\u0131r\u0131r. Vaqonlar\u0131n istismar m&uuml;dd\u0259ti 30 ildir.<\/p>\n<p>Stansiyada apar\u0131lan \u0259sasl\u0131 t\u0259mir v\u0259 yenid\u0259nqurma zaman\u0131 giri\u015f vestib&uuml;l&uuml; v\u0259 platforman\u0131n orta zal\u0131n\u0131n divar\u0131nda \u015eah \u0130smay\u0131l X\u0259tai v\u0259 onun yarad\u0131c\u0131l\u0131\u011f\u0131na h\u0259sr olunmu\u015f b\u0259dii-memarl\u0131q kompozisiyalar\u0131 da b\u0259rpa olunub. Eskalatorlar\u0131n ma\u015f\u0131n zal\u0131 da \u0259sasl\u0131 t\u0259mir edilib, stansiyan\u0131n dig\u0259r infrastrukturunun yenil\u0259nm\u0259si t\u0259dbirl\u0259ri g&ouml;r&uuml;l&uuml;b. T\u0259mir d&ouml;vr&uuml;nd\u0259 platforma, platformaalt\u0131 sah\u0259, stansiya yolu v\u0259 yol m\u0259nzill\u0259rind\u0259 h\u0259l\u0259 2014-c&uuml; ild\u0259 ba\u015flanm\u0131\u015f \u0259sasl\u0131 i\u015fl\u0259r d\u0259 ba\u015fa &ccedil;atd\u0131r\u0131l\u0131b, tunel yenid\u0259n t\u0259fti\u015f olunaraq, b&uuml;t&uuml;n d\u0259mir beton konstruksiyalar g&uuml;cl\u0259ndirilib v\u0259 ya yenid\u0259n qurulub. Bak\u0131 metropoliteni tarixind\u0259 ilk d\u0259f\u0259 stansiya yolu \u0259n m&uuml;asir d\u0259mir-beton bloklardan qurulub. Bu m\u0259qs\u0259dl\u0259 k&ouml;hn\u0259 yol yata\u011f\u0131 tamamil\u0259 s&ouml;k&uuml;l&uuml;b, d\u0259mir-beton bloklar\u0131n qura\u015fd\u0131r\u0131lmas\u0131 &uuml;&ccedil;&uuml;n yenid\u0259n layih\u0259l\u0259ndirilib. Stansiyada b&uuml;t&uuml;n kommunikasiya x\u0259tl\u0259rinin, avadanl\u0131qlar\u0131n yenil\u0259nm\u0259si il\u0259 ba\u011fl\u0131 m&uuml;h&uuml;m i\u015fl\u0259r g&ouml;r&uuml;l&uuml;b, h\u0259r\u0259k\u0259tin t\u0259\u015fkili, idar\u0259 olunmas\u0131 v\u0259 t\u0259nziml\u0259nm\u0259sind\u0259 \u0259h\u0259miyy\u0259t k\u0259sb ed\u0259n m\u0259rk\u0259zl\u0259\u015fm\u0259 m\u0259nt\u0259q\u0259si v\u0259 stansiya n&ouml;vb\u0259t&ccedil;isinin otaqlar\u0131 yenid\u0259n qurulub, eskalatorlar\u0131n n\u0259zar\u0259t&ccedil;i k&ouml;\u015fk&uuml; videog&ouml;r&uuml;nt&uuml;l\u0259rl\u0259 t\u0259min edilib. Stansiyada \u0130KT-nin imkanlar\u0131ndan geni\u015f istifad\u0259 olunacaq.<\/p>\n<p>D&ouml;vl\u0259timizin ba\u015f&ccedil;\u0131s\u0131na Bak\u0131 Metropoliteninin \u0259sasl\u0131 \u015f\u0259kild\u0259 yenid\u0259n qurulan T\u0259lim-T\u0259dris M\u0259rk\u0259zi bar\u0259d\u0259 d\u0259 m\u0259lumat verildi.<\/p>\n<p>Prezident \u0130lham \u018fliyevin imzalad\u0131\u011f\u0131 S\u0259r\u0259ncamla t\u0259sdiq olunan D&ouml;vl\u0259t Proqram\u0131na \u0259sas\u0259n Bak\u0131 Metropoliteni stansiyalar\u0131n\u0131n yenid\u0259n qurulmas\u0131, infrastrukturun m&uuml;asir standartlar\u0131n t\u0259l\u0259bl\u0259ri s\u0259viyy\u0259sin\u0259 &ccedil;atd\u0131r\u0131lmas\u0131 i\u015fl\u0259ri planl\u0131 \u015f\u0259kild\u0259 apar\u0131l\u0131r. B&uuml;t&uuml;n bunlar is\u0259 paytaxt\u0131n n\u0259qliyyat sisteminin m&uuml;h&uuml;m elementi olan Bak\u0131 metrosunun s&uuml;r\u0259tl\u0259 inki\u015faf etm\u0259sin\u0259 b&ouml;y&uuml;k t&ouml;hf\u0259 verir.<\/p>\n","protected":false},"excerpt":{"rendered":"<p>Bak\u0131 Metropoliteninin &ldquo;X\u0259tai&rdquo; stansiyas\u0131 \u0259sasl\u0131 t\u0259mir v\u0259 yenid\u0259nqurmadan sonra sentyabr\u0131n 12-d\u0259 istifad\u0259y\u0259 verilib. Prezidentin M\u0259tbuat Xidm\u0259tind\u0259n veril\u0259n m\u0259lumata g&ouml;r\u0259, Az\u0259rbaycan Respublikas\u0131n\u0131n Prezidenti \u0130lham \u018fliyev stansiyada g&ouml;r&uuml;l\u0259n i\u015fl\u0259rl\u0259 tan\u0131\u015f olub. &ldquo;Bak\u0131&hellip;<\/p>\n","protected":false},"author":1,"featured_media":251278,"comment_status":"open","ping_status":"open","sticky":false,"template":"","format":"standard","meta":{"_lmt_disableupdate":"","_lmt_disable":"","footnotes":""},"categories":[],"tags":[],"class_list":["post-84821","post","type-post","status-publish","format-standard","has-post-thumbnail","hentry"],"_links":{"self":[{"href":"https:\/\/ucnoqta.az\/index.php?rest_route=\/wp\/v2\/posts\/84821","targetHints":{"allow":["GET"]}}],"collection":[{"href":"https:\/\/ucnoqta.az\/index.php?rest_route=\/wp\/v2\/posts"}],"about":[{"href":"https:\/\/ucnoqta.az\/index.php?rest_route=\/wp\/v2\/types\/post"}],"author":[{"embeddable":true,"href":"https:\/\/ucnoqta.az\/index.php?rest_route=\/wp\/v2\/users\/1"}],"replies":[{"embeddable":true,"href":"https:\/\/ucnoqta.az\/index.php?rest_route=%2Fwp%2Fv2%2Fcomments&post=84821"}],"version-history":[{"count":0,"href":"https:\/\/ucnoqta.az\/index.php?rest_route=\/wp\/v2\/posts\/84821\/revisions"}],"wp:featuredmedia":[{"embeddable":true,"href":"https:\/\/ucnoqta.az\/index.php?rest_route=\/wp\/v2\/media\/251278"}],"wp:attachment":[{"href":"https:\/\/ucnoqta.az\/index.php?rest_route=%2Fwp%2Fv2%2Fmedia&parent=84821"}],"wp:term":[{"taxonomy":"category","embeddable":true,"href":"https:\/\/ucnoqta.az\/index.php?rest_route=%2Fwp%2Fv2%2Fcategories&post=84821"},{"taxonomy":"post_tag","embeddable":true,"href":"https:\/\/ucnoqta.az\/index.php?rest_route=%2Fwp%2Fv2%2Ftags&post=84821"}],"curies":[{"name":"wp","href":"https:\/\/api.w.org\/{rel}","templated":true}]}}