{"id":84815,"date":"2019-09-12T11:53:46","date_gmt":"2019-09-12T07:53:46","guid":{"rendered":""},"modified":"-0001-11-30T00:00:00","modified_gmt":"-0001-11-29T20:00:00","slug":"","status":"publish","type":"post","link":"https:\/\/ucnoqta.az\/?p=84815","title":{"rendered":"Az\u0259rbaycan, T\u00fcrkiy\u0259 v\u0259 G\u00fcrc\u00fcstan h\u0259rb\u00e7il\u0259rinin birg\u0259 t\u0259limi ke\u00e7irilir"},"content":{"rendered":"<p><strong>G&uuml;rc&uuml;stan\u0131n polkovnik Besik Kutateladze ad\u0131na&nbsp;Sakxhere Da\u011f T\u0259lim M\u0259kt\u0259bind\u0259 da\u011f yay t\u0259limi kursu ke&ccedil;irilir.&nbsp;&nbsp;<\/strong><\/p>\n<p>APA-n\u0131n G&uuml;rc&uuml;stan M&uuml;dafi\u0259 Nazirliyin\u0259 istinad\u0259n verdiyi x\u0259b\u0259r\u0259 g&ouml;r\u0259, G&uuml;rc&uuml;stan, T&uuml;rkiy\u0259 v\u0259 Az\u0259rbaycan aras\u0131nda &uuml;&ccedil;t\u0259r\u0259fli h\u0259rbi \u0259m\u0259kda\u015fl\u0131q &ccedil;\u0259r&ccedil;iv\u0259sind\u0259 ke&ccedil;iril\u0259n t\u0259limd\u0259 3 yerli v\u0259 13 \u0259cn\u0259bi h\u0259rb&ccedil;i i\u015ftirak edir.&nbsp;<\/p>\n<p>Da\u011f t\u0259liminin bir hiss\u0259si olaraq h\u0259rb&ccedil;il\u0259r Katz yax\u0131nl\u0131\u011f\u0131nda m&uuml;xt\u0259lif praktik m\u0259\u015f\u011f\u0259l\u0259l\u0259r ke&ccedil;irirl\u0259r. H\u0259rb&ccedil;il\u0259r\u0259 t\u0259bii divara d\u0131rmanma, &ccedil;aydan ke&ccedil;\u0259rk\u0259n mane\u0259l\u0259ri d\u0259f etm\u0259, evakuasiya i\u015fi t\u0259\u015fkil etm\u0259&nbsp;v\u0259 tibbi qaydalar &ouml;yr\u0259dilir.&nbsp;\u0130\u015ftirak&ccedil;\u0131lar kursu bitirdikd\u0259n sonra sertifikatlar v\u0259 d&ouml;\u015f ni\u015fanlar\u0131 il\u0259 t\u0259ltif edil\u0259c\u0259kl\u0259r.&nbsp;<\/p>\n<p>Qeyd ed\u0259k ki, t\u0259lim sentyabr\u0131n 16-da ba\u015fa &ccedil;atacaq.<\/p>\n","protected":false},"excerpt":{"rendered":"<p>G&uuml;rc&uuml;stan\u0131n polkovnik Besik Kutateladze ad\u0131na&nbsp;Sakxhere Da\u011f T\u0259lim M\u0259kt\u0259bind\u0259 da\u011f yay t\u0259limi kursu ke&ccedil;irilir.&nbsp;&nbsp; APA-n\u0131n G&uuml;rc&uuml;stan M&uuml;dafi\u0259 Nazirliyin\u0259 istinad\u0259n verdiyi x\u0259b\u0259r\u0259 g&ouml;r\u0259, G&uuml;rc&uuml;stan, T&uuml;rkiy\u0259 v\u0259 Az\u0259rbaycan aras\u0131nda &uuml;&ccedil;t\u0259r\u0259fli h\u0259rbi \u0259m\u0259kda\u015fl\u0131q &ccedil;\u0259r&ccedil;iv\u0259sind\u0259&hellip;<\/p>\n","protected":false},"author":1,"featured_media":251278,"comment_status":"open","ping_status":"open","sticky":false,"template":"","format":"standard","meta":{"_lmt_disableupdate":"","_lmt_disable":"","footnotes":""},"categories":[],"tags":[],"class_list":["post-84815","post","type-post","status-publish","format-standard","has-post-thumbnail","hentry"],"_links":{"self":[{"href":"https:\/\/ucnoqta.az\/index.php?rest_route=\/wp\/v2\/posts\/84815","targetHints":{"allow":["GET"]}}],"collection":[{"href":"https:\/\/ucnoqta.az\/index.php?rest_route=\/wp\/v2\/posts"}],"about":[{"href":"https:\/\/ucnoqta.az\/index.php?rest_route=\/wp\/v2\/types\/post"}],"author":[{"embeddable":true,"href":"https:\/\/ucnoqta.az\/index.php?rest_route=\/wp\/v2\/users\/1"}],"replies":[{"embeddable":true,"href":"https:\/\/ucnoqta.az\/index.php?rest_route=%2Fwp%2Fv2%2Fcomments&post=84815"}],"version-history":[{"count":0,"href":"https:\/\/ucnoqta.az\/index.php?rest_route=\/wp\/v2\/posts\/84815\/revisions"}],"wp:featuredmedia":[{"embeddable":true,"href":"https:\/\/ucnoqta.az\/index.php?rest_route=\/wp\/v2\/media\/251278"}],"wp:attachment":[{"href":"https:\/\/ucnoqta.az\/index.php?rest_route=%2Fwp%2Fv2%2Fmedia&parent=84815"}],"wp:term":[{"taxonomy":"category","embeddable":true,"href":"https:\/\/ucnoqta.az\/index.php?rest_route=%2Fwp%2Fv2%2Fcategories&post=84815"},{"taxonomy":"post_tag","embeddable":true,"href":"https:\/\/ucnoqta.az\/index.php?rest_route=%2Fwp%2Fv2%2Ftags&post=84815"}],"curies":[{"name":"wp","href":"https:\/\/api.w.org\/{rel}","templated":true}]}}