{"id":84813,"date":"2019-09-12T11:19:31","date_gmt":"2019-09-12T07:19:31","guid":{"rendered":""},"modified":"-0001-11-30T00:00:00","modified_gmt":"-0001-11-29T20:00:00","slug":"","status":"publish","type":"post","link":"https:\/\/ucnoqta.az\/?p=84813","title":{"rendered":"<font color=red><b>&#8220;Az\u0259rbaycan azsayl\u0131 \u00f6lk\u0259l\u0259rd\u0259ndir ki, m\u0259tbuat\u0131n d\u00f6vl\u0259t t\u0259nziml\u0259nm\u0259sind\u0259n birm\u0259nal\u0131 \u015f\u0259kild\u0259 imtina edib&#8221;<\/b><\/font>"},"content":{"rendered":"<p><strong>Az\u0259rbaycanda azad s&ouml;z\u0259 v\u0259 fikr\u0259 d&ouml;vl\u0259t s\u0259viyy\u0259sind\u0259 y&uuml;ks\u0259k \u0259h\u0259miyy\u0259t verilm\u0259sinin n\u0259tic\u0259sidir ki, transmilli media qurumlar\u0131n\u0131n &ouml;lk\u0259 \u0259razisind\u0259 verili\u015fl\u0259rinin yay\u0131lmas\u0131nda he&ccedil; bir m\u0259hdudiyy\u0259t yoxdur, eyni zamanda v\u0259t\u0259nda\u015flar\u0131n &ldquo;Facebook&rdquo;, &quot;Twitter&quot;, &ldquo;Youtube&rdquo;, &ldquo;Instaqram&rdquo; kimi sosial \u015f\u0259b\u0259k\u0259l\u0259r\u0259 s\u0259rb\u0259st &ccedil;\u0131x\u0131\u015f\u0131 t\u0259min edilmi\u015fdir.<\/strong><\/p>\n<p>Bunu Az\u0259rbaycan Respublikas\u0131 Prezidentinin \u0130ctimai-siyasi m\u0259s\u0259l\u0259l\u0259r &uuml;zr\u0259 k&ouml;m\u0259k&ccedil;isi \u018fli H\u0259s\u0259nov Bak\u0131da ke&ccedil;iril\u0259n &Uuml;mumd&uuml;nya M\u0259tbuat \u015euralar\u0131 Assosiasiyas\u0131n\u0131n n&ouml;vb\u0259ti illik toplant\u0131s\u0131nda &ccedil;\u0131x\u0131\u015f\u0131 zaman\u0131 deyib.<\/p>\n<p>\u018f.H\u0259s\u0259nov Az\u0259rbaycan milli m\u0259tbuat\u0131n\u0131n m&uuml;st\u0259qillik d&ouml;vr&uuml;nd\u0259 bu g&uuml;n\u0259 q\u0259d\u0259r ke&ccedil;diyi tarixi yolunu xat\u0131rladaraq bildirib: &quot;Bu g&uuml;n Az\u0259rbaycanda f\u0259aliyy\u0259t g&ouml;st\u0259r\u0259n K\u0130V-l\u0259r c\u0259miyy\u0259td\u0259 ba\u015f ver\u0259n hadis\u0259l\u0259ri, d&ouml;vl\u0259tin h\u0259yata ke&ccedil;irdiyi siyas\u0259ti, o c&uuml;ml\u0259d\u0259n beyn\u0259lxalq al\u0259md\u0259 c\u0259r\u0259yan ed\u0259n prosesl\u0259ri s\u0259rb\u0259st v\u0259 m&uuml;st\u0259qil \u015f\u0259kild\u0259 ara\u015fd\u0131r\u0131r, \u0259halinin r\u0259yini &ouml;z s\u0259hif\u0259l\u0259rind\u0259 \u0259ks etdir\u0259r\u0259k hakimiyy\u0259tin n\u0259z\u0259rin\u0259 &ccedil;atd\u0131r\u0131r. K\u0130V-l\u0259r ist\u0259diyi informasiyalar\u0131 s\u0259rb\u0259st \u015f\u0259kild\u0259 toplay\u0131b yaymaq, o c&uuml;ml\u0259d\u0259n iqtidar\u0131n apard\u0131\u011f\u0131 siyas\u0259ti t\u0259nqid etm\u0259k v\u0259 yaxud d\u0259st\u0259kl\u0259m\u0259k imkan\u0131na malikdir.<\/p>\n<p>Haz\u0131rda Az\u0259rbaycanda r\u0259smi qeydiyyatdan ke&ccedil;mi\u015f K\u0130V-l\u0259rin &uuml;mumi say\u0131 5000-d\u0259n &ccedil;oxdur. K\u0130V-l\u0259rin k\u0259miyy\u0259t g&ouml;st\u0259ricil\u0259rin\u0259 g&ouml;r\u0259 Az\u0259rbaycan MDB v\u0259 \u015e\u0259rqi Avropa &ouml;lk\u0259l\u0259ri aras\u0131nda birincil\u0259r s\u0131ras\u0131ndad\u0131r. &Ouml;lk\u0259d\u0259 40-d\u0259k g&uuml;nd\u0259lik, 200-d\u0259n &ccedil;ox h\u0259ft\u0259lik v\u0259 ayl\u0131q q\u0259zet-jurnal v\u0259 dig\u0259r media n&uuml;mun\u0259l\u0259ri n\u0259\u015fr olunur. 300-\u0259 yax\u0131n x\u0259b\u0259r v\u0259 analitik internet sayt\u0131, 20-y\u0259 yax\u0131n informasiya agentliyi, rayonlarda v\u0259 b&ouml;lg\u0259l\u0259rd\u0259 is\u0259 100-\u0259 yax\u0131n K\u0130V f\u0259aliyy\u0259t g&ouml;st\u0259rir.<\/p>\n<p>Az\u0259rbaycanda 11 &uuml;mumrespublika, 4 peyk, 13 regional v\u0259 17 kabel televiziyas\u0131, 25 internet televiziyas\u0131,14 radio f\u0259aliyy\u0259t g&ouml;st\u0259rir. 2005-ci ild\u0259 &ouml;lk\u0259d\u0259 \u0130ctimai Televiziya v\u0259 Radio Yay\u0131mlar\u0131 \u015eirk\u0259ti t\u0259sis edilmi\u015f v\u0259 haz\u0131rda u\u011furla f\u0259aliyy\u0259t g&ouml;st\u0259rir&quot;.<\/p>\n<p>Prezidentin k&ouml;m\u0259k&ccedil;isinin s&ouml;zl\u0259rin\u0259 g&ouml;r\u0259, sosial \u015f\u0259b\u0259k\u0259 istifad\u0259&ccedil;il\u0259rin say\u0131 &ouml;lk\u0259d\u0259 3 milyon n\u0259f\u0259rd\u0259n &ccedil;oxdur ki, bu da c\u0259mi 10 milyon \u0259halisi olan bir &ouml;lk\u0259 &uuml;&ccedil;&uuml;n &ccedil;ox b&ouml;y&uuml;k g&ouml;st\u0259ricidir: &quot;Sosial \u015f\u0259b\u0259k\u0259l\u0259r\u0259 d&ouml;vl\u0259t s\u0259viyy\u0259sind\u0259 veril\u0259n \u0259h\u0259miyy\u0259tin n\u0259tic\u0259sidir ki, Az\u0259rbaycan Prezidenti \u0130lham \u018fliyevin &ouml;z&uuml;n&uuml;n v\u0259 \u0259ks\u0259r d&ouml;vl\u0259t qurumlar\u0131n\u0131n, ayr\u0131-ayr\u0131 v\u0259zif\u0259li \u015f\u0259xsl\u0259rin r\u0259smi sosial profill\u0259ri f\u0259aliyy\u0259t g&ouml;st\u0259rir. Hakimiyy\u0259t sosial \u015f\u0259b\u0259k\u0259l\u0259rd\u0259 qald\u0131r\u0131lan m\u0259s\u0259l\u0259l\u0259r\u0259 m&uuml;t\u0259madi olaraq &ouml;z m&uuml;nasib\u0259tini bildirir, internet\u0259 m\u0259lumat m\u0259nb\u0259l\u0259rind\u0259n biri kimi yana\u015f\u0131r v\u0259 ondan istifad\u0259 edir.<\/p>\n<p>M&uuml;\u015fahid\u0259l\u0259r v\u0259 t\u0259hlill\u0259rd\u0259n ayd\u0131n olur ki, son ill\u0259rd\u0259 sosial \u015f\u0259b\u0259k\u0259l\u0259r ictimai r\u0259yin formala\u015fmas\u0131na t\u0259sir imkanlar\u0131n\u0131 art\u0131rma\u011fa &ccedil;al\u0131\u015f\u0131r. Lakin burada bir m\u0259qam\u0131 qeyd etm\u0259liyik ki, sosial \u015f\u0259b\u0259k\u0259l\u0259rin rolunu m&uuml;sb\u0259t xarakteriz\u0259 ed\u0259n c\u0259h\u0259tl\u0259rl\u0259 yana\u015f\u0131, m\u0259nfi meyill\u0259r d\u0259 &ouml;z&uuml;n&uuml; g&ouml;st\u0259rir. Sosial \u015f\u0259b\u0259k\u0259l\u0259rin meydana g\u0259lm\u0259si bir t\u0259r\u0259fd\u0259n s&ouml;z v\u0259 &ouml;z fikrini ifad\u0259 etm\u0259k azadl\u0131\u011f\u0131n\u0131n t\u0259min olunmas\u0131nda yeni perspektivl\u0259r a&ccedil;\u0131r. Dig\u0259r t\u0259r\u0259fd\u0259n sosial \u015f\u0259b\u0259k\u0259l\u0259rl\u0259 insan h&uuml;quqlar\u0131 aras\u0131ndak\u0131 qar\u015f\u0131l\u0131ql\u0131 t\u0259sir b\u0259z\u0259n xo\u015fag\u0259lm\u0259z v\u0259ziyy\u0259t yarad\u0131r. Bel\u0259 ki, sosial \u015f\u0259b\u0259k\u0259l\u0259rd\u0259 insanlar\u0131n \u015f\u0259r\u0259f v\u0259 l\u0259yaq\u0259tinin al&ccedil;ald\u0131lmas\u0131 hallar\u0131 ba\u015f verir ki, bu da insan h&uuml;quqlar\u0131n\u0131n pozulmas\u0131 dem\u0259kdir. T\u0259\u0259ss&uuml;f ki, bu c&uuml;r m\u0259nfi hallar b\u0259z\u0259n transmilli median\u0131n f\u0259aliyy\u0259tind\u0259 d\u0259 &ouml;z&uuml;n&uuml; g&ouml;st\u0259rir. Transmilli media qurumlar\u0131n\u0131n verili\u015fl\u0259rinin &ouml;lk\u0259d\u0259 yay\u0131lmas\u0131n\u0131n m&uuml;sb\u0259t c\u0259h\u0259ti bundan ibar\u0259tdir ki, \u0259hali d&uuml;nyada ba\u015f ver\u0259n prosesl\u0259rl\u0259 ba\u011fl\u0131 operativ m\u0259lumatlar \u0259ld\u0259 etm\u0259k imkan\u0131 qazan\u0131r. Burada &ouml;z&uuml;n&uuml; g&ouml;st\u0259r\u0259n m\u0259nfi x&uuml;susiyy\u0259t is\u0259 ondad\u0131r ki, b\u0259z\u0259n m&uuml;xt\u0259lif siyasi dair\u0259l\u0259rin v\u0259 yaxud lobbi qruplar\u0131n\u0131n t\u0259siri il\u0259 transmilli media qurumlar\u0131 ictimai r\u0259yi manipulyasiyaya m\u0259ruz qoyma\u011fa &ccedil;al\u0131\u015f\u0131r, obyektivlik v\u0259 bit\u0259r\u0259flik kimi prinsipl\u0259r\u0259 zidd olaraq q\u0259r\u0259zli, subyektiv informasiyalar yay\u0131r.<\/p>\n<p>Yuxar\u0131da dedikl\u0259rimizi &uuml;mumil\u0259\u015fdirs\u0259k bel\u0259 bir q\u0259na\u0259t\u0259 g\u0259lm\u0259k olar ki, Az\u0259rbaycan hakimiyy\u0259ti haz\u0131rda s&ouml;z v\u0259 m\u0259tbuat azadl\u0131\u011f\u0131n\u0131n, K\u0130V-in inki\u015faf\u0131n\u0131n t\u0259min edilm\u0259sini d&ouml;vl\u0259t siyas\u0259tinin \u0259sas istiqam\u0259tl\u0259rind\u0259n biri hesab edir. Bizim &ouml;lk\u0259 d&uuml;nyan\u0131n v\u0259 b&ouml;lg\u0259mizin azsayl\u0131 &ouml;lk\u0259l\u0259rind\u0259ndir ki, h\u0259l\u0259 1998-ci ild\u0259 m\u0259tbuat v\u0259 informasiya nazirliyini l\u0259\u011fv etmi\u015f v\u0259 m\u0259tbuat\u0131n d&ouml;vl\u0259t t\u0259nziml\u0259nm\u0259sind\u0259n birm\u0259nal\u0131 \u015f\u0259kild\u0259 imtina etmi\u015fdir.<\/p>\n<p>Az\u0259rbaycan d&ouml;vl\u0259ti bu i\u015fi haz\u0131rda &ouml;lk\u0259 jurnalistl\u0259rinin &ouml;hd\u0259sin\u0259 buraxm\u0131\u015fd\u0131r ki, onlar da &ouml;z &uuml;mumi toplant\u0131lar\u0131nda jurnalistl\u0259rin vahid ictimai t\u0259\u015fkilat\u0131 olan M\u0259tbuat \u015euras\u0131n\u0131 yaratm\u0131\u015flar. M\u0259tbuat \u015euras\u0131 b\u0259hs etdiyim istiqam\u0259td\u0259 d&ouml;vl\u0259tin \u0259sas t\u0259r\u0259fda\u015f\u0131d\u0131r. &Ouml;lk\u0259 jurnalistl\u0259rinin ictimai maraqlar\u0131n\u0131n yegan\u0259 t\u0259minat&ccedil;\u0131s\u0131 kimi &ccedil;\u0131x\u0131\u015f ed\u0259n bu qurum u\u011furlu f\u0259aliyy\u0259t g&ouml;st\u0259rir v\u0259 bug&uuml;nk&uuml; m&ouml;ht\u0259\u015f\u0259m toplant\u0131 da bunun \u0259yani s&uuml;butudur. D&uuml;nya &ouml;lk\u0259l\u0259rini t\u0259msil ed\u0259n \u0259ks\u0259r M\u0259tbuat \u015euralar\u0131n\u0131 Bak\u0131ya toplamaq v\u0259 milli-transmilli jurnalistikan\u0131n, azad median\u0131n problem v\u0259 u\u011furlar\u0131n m&uuml;zakir\u0259 etm\u0259k bacar\u0131\u011f\u0131 bunun g&ouml;st\u0259ricisidir&quot;.<\/p>\n","protected":false},"excerpt":{"rendered":"<p>Az\u0259rbaycanda azad s&ouml;z\u0259 v\u0259 fikr\u0259 d&ouml;vl\u0259t s\u0259viyy\u0259sind\u0259 y&uuml;ks\u0259k \u0259h\u0259miyy\u0259t verilm\u0259sinin n\u0259tic\u0259sidir ki, transmilli media qurumlar\u0131n\u0131n &ouml;lk\u0259 \u0259razisind\u0259 verili\u015fl\u0259rinin yay\u0131lmas\u0131nda he&ccedil; bir m\u0259hdudiyy\u0259t yoxdur, eyni zamanda v\u0259t\u0259nda\u015flar\u0131n &ldquo;Facebook&rdquo;, &quot;Twitter&quot;, &ldquo;Youtube&rdquo;, &ldquo;Instaqram&rdquo;&hellip;<\/p>\n","protected":false},"author":1,"featured_media":251278,"comment_status":"open","ping_status":"open","sticky":false,"template":"","format":"standard","meta":{"_lmt_disableupdate":"","_lmt_disable":"","footnotes":""},"categories":[],"tags":[],"class_list":["post-84813","post","type-post","status-publish","format-standard","has-post-thumbnail","hentry"],"_links":{"self":[{"href":"https:\/\/ucnoqta.az\/index.php?rest_route=\/wp\/v2\/posts\/84813","targetHints":{"allow":["GET"]}}],"collection":[{"href":"https:\/\/ucnoqta.az\/index.php?rest_route=\/wp\/v2\/posts"}],"about":[{"href":"https:\/\/ucnoqta.az\/index.php?rest_route=\/wp\/v2\/types\/post"}],"author":[{"embeddable":true,"href":"https:\/\/ucnoqta.az\/index.php?rest_route=\/wp\/v2\/users\/1"}],"replies":[{"embeddable":true,"href":"https:\/\/ucnoqta.az\/index.php?rest_route=%2Fwp%2Fv2%2Fcomments&post=84813"}],"version-history":[{"count":0,"href":"https:\/\/ucnoqta.az\/index.php?rest_route=\/wp\/v2\/posts\/84813\/revisions"}],"wp:featuredmedia":[{"embeddable":true,"href":"https:\/\/ucnoqta.az\/index.php?rest_route=\/wp\/v2\/media\/251278"}],"wp:attachment":[{"href":"https:\/\/ucnoqta.az\/index.php?rest_route=%2Fwp%2Fv2%2Fmedia&parent=84813"}],"wp:term":[{"taxonomy":"category","embeddable":true,"href":"https:\/\/ucnoqta.az\/index.php?rest_route=%2Fwp%2Fv2%2Fcategories&post=84813"},{"taxonomy":"post_tag","embeddable":true,"href":"https:\/\/ucnoqta.az\/index.php?rest_route=%2Fwp%2Fv2%2Ftags&post=84813"}],"curies":[{"name":"wp","href":"https:\/\/api.w.org\/{rel}","templated":true}]}}