{"id":84810,"date":"2019-09-12T10:43:46","date_gmt":"2019-09-12T06:43:46","guid":{"rendered":""},"modified":"-0001-11-30T00:00:00","modified_gmt":"-0001-11-29T20:00:00","slug":"","status":"publish","type":"post","link":"https:\/\/ucnoqta.az\/?p=84810","title":{"rendered":"Bak\u0131da \u00dcmumd\u00fcnya M\u0259tbuat \u015euralar\u0131 Assosiasiyas\u0131n\u0131n illik toplant\u0131s\u0131 ke\u00e7irilir"},"content":{"rendered":"<p><strong>Bu g&uuml;n Bak\u0131da &Uuml;mumd&uuml;nya M\u0259tbuat \u015euralar\u0131 Assosiasiyas\u0131n\u0131n illik toplant\u0131s\u0131 &ouml;z i\u015fin\u0259 ba\u015flay\u0131b.<\/strong><\/p>\n<p>T\u0259dbird\u0259 Az\u0259rbaycan Prezidentinin ictimai-siyasi m\u0259s\u0259l\u0259l\u0259r &uuml;zr\u0259 k&ouml;m\u0259k&ccedil;isi \u018fli H\u0259s\u0259nov, Asiya, Avropa v\u0259 Afrikan\u0131n 20-y\u0259 yax\u0131n &ouml;lk\u0259sind\u0259n, o c&uuml;ml\u0259d\u0259n T&uuml;rkiy\u0259, Hindistan, Banqlade\u015f, Nepal, Kenya, Zimbabve, \u0130raq, Kosovo, Makedoniya, \u015eri-Lanka, Tanzaniya, Uqandadan n&uuml;may\u0259nd\u0259l\u0259r, h\u0259m&ccedil;inin &ouml;lk\u0259mizin k&uuml;tl\u0259vi informasiya vasit\u0259l\u0259rinin t\u0259msil&ccedil;il\u0259ri i\u015ftirak edir. T\u0259dbird\u0259 BMT, Avropa \u015euras\u0131 kimi beyn\u0259lxalq t\u0259\u015fkilatlar\u0131n, o c&uuml;ml\u0259d\u0259n yerli media qurumlar\u0131n\u0131n r\u0259hb\u0259rl\u0259ri v\u0259 ekspertl\u0259r d\u0259 i\u015ftirak edirl\u0259r.<\/p>\n<p>Az\u0259rbaycan M\u0259tbuat \u015euras\u0131n\u0131n s\u0259dri \u018fflatun Ama\u015fov bildirib ki, &Uuml;mumd&uuml;nya M\u0259tbuat \u015euralar\u0131 Assosiasiyas\u0131 1992-ci ild\u0259 yarad\u0131l\u0131b:<br \/>\n&ldquo;Amerikan\u0131n m&uuml;\u0259yy\u0259n \u015ftatlar\u0131n\u0131n, T&uuml;rkiy\u0259, Hindistan, Pakistan, Banqlade\u015f, Nepal, Zimbabve, Keniya, Makedoniya v\u0259 dig\u0259r &ouml;lk\u0259l\u0259rin jurnalistl\u0259ri bel\u0259 bir qurum yarad\u0131blar. O vaxtdan indiy\u0259 q\u0259d\u0259r quruma &uuml;zv &ouml;lk\u0259l\u0259rd\u0259 t\u0259dbirl\u0259r ke&ccedil;irir v\u0259 jurnalistl\u0259rin qar\u015f\u0131la\u015fd\u0131\u011f\u0131 probleml\u0259r, informasiya \u0259ld\u0259 etm\u0259l\u0259ri il\u0259 ba\u011fl\u0131 yaranm\u0131\u015f mane\u0259l\u0259rin aradan qald\u0131r\u0131lmas\u0131 il\u0259 ba\u011fl\u0131 t\u0259klifl\u0259r s\u0259sl\u0259ndirilir. &Uuml;mumilikd\u0259 d&uuml;nyada median\u0131n inki\u015faf meyll\u0259ri m&uuml;zakir\u0259 olunur&quot;.<\/p>\n<p>\u018f.Ama\u015fov bildirib ki, bu g&uuml;n Az\u0259rbaycana 15-d\u0259n &ccedil;ox &ouml;lk\u0259d\u0259n qonaqlar g\u0259lib v\u0259 dig\u0259r &ouml;lk\u0259l\u0259rd\u0259n d\u0259 qonaqlar g\u0259l\u0259c\u0259k.<br \/>\nQeyd ed\u0259k ki, i\u015ftirak&ccedil;\u0131lar t\u0259dbird\u0259 &ouml;z &ouml;lk\u0259l\u0259rind\u0259 s&ouml;z azadl\u0131\u011f\u0131 v\u0259 median\u0131n durumu, o c&uuml;ml\u0259d\u0259n m&ouml;vcud probleml\u0259r\u0259 dair m\u0259ruz\u0259l\u0259rl\u0259 &ccedil;\u0131x\u0131\u015f ed\u0259c\u0259kl\u0259r.<\/p>\n","protected":false},"excerpt":{"rendered":"<p>Bu g&uuml;n Bak\u0131da &Uuml;mumd&uuml;nya M\u0259tbuat \u015euralar\u0131 Assosiasiyas\u0131n\u0131n illik toplant\u0131s\u0131 &ouml;z i\u015fin\u0259 ba\u015flay\u0131b. T\u0259dbird\u0259 Az\u0259rbaycan Prezidentinin ictimai-siyasi m\u0259s\u0259l\u0259l\u0259r &uuml;zr\u0259 k&ouml;m\u0259k&ccedil;isi \u018fli H\u0259s\u0259nov, Asiya, Avropa v\u0259 Afrikan\u0131n 20-y\u0259 yax\u0131n &ouml;lk\u0259sind\u0259n, o c&uuml;ml\u0259d\u0259n&hellip;<\/p>\n","protected":false},"author":1,"featured_media":251278,"comment_status":"open","ping_status":"open","sticky":false,"template":"","format":"standard","meta":{"_lmt_disableupdate":"","_lmt_disable":"","footnotes":""},"categories":[],"tags":[],"class_list":["post-84810","post","type-post","status-publish","format-standard","has-post-thumbnail","hentry"],"_links":{"self":[{"href":"https:\/\/ucnoqta.az\/index.php?rest_route=\/wp\/v2\/posts\/84810","targetHints":{"allow":["GET"]}}],"collection":[{"href":"https:\/\/ucnoqta.az\/index.php?rest_route=\/wp\/v2\/posts"}],"about":[{"href":"https:\/\/ucnoqta.az\/index.php?rest_route=\/wp\/v2\/types\/post"}],"author":[{"embeddable":true,"href":"https:\/\/ucnoqta.az\/index.php?rest_route=\/wp\/v2\/users\/1"}],"replies":[{"embeddable":true,"href":"https:\/\/ucnoqta.az\/index.php?rest_route=%2Fwp%2Fv2%2Fcomments&post=84810"}],"version-history":[{"count":0,"href":"https:\/\/ucnoqta.az\/index.php?rest_route=\/wp\/v2\/posts\/84810\/revisions"}],"wp:featuredmedia":[{"embeddable":true,"href":"https:\/\/ucnoqta.az\/index.php?rest_route=\/wp\/v2\/media\/251278"}],"wp:attachment":[{"href":"https:\/\/ucnoqta.az\/index.php?rest_route=%2Fwp%2Fv2%2Fmedia&parent=84810"}],"wp:term":[{"taxonomy":"category","embeddable":true,"href":"https:\/\/ucnoqta.az\/index.php?rest_route=%2Fwp%2Fv2%2Fcategories&post=84810"},{"taxonomy":"post_tag","embeddable":true,"href":"https:\/\/ucnoqta.az\/index.php?rest_route=%2Fwp%2Fv2%2Ftags&post=84810"}],"curies":[{"name":"wp","href":"https:\/\/api.w.org\/{rel}","templated":true}]}}