{"id":84809,"date":"2019-09-12T10:42:29","date_gmt":"2019-09-12T06:42:29","guid":{"rendered":""},"modified":"-0001-11-30T00:00:00","modified_gmt":"-0001-11-29T20:00:00","slug":"","status":"publish","type":"post","link":"https:\/\/ucnoqta.az\/?p=84809","title":{"rendered":"Siy\u0259z\u0259nd\u0259 17 ya\u015fl\u0131 g\u0259nc itkin d\u00fc\u015f\u00fcb"},"content":{"rendered":"<p><strong>Siy\u0259z\u0259nd\u0259&nbsp;17 ya\u015fl\u0131 g\u0259nc itkin d&uuml;\u015f&uuml;b.<\/strong><\/p>\n<p>Daxili \u0130\u015fl\u0259r Nazirliyinin (D\u0130N) M\u0259tbuat xidm\u0259tinin Quba rayonunda regional qrupundan &quot;Report&quot;a veril\u0259n m\u0259lumata g&ouml;r\u0259,&nbsp;Siy\u0259z\u0259n rayonunun Yenik\u0259nd k\u0259nd sakini, 17 ya\u015fl\u0131&nbsp;\u018flikram F\u0259rz\u0259liyev&nbsp;cari ilin iyul ay\u0131n\u0131n 15-d\u0259 s\u0259h\u0259r saatlar\u0131nda ya\u015fad\u0131\u011f\u0131 evd\u0259n &ccedil;\u0131xaraq bir daha geri qay\u0131tmay\u0131b.<\/p>\n<p>\u018flikram F\u0259rz\u0259liyev \u0259lam\u0259tl\u0259ri bel\u0259dir: Boyu 165 sm., orta b\u0259d\u0259n qurulu\u015flu, sa&ccedil;lar\u0131n\u0131n v\u0259 g&ouml;zl\u0259rinin r\u0259ngi qarad\u0131r. Evd\u0259n &ccedil;\u0131xan zaman onun \u0259ynind\u0259 q\u0259hv\u0259yi r\u0259ngli k&ouml;yn\u0259k, g&ouml;y r\u0259ngli cins \u015falvar v\u0259 qara r\u0259ngli ayaqqab\u0131 olub.<\/p>\n<p>\u015e\u0259kild\u0259 g&ouml;rd&uuml;y&uuml;n&uuml;z g\u0259nci tan\u0131yanlardan v\u0259 bar\u0259sind\u0259 m\u0259lumat\u0131 olanlardan D\u0130N-in &ldquo;102 Z\u0259ng M\u0259rk\u0259zi&rdquo; Xidm\u0259tin\u0259, h\u0259m&ccedil;inin Siy\u0259z\u0259n Rayon Polis \u015e&ouml;b\u0259sin\u0259 02330-4-13-03 \u015f\u0259h\u0259r, 051-772-06-06 v\u0259 070-330-31-83 (atas\u0131- \u0130slam F\u0259rz\u0259liyev) mobil n&ouml;mr\u0259l\u0259rin\u0259 z\u0259ng vuraraq m\u0259lumat verm\u0259l\u0259ri xahi\u015f olunur.&nbsp;<\/p>\n","protected":false},"excerpt":{"rendered":"<p>Siy\u0259z\u0259nd\u0259&nbsp;17 ya\u015fl\u0131 g\u0259nc itkin d&uuml;\u015f&uuml;b. Daxili \u0130\u015fl\u0259r Nazirliyinin (D\u0130N) M\u0259tbuat xidm\u0259tinin Quba rayonunda regional qrupundan &quot;Report&quot;a veril\u0259n m\u0259lumata g&ouml;r\u0259,&nbsp;Siy\u0259z\u0259n rayonunun Yenik\u0259nd k\u0259nd sakini, 17 ya\u015fl\u0131&nbsp;\u018flikram F\u0259rz\u0259liyev&nbsp;cari ilin iyul ay\u0131n\u0131n 15-d\u0259&hellip;<\/p>\n","protected":false},"author":1,"featured_media":251278,"comment_status":"open","ping_status":"open","sticky":false,"template":"","format":"standard","meta":{"_lmt_disableupdate":"","_lmt_disable":"","footnotes":""},"categories":[],"tags":[],"class_list":["post-84809","post","type-post","status-publish","format-standard","has-post-thumbnail","hentry"],"_links":{"self":[{"href":"https:\/\/ucnoqta.az\/index.php?rest_route=\/wp\/v2\/posts\/84809","targetHints":{"allow":["GET"]}}],"collection":[{"href":"https:\/\/ucnoqta.az\/index.php?rest_route=\/wp\/v2\/posts"}],"about":[{"href":"https:\/\/ucnoqta.az\/index.php?rest_route=\/wp\/v2\/types\/post"}],"author":[{"embeddable":true,"href":"https:\/\/ucnoqta.az\/index.php?rest_route=\/wp\/v2\/users\/1"}],"replies":[{"embeddable":true,"href":"https:\/\/ucnoqta.az\/index.php?rest_route=%2Fwp%2Fv2%2Fcomments&post=84809"}],"version-history":[{"count":0,"href":"https:\/\/ucnoqta.az\/index.php?rest_route=\/wp\/v2\/posts\/84809\/revisions"}],"wp:featuredmedia":[{"embeddable":true,"href":"https:\/\/ucnoqta.az\/index.php?rest_route=\/wp\/v2\/media\/251278"}],"wp:attachment":[{"href":"https:\/\/ucnoqta.az\/index.php?rest_route=%2Fwp%2Fv2%2Fmedia&parent=84809"}],"wp:term":[{"taxonomy":"category","embeddable":true,"href":"https:\/\/ucnoqta.az\/index.php?rest_route=%2Fwp%2Fv2%2Fcategories&post=84809"},{"taxonomy":"post_tag","embeddable":true,"href":"https:\/\/ucnoqta.az\/index.php?rest_route=%2Fwp%2Fv2%2Ftags&post=84809"}],"curies":[{"name":"wp","href":"https:\/\/api.w.org\/{rel}","templated":true}]}}