{"id":84808,"date":"2019-09-12T10:06:53","date_gmt":"2019-09-12T06:06:53","guid":{"rendered":""},"modified":"-0001-11-30T00:00:00","modified_gmt":"-0001-11-29T20:00:00","slug":"","status":"publish","type":"post","link":"https:\/\/ucnoqta.az\/?p=84808","title":{"rendered":"\u015eimali Kiprd\u0259 h\u0259rbi bazada partlay\u0131\u015f olub"},"content":{"rendered":"<p><strong>\u015eimali Kipr T&uuml;rk Respublikas\u0131n\u0131n &Ccedil;atalk&ouml;y rayonunda yerl\u0259\u015f\u0259n&nbsp;h\u0259rbi bazada ba\u015f ver\u0259n partlay\u0131\u015f n\u0259tic\u0259sind\u0259 \u0259trafdak\u0131 evl\u0259r\u0259 v\u0259 5 ulduzlu otell\u0259rin yerl\u0259\u015fdiyi&nbsp;turist b&ouml;lg\u0259sind\u0259ki dig\u0259r evl\u0259r\u0259 ziyan d\u0259yib.<\/strong><\/p>\n<p>&ldquo;Report&rdquo; &ldquo;Hurriyet&rdquo;\u0259 istinad\u0259n x\u0259b\u0259r verir ki, hadis\u0259 sentyabr\u0131n 12-d\u0259 gec\u0259 saatlar\u0131nda Girne \u015f\u0259h\u0259rind\u0259n 10 km c\u0259nubda yerl\u0259\u015f\u0259n &Ccedil;atalk&ouml;yd\u0259 sahil\u0259 yax\u0131n h\u0259rbi bazada ba\u015f verib.<\/p>\n<p>\u015eimali Kipr&nbsp;Prezidenti&nbsp;Mustafa Ak\u0131nc\u0131&nbsp;bildirib ki,&nbsp;hadis\u0259 n\u0259tic\u0259sind\u0259 &ouml;l\u0259n v\u0259 yaralanan olmay\u0131b: &ldquo;Partlay\u0131\u015f\u0131n n\u0259tic\u0259l\u0259rinin aradan qald\u0131r\u0131lmas\u0131 &uuml;&ccedil;&uuml;n laz\u0131m olan b&uuml;t&uuml;n t\u0259dbirl\u0259r g&ouml;r&uuml;l&uuml;b&rdquo;.<br \/>\n\u015eimali Kipr T&uuml;rk Respublikas\u0131 ba\u015f nazirinin m&uuml;avini v\u0259 xarici i\u015fl\u0259r naziri&nbsp;Kudret &Ouml;zersay\u0131n t\u0259hl&uuml;k\u0259sizlik bax\u0131m\u0131ndan \u0259razid\u0259k sakinl\u0259rin t\u0259xliyy\u0259 edildiyini s&ouml;yl\u0259yib.<\/p>\n<p>Partlay\u0131\u015f\u0131n s\u0259b\u0259bi m\u0259lum deyil.<\/p>\n","protected":false},"excerpt":{"rendered":"<p>\u015eimali Kipr T&uuml;rk Respublikas\u0131n\u0131n &Ccedil;atalk&ouml;y rayonunda yerl\u0259\u015f\u0259n&nbsp;h\u0259rbi bazada ba\u015f ver\u0259n partlay\u0131\u015f n\u0259tic\u0259sind\u0259 \u0259trafdak\u0131 evl\u0259r\u0259 v\u0259 5 ulduzlu otell\u0259rin yerl\u0259\u015fdiyi&nbsp;turist b&ouml;lg\u0259sind\u0259ki dig\u0259r evl\u0259r\u0259 ziyan d\u0259yib. &ldquo;Report&rdquo; &ldquo;Hurriyet&rdquo;\u0259 istinad\u0259n x\u0259b\u0259r verir ki,&hellip;<\/p>\n","protected":false},"author":1,"featured_media":251278,"comment_status":"open","ping_status":"open","sticky":false,"template":"","format":"standard","meta":{"_lmt_disableupdate":"","_lmt_disable":"","footnotes":""},"categories":[89],"tags":[],"class_list":["post-84808","post","type-post","status-publish","format-standard","has-post-thumbnail","hentry","category-dunya-butun-xeberler"],"_links":{"self":[{"href":"https:\/\/ucnoqta.az\/index.php?rest_route=\/wp\/v2\/posts\/84808","targetHints":{"allow":["GET"]}}],"collection":[{"href":"https:\/\/ucnoqta.az\/index.php?rest_route=\/wp\/v2\/posts"}],"about":[{"href":"https:\/\/ucnoqta.az\/index.php?rest_route=\/wp\/v2\/types\/post"}],"author":[{"embeddable":true,"href":"https:\/\/ucnoqta.az\/index.php?rest_route=\/wp\/v2\/users\/1"}],"replies":[{"embeddable":true,"href":"https:\/\/ucnoqta.az\/index.php?rest_route=%2Fwp%2Fv2%2Fcomments&post=84808"}],"version-history":[{"count":0,"href":"https:\/\/ucnoqta.az\/index.php?rest_route=\/wp\/v2\/posts\/84808\/revisions"}],"wp:featuredmedia":[{"embeddable":true,"href":"https:\/\/ucnoqta.az\/index.php?rest_route=\/wp\/v2\/media\/251278"}],"wp:attachment":[{"href":"https:\/\/ucnoqta.az\/index.php?rest_route=%2Fwp%2Fv2%2Fmedia&parent=84808"}],"wp:term":[{"taxonomy":"category","embeddable":true,"href":"https:\/\/ucnoqta.az\/index.php?rest_route=%2Fwp%2Fv2%2Fcategories&post=84808"},{"taxonomy":"post_tag","embeddable":true,"href":"https:\/\/ucnoqta.az\/index.php?rest_route=%2Fwp%2Fv2%2Ftags&post=84808"}],"curies":[{"name":"wp","href":"https:\/\/api.w.org\/{rel}","templated":true}]}}