{"id":84801,"date":"2019-09-12T09:20:32","date_gmt":"2019-09-12T05:20:32","guid":{"rendered":""},"modified":"-0001-11-30T00:00:00","modified_gmt":"-0001-11-29T20:00:00","slug":"","status":"publish","type":"post","link":"https:\/\/ucnoqta.az\/?p=84801","title":{"rendered":"M\u0259kt\u0259blinin intihar\u0131nda t\u0259qsirl\u0259ndiril\u0259n direktorun m\u0259hk\u0259m\u0259si ba\u015flay\u0131r"},"content":{"rendered":"<p><strong>Bu il aprelin 4-d\u0259 t\u0259hsil ald\u0131\u011f\u0131 162 sayl\u0131 orta m\u0259kt\u0259bd\u0259 intihar ed\u0259n, 8-ci sinif \u015fagirdi Elina Hac\u0131yevan\u0131n &ouml;l&uuml;m&uuml; il\u0259 ba\u011fl\u0131 t\u0259qsirl\u0259ndiril\u0259n m\u0259kt\u0259bin direktoru Sevinc Abbasovan\u0131n bu g&uuml;n m\u0259hk\u0259m\u0259si ba\u015flay\u0131r.<\/strong><\/p>\n<p>S.Abbasova Cinay\u0259t M\u0259c\u0259ll\u0259sinin 143-c&uuml; (T\u0259hl&uuml;k\u0259d\u0259 qoyma) v\u0259 314.2-ci (S\u0259hl\u0259nkarl\u0131q; z\u0259r\u0259r&ccedil;\u0259kmi\u015f \u015f\u0259xsin &ouml;l&uuml;m&uuml;n\u0259 s\u0259b\u0259b olduqda) madd\u0259l\u0259ri il\u0259 ittiham olunur. Hadis\u0259d\u0259n sonra T\u0259hsil naziri Ceyhun Bayramovun \u0259mri il\u0259 m\u0259kt\u0259b direktoru, m&uuml;avini v\u0259 psixoloq i\u015fd\u0259n &ccedil;\u0131xar\u0131l\u0131b.<\/p>\n<p>\u0130ddialara g&ouml;r\u0259, E.Hac\u0131yevan\u0131n &ouml;z&uuml;n&uuml; atmas\u0131ndan sonra bir m&uuml;dd\u0259t sa\u011f qal\u0131b v\u0259 m\u0259kt\u0259bin direktoru bu hadis\u0259nin &uuml;st&uuml; a&ccedil;\u0131lmas\u0131n dey\u0259 t\u0259cili yard\u0131m &ccedil;a\u011f\u0131r\u0131lmas\u0131na mane\u0259 olub, eyni zamanda, h&uuml;quq-m&uuml;hafiz\u0259 orqanlar\u0131na da m\u0259lumat verilm\u0259yib. Bunun \u0259v\u0259zin\u0259 hadis\u0259 yerin\u0259 S\u0259bail Rayon \u0130cra ba\u015f&ccedil;\u0131s\u0131n\u0131n m&uuml;avini Xalid\u0259 Byramova &ccedil;a\u011f\u0131r\u0131l\u0131b. X.Bayramova direktor S.Abbasovan\u0131n r\u0259fiq\u0259sidir.<\/p>\n<p>Ba\u015f Prokurorlu\u011fun a&ccedil;\u0131qlamas\u0131nda qeyd edilmi\u015fdi ki, istintaq zaman\u0131 E.Hac\u0131yevaya tibbi yard\u0131m g&ouml;st\u0259rilm\u0259si m\u0259qs\u0259dil\u0259 t\u0259cili tibbi yard\u0131m xidm\u0259tin\u0259 vaxt\u0131nda m&uuml;raci\u0259t olunmas\u0131, hadis\u0259 yerind\u0259 v\u0259 x\u0259st\u0259xanada laz\u0131mi tibbi yard\u0131m\u0131n g&ouml;st\u0259rilm\u0259si, m&uuml;alic\u0259sinin diaqnoza uy\u011fun apar\u0131lmas\u0131, x\u0259st\u0259xanaya gec &ccedil;atd\u0131r\u0131lmas\u0131n\u0131n &ouml;l&uuml;m&uuml; il\u0259 s\u0259b\u0259bli \u0259laq\u0259sinin olmas\u0131 v\u0259 sair \u0259h\u0259miyy\u0259t k\u0259sb ed\u0259n hallar\u0131n ayd\u0131nla\u015fd\u0131r\u0131lmas\u0131 istiqam\u0259tind\u0259 z\u0259ruri prosessual t\u0259dbirl\u0259r h\u0259yata ke&ccedil;irilib.<\/p>\n<p>Bu hallarla ba\u011fl\u0131 ara\u015fd\u0131rmadan sonra hans\u0131 n\u0259tic\u0259y\u0259 g\u0259lindiyi, istintaq\u0131n hans\u0131 q\u0259rarlar verdiyi m\u0259hk\u0259m\u0259nin bax\u0131\u015f iclas\u0131nda ittiham akt\u0131 elan olunan zaman b\u0259lli olacaq.\/qafqazinfo<\/p>\n","protected":false},"excerpt":{"rendered":"<p>Bu il aprelin 4-d\u0259 t\u0259hsil ald\u0131\u011f\u0131 162 sayl\u0131 orta m\u0259kt\u0259bd\u0259 intihar ed\u0259n, 8-ci sinif \u015fagirdi Elina Hac\u0131yevan\u0131n &ouml;l&uuml;m&uuml; il\u0259 ba\u011fl\u0131 t\u0259qsirl\u0259ndiril\u0259n m\u0259kt\u0259bin direktoru Sevinc Abbasovan\u0131n bu g&uuml;n m\u0259hk\u0259m\u0259si ba\u015flay\u0131r. S.Abbasova&hellip;<\/p>\n","protected":false},"author":1,"featured_media":251278,"comment_status":"open","ping_status":"open","sticky":false,"template":"","format":"standard","meta":{"_lmt_disableupdate":"","_lmt_disable":"","footnotes":""},"categories":[],"tags":[],"class_list":["post-84801","post","type-post","status-publish","format-standard","has-post-thumbnail","hentry"],"_links":{"self":[{"href":"https:\/\/ucnoqta.az\/index.php?rest_route=\/wp\/v2\/posts\/84801","targetHints":{"allow":["GET"]}}],"collection":[{"href":"https:\/\/ucnoqta.az\/index.php?rest_route=\/wp\/v2\/posts"}],"about":[{"href":"https:\/\/ucnoqta.az\/index.php?rest_route=\/wp\/v2\/types\/post"}],"author":[{"embeddable":true,"href":"https:\/\/ucnoqta.az\/index.php?rest_route=\/wp\/v2\/users\/1"}],"replies":[{"embeddable":true,"href":"https:\/\/ucnoqta.az\/index.php?rest_route=%2Fwp%2Fv2%2Fcomments&post=84801"}],"version-history":[{"count":0,"href":"https:\/\/ucnoqta.az\/index.php?rest_route=\/wp\/v2\/posts\/84801\/revisions"}],"wp:featuredmedia":[{"embeddable":true,"href":"https:\/\/ucnoqta.az\/index.php?rest_route=\/wp\/v2\/media\/251278"}],"wp:attachment":[{"href":"https:\/\/ucnoqta.az\/index.php?rest_route=%2Fwp%2Fv2%2Fmedia&parent=84801"}],"wp:term":[{"taxonomy":"category","embeddable":true,"href":"https:\/\/ucnoqta.az\/index.php?rest_route=%2Fwp%2Fv2%2Fcategories&post=84801"},{"taxonomy":"post_tag","embeddable":true,"href":"https:\/\/ucnoqta.az\/index.php?rest_route=%2Fwp%2Fv2%2Ftags&post=84801"}],"curies":[{"name":"wp","href":"https:\/\/api.w.org\/{rel}","templated":true}]}}