{"id":84796,"date":"2019-09-11T23:22:55","date_gmt":"2019-09-11T19:22:55","guid":{"rendered":""},"modified":"-0001-11-30T00:00:00","modified_gmt":"-0001-11-29T20:00:00","slug":"","status":"publish","type":"post","link":"https:\/\/ucnoqta.az\/?p=84796","title":{"rendered":"Makron v\u0259 Ruhani telefonla dan\u0131\u015f\u0131b"},"content":{"rendered":"<p>Bu g\u00fcn \u0130ran v\u0259 Fransa prezidentl\u0259ri H\u0259s\u0259n Ruhani v\u0259 Emmanuel Makron Tehran\u0131n n\u00fcv\u0259 sazi\u015fi \u00f6hd\u0259likl\u0259rinin azald\u0131lmas\u0131n\u0131n \u00fc\u00e7\u00fcnc\u00fc m\u0259rh\u0259l\u0259sind\u0259n sonra ilk telefon dan\u0131\u015f\u0131\u011f\u0131n\u0131 ke\u00e7iribl\u0259r.<\/p>\n<p>Trend-in m\u0259lumat\u0131na g\u00f6r\u0259, bu bar\u0259d\u0259 \u0130ran prezidentinin sayt\u0131nda yay\u0131ld\u0131\u011f\u0131 m\u0259lumatda bildirilir.<\/p>\n<p>Ruhani Makrona n\u00fcv\u0259 sazi\u015finin icras\u0131 il\u0259 ba\u011fl\u0131 Avropa il\u0259 yekun raz\u0131la\u015fmalar\u0131n \u0259ld\u0259 edildiyi halda \u0130ran\u0131n n\u00fcv\u0259 proqram\u0131 il\u0259 ba\u011fl\u0131 sazi\u015fin m\u00fcdd\u0259alar\u0131n\u0131n icras\u0131na qay\u0131tma\u011fa haz\u0131r oldu\u011funu b\u0259yan edib.<\/p>\n<p>\u00d6z n\u00f6vb\u0259sind\u0259 Fransa prezidenti Parisin i\u015fl\u0259rini bu istiqam\u0259td\u0259 davam etdirdiyini deyib.<\/p>\n","protected":false},"excerpt":{"rendered":"<p>Bu g\u00fcn \u0130ran v\u0259 Fransa prezidentl\u0259ri H\u0259s\u0259n Ruhani v\u0259 Emmanuel Makron Tehran\u0131n n\u00fcv\u0259 sazi\u015fi \u00f6hd\u0259likl\u0259rinin azald\u0131lmas\u0131n\u0131n \u00fc\u00e7\u00fcnc\u00fc m\u0259rh\u0259l\u0259sind\u0259n sonra ilk telefon dan\u0131\u015f\u0131\u011f\u0131n\u0131 ke\u00e7iribl\u0259r. Trend-in m\u0259lumat\u0131na g\u00f6r\u0259, bu bar\u0259d\u0259 \u0130ran prezidentinin&hellip;<\/p>\n","protected":false},"author":1,"featured_media":251278,"comment_status":"open","ping_status":"open","sticky":false,"template":"","format":"standard","meta":{"_lmt_disableupdate":"","_lmt_disable":"","footnotes":""},"categories":[89],"tags":[],"class_list":["post-84796","post","type-post","status-publish","format-standard","has-post-thumbnail","hentry","category-dunya-butun-xeberler"],"_links":{"self":[{"href":"https:\/\/ucnoqta.az\/index.php?rest_route=\/wp\/v2\/posts\/84796","targetHints":{"allow":["GET"]}}],"collection":[{"href":"https:\/\/ucnoqta.az\/index.php?rest_route=\/wp\/v2\/posts"}],"about":[{"href":"https:\/\/ucnoqta.az\/index.php?rest_route=\/wp\/v2\/types\/post"}],"author":[{"embeddable":true,"href":"https:\/\/ucnoqta.az\/index.php?rest_route=\/wp\/v2\/users\/1"}],"replies":[{"embeddable":true,"href":"https:\/\/ucnoqta.az\/index.php?rest_route=%2Fwp%2Fv2%2Fcomments&post=84796"}],"version-history":[{"count":0,"href":"https:\/\/ucnoqta.az\/index.php?rest_route=\/wp\/v2\/posts\/84796\/revisions"}],"wp:featuredmedia":[{"embeddable":true,"href":"https:\/\/ucnoqta.az\/index.php?rest_route=\/wp\/v2\/media\/251278"}],"wp:attachment":[{"href":"https:\/\/ucnoqta.az\/index.php?rest_route=%2Fwp%2Fv2%2Fmedia&parent=84796"}],"wp:term":[{"taxonomy":"category","embeddable":true,"href":"https:\/\/ucnoqta.az\/index.php?rest_route=%2Fwp%2Fv2%2Fcategories&post=84796"},{"taxonomy":"post_tag","embeddable":true,"href":"https:\/\/ucnoqta.az\/index.php?rest_route=%2Fwp%2Fv2%2Ftags&post=84796"}],"curies":[{"name":"wp","href":"https:\/\/api.w.org\/{rel}","templated":true}]}}