{"id":84790,"date":"2019-09-11T21:32:19","date_gmt":"2019-09-11T17:32:19","guid":{"rendered":""},"modified":"-0001-11-30T00:00:00","modified_gmt":"-0001-11-29T20:00:00","slug":"","status":"publish","type":"post","link":"https:\/\/ucnoqta.az\/?p=84790","title":{"rendered":"V\u00fcqar R\u0259himzad\u0259: <font color=red><b>Pa\u015finyan Erm\u0259nistan\u0131 ya siyasi, ya da sosial-iqtisadi b\u00f6hrana salacaq<\/b><\/font>"},"content":{"rendered":"<p><strong>&ldquo;Erm\u0259nistan &ccedil;ox ciddi iqtisadi v\u0259 siyasi b&ouml;hranla &uuml;z-&uuml;z\u0259dir. Nikol Pa\u015finyan\u0131n hakimiyy\u0259t h\u0259risliyi v\u0259 acg&ouml;zl&uuml;y&uuml; Erm\u0259nistan\u0131 n&ouml;vb\u0259ti d\u0259f\u0259 siyasi kollapsla qar\u015f\u0131la\u015fd\u0131r\u0131b. Buna s\u0259b\u0259b is\u0259 &ldquo;Amulsar&rdquo; q\u0131z\u0131l m\u0259d\u0259ninin &ldquo;Lydian Armenia&rdquo; \u015firk\u0259ti t\u0259r\u0259find\u0259n i\u015fl\u0259dilm\u0259si il\u0259 ba\u011fl\u0131 davam ed\u0259n prosesl\u0259rin Erm\u0259nistan h&ouml;kum\u0259ti il\u0259 xalq aras\u0131nda fikir ayr\u0131l\u0131\u011f\u0131n\u0131n yaranmas\u0131d\u0131r&rdquo;. <\/strong><\/p>\n<p>Bu s&ouml;zl\u0259ri Yeni Az\u0259rbaycan Partiyas\u0131 (YAP) Siyasi \u015euras\u0131n\u0131n &uuml;zv&uuml;, &ldquo;\u0130ki sahil&rdquo; q\u0259zetinin ba\u015f redaktoru V&uuml;qar R\u0259himzad\u0259 Trend-\u0259 a&ccedil;\u0131qlamas\u0131nda deyib.<br \/>\nV.R\u0259himzad\u0259 bildirib ki, &ldquo;Amulsar&rdquo; q\u0131z\u0131l m\u0259d\u0259ni \u0259traf\u0131nda yaranm\u0131\u015f siyasi xaos v\u0259 Erm\u0259nistan h&ouml;kum\u0259tinin d&uuml;\u015fd&uuml;y&uuml; isterik durum Nikol Pa\u015finyan\u0131n ictimai n&uuml;fuzuna &ccedil;ox ciddi m\u0259nfi t\u0259sir g&ouml;st\u0259rm\u0259kd\u0259dir:<br \/>\n&ldquo;&Uuml;mumiyy\u0259tl\u0259, bu layih\u0259nin icras\u0131 Erm\u0259nistanda Rusiya biznesinin tam s\u0131x\u0131\u015fd\u0131r\u0131laraq Q\u0259rb kapital\u0131na &uuml;st&uuml;nl&uuml;k verilm\u0259si dem\u0259kdir. Bu m\u0259nada Nikol Pa\u015finyan da layih\u0259y\u0259 neqativ yana\u015fan xalq\u0131n qar\u015f\u0131s\u0131nda aciz qal\u0131b. &Ccedil;&uuml;nki layih\u0259 ba\u015f tutmayaca\u011f\u0131 t\u0259qdird\u0259 ba\u015f nazir Q\u0259rbin d\u0259st\u0259k v\u0259 etimad\u0131n\u0131 itir\u0259c\u0259k, n\u0259tic\u0259 etibaril\u0259 Erm\u0259nistan\u0131n investisiya m&uuml;hiti pisl\u0259\u015f\u0259c\u0259k v\u0259 etibars\u0131z t\u0259r\u0259fda\u015f imici formala\u015facaq&rdquo;.<\/p>\n<p>&ldquo;M&uuml;\u015fahid\u0259l\u0259rimiz onu g&ouml;st\u0259rir ki, Pa\u015finyan hakimiyy\u0259t\u0259 g\u0259ldikd\u0259n sonra Rusiya kapital\u0131n\u0131 s\u0131x\u0131\u015fd\u0131rmaq &uuml;&ccedil;&uuml;n add\u0131mlar at\u0131l\u0131b&rdquo; dey\u0259n V&uuml;qar R\u0259himzad\u0259 \u0259lav\u0259 edib ki, Pa\u015finyan antirusiya f\u0259aliyy\u0259tini \u0259sasland\u0131rmaq &uuml;&ccedil;&uuml;n &ldquo;Amulsar&rdquo; \u0259traf\u0131nda manipulyasiya edir. Guya &ldquo;Amulsar&rdquo;\u0131n f\u0259aliyy\u0259t\u0259 ba\u015flamas\u0131 i\u015fsizliyin azalmas\u0131na \u015f\u0259rait yaradacaq, sosial-iqtisadi v\u0259ziyy\u0259tin yax\u015f\u0131la\u015fd\u0131r\u0131lmas\u0131na xidm\u0259t ed\u0259c\u0259k. Lakin bunun a\u011f yalan oldu\u011funu h\u0259m c\u0259miyy\u0259t, h\u0259m m&uuml;xalif\u0259t, h\u0259m d\u0259 qeyri-h&ouml;kum\u0259t t\u0259\u015fkilatlar\u0131n\u0131n n&uuml;may\u0259nd\u0259l\u0259ri vur\u011fulay\u0131rlar. H\u0259m&ccedil;inin m&uuml;xalif qruplar q\u0131z\u0131l m\u0259d\u0259ninin f\u0259aliyy\u0259t\u0259 ba\u015flamas\u0131n\u0131n \u0259traf m&uuml;hit\u0259 v\u0259 su t\u0259chizat\u0131na ciddi d\u0259r\u0259c\u0259d\u0259 z\u0259r\u0259r vuraca\u011f\u0131 q\u0259na\u0259tind\u0259dir&rdquo;.<\/p>\n<p>V&uuml;qar R\u0259himzad\u0259 vur\u011fulay\u0131b ki, &ldquo;Lydian International&rdquo; Q\u0259rb kapitall\u0131 bir \u015firk\u0259tdir v\u0259 Nikol Pa\u015finyan da bu \u015firk\u0259t\u0259 Erm\u0259nistanda i\u015fl\u0259m\u0259y\u0259 icaz\u0259 verm\u0259kl\u0259 hakimiyy\u0259tini g&uuml;cl\u0259ndirm\u0259k, Rusiyadan as\u0131l\u0131l\u0131\u011f\u0131 azaltmaq &uuml;&ccedil;&uuml;n B&ouml;y&uuml;k Britaniyaya, AB\u015e-a yar\u0131nmaq niyy\u0259tind\u0259dir: &ldquo;Lakin Pa\u015finyan\u0131n hesablaya bilm\u0259diyi bir m\u0259qam var idi, o da erm\u0259ni xalq\u0131n\u0131n r\u0259yidir. Pa\u015finyan &ouml;z al\u0259mind\u0259 siyasi manevr etm\u0259y\u0259 &ccedil;al\u0131\u015fsa da, odla-su aras\u0131nda qal\u0131b. Bir t\u0259r\u0259fd\u0259n, Erm\u0259nistan ictimaiyy\u0259ti, dig\u0259r t\u0259r\u0259fd\u0259n, Rusiya faktoru Pa\u015finyan\u0131 &ccedil;\u0131x\u0131lmaz duruma sal\u0131b. H\u0259tta, bu ilin \u0259vv\u0259lind\u0259 B&ouml;y&uuml;k Britaniya qeydiyyatl\u0131 &ldquo;Lydian International&rdquo; \u015firk\u0259tinin h&ouml;kum\u0259ti beyn\u0259lxalq m\u0259hk\u0259m\u0259d\u0259 2 milyard dollarl\u0131q iddia qald\u0131raca\u011f\u0131 il\u0259 h\u0259d\u0259l\u0259m\u0259si, sonda h&ouml;kum\u0259tin \u015firk\u0259tin lehin\u0259 q\u0259rar verm\u0259si v\u0259ziyy\u0259ti daha da g\u0259rginl\u0259\u015fdirib. B\u0259lk\u0259 d\u0259 el\u0259 bu s\u0259b\u0259bd\u0259ndir ki, Pa\u015finyan v\u0259ziyy\u0259td\u0259n &ccedil;\u0131x\u0131\u015f yolunu Va\u015finqtonda axtarmaqdad\u0131r. Ona g&ouml;r\u0259 d\u0259 sentyabr ay\u0131nda Pa\u015finyan\u0131n Va\u015finqtona g&ouml;zl\u0259nil\u0259n s\u0259f\u0259rind\u0259 &ldquo;Amulsar&rdquo; q\u0131z\u0131l m\u0259d\u0259ni il\u0259 ba\u011fl\u0131 m\u0259s\u0259l\u0259nin AB\u015e-Erm\u0259nistan m&uuml;nasib\u0259tl\u0259ri kontekstind\u0259 g&uuml;nd\u0259m m&ouml;vzusu olaca\u011f\u0131 haqda m\u0259tbuatda m\u0259lumatlar yay\u0131lmaqdad\u0131r. AB\u015e-\u0131n Erm\u0259nistandak\u0131 ke&ccedil;mi\u015f s\u0259firi Ri&ccedil;ard Mil mediaya a&ccedil;\u0131qlamas\u0131nda Pa\u015finyan h&ouml;kum\u0259tinin &ldquo;Lydian&rdquo; \u015firk\u0259tinin lisenziyas\u0131n\u0131 l\u0259\u011fv ed\u0259c\u0259yi halda bunun AB\u015e-Erm\u0259nistan m&uuml;nasib\u0259tl\u0259rin\u0259 x\u0259l\u0259l g\u0259tir\u0259c\u0259yini v\u0259 xarici investorlar\u0131 qorxudaca\u011f\u0131n\u0131 bildirm\u0259si n\u0259 d\u0259r\u0259c\u0259d\u0259 ciddi olmas\u0131n\u0131n g&ouml;st\u0259ricisi say\u0131la bil\u0259r&rdquo;.<\/p>\n<p>&ldquo;\u0130ki sahil&rdquo; q\u0259zetinin ba\u015f redaktoru diqq\u0259t\u0259 &ccedil;atd\u0131r\u0131b ki, &ldquo;Amulsar&rdquo; q\u0131z\u0131l m\u0259d\u0259ni \u0259traf\u0131nda ba\u015f ver\u0259nl\u0259r bu g&uuml;n Nikol Pa\u015finyan iqtidar\u0131 &uuml;&ccedil;&uuml;n &ccedil;ox ciddi problem\u0259 &ccedil;evrilib: &ldquo;&Ccedil;&uuml;nki m\u0259d\u0259nl\u0259 ba\u011fl\u0131 h&ouml;kum\u0259tin qeyri-adekvat reaksiyas\u0131 m&uuml;xalif\u0259t partiyalar\u0131 t\u0259r\u0259find\u0259n t\u0259nqid edilm\u0259kd\u0259dir. H\u0259tta, &ldquo;Da\u015fnaks&uuml;tyun&rdquo; partiyas\u0131 xalq\u0131n ist\u0259yinin t\u0259min edilm\u0259si m\u0259qs\u0259di il\u0259 referendumun ke&ccedil;irilm\u0259si bar\u0259d\u0259 &ccedil;a\u011f\u0131r\u0131\u015f edib. Bu kontekstd\u0259 layih\u0259nin parlamentd\u0259 s\u0259s\u0259 qoyulmas\u0131, &ouml;lk\u0259nin \u0259n b&ouml;y&uuml;k partiyas\u0131 olan hakim &ldquo;M\u0259nim Add\u0131m\u0131m&rdquo; Alyans\u0131 daxilind\u0259 par&ccedil;alanmaya s\u0259b\u0259b olmas\u0131 g&ouml;zl\u0259nil\u0259ndir. Eyni zamanda, m&uuml;xalif &ldquo;&Ccedil;i&ccedil;\u0259kl\u0259n\u0259n Erm\u0259nistan&rdquo; partiyas\u0131 da ictimai konsensusa \u0259saslanaraq q\u0259rar verilm\u0259sinin vacib oldu\u011funu vur\u011fulay\u0131b v\u0259 aksiya&ccedil;\u0131lara qo\u015fulan partiyan\u0131n lideri Naira Z&ouml;hrabyan \u0259halinin etiraz\u0131 olaca\u011f\u0131 t\u0259qdird\u0259 &ldquo;Amulsar&rdquo; q\u0131z\u0131l m\u0259d\u0259nind\u0259 apar\u0131lacaq f\u0259aliyy\u0259t\u0259 qar\u015f\u0131 &ccedil;\u0131xacaqlar\u0131n\u0131 s&ouml;yl\u0259yib. Parlamentin dig\u0259r qrupu olan &ldquo;\u0130\u015f\u0131ql\u0131 Erm\u0259nistan&rdquo; partiyas\u0131 is\u0259 dig\u0259rl\u0259rind\u0259n f\u0259rqli olaraq radikal davranmay\u0131b v\u0259 \u0259halinin narahatl\u0131\u011f\u0131n\u0131 b&ouml;l&uuml;\u015f&uuml;b. Radikal &ldquo;Sasna Tser&rdquo; partiyas\u0131n\u0131n n&uuml;may\u0259nd\u0259si Qaregin &Ccedil;&uuml;qaszyan is\u0259 bir ne&ccedil;\u0259 g&uuml;n &ouml;nc\u0259 Nikol Pa\u015finyanla g&ouml;r&uuml;\u015f&uuml;nd\u0259 &ldquo;Amulsar&rdquo; layih\u0259si il\u0259 ba\u011fl\u0131 at\u0131lacaq h\u0259r hans\u0131 bir s\u0259hv add\u0131m\u0131n onun siyasi karyeras\u0131na son qoyaca\u011f\u0131n\u0131 a&ccedil;\u0131q \u015f\u0259kild\u0259 bildirib. B&uuml;t&uuml;n bu siyasi diskussiyalar v\u0259 add\u0131mlar onu g&ouml;st\u0259rir ki, Erm\u0259nistan n&ouml;vb\u0259ti, \u0259g\u0259r bel\u0259 dem\u0259k m&uuml;mk&uuml;nd&uuml;rs\u0259, daha d\u0259rin siyasi b&ouml;hran \u0259r\u0259f\u0259sind\u0259dir&rdquo;.<\/p>\n<p>V&uuml;qar R\u0259himzad\u0259 s&ouml;yl\u0259yib ki, onsuz da Rusiya il\u0259 siyasi m&uuml;nasib\u0259tl\u0259ri g\u0259rgin olan Erm\u0259nistan\u0131n durumu Pa\u015finyan\u0131n ver\u0259c\u0259yi q\u0259rardan as\u0131l\u0131 olacaq. \u0130st\u0259nil\u0259n halda Pa\u015finyan Erm\u0259nistan\u0131 ya siyasi, ya da sosial-iqtisadi b&ouml;hrana salacaq.<\/p>\n","protected":false},"excerpt":{"rendered":"<p>&ldquo;Erm\u0259nistan &ccedil;ox ciddi iqtisadi v\u0259 siyasi b&ouml;hranla &uuml;z-&uuml;z\u0259dir. Nikol Pa\u015finyan\u0131n hakimiyy\u0259t h\u0259risliyi v\u0259 acg&ouml;zl&uuml;y&uuml; Erm\u0259nistan\u0131 n&ouml;vb\u0259ti d\u0259f\u0259 siyasi kollapsla qar\u015f\u0131la\u015fd\u0131r\u0131b. Buna s\u0259b\u0259b is\u0259 &ldquo;Amulsar&rdquo; q\u0131z\u0131l m\u0259d\u0259ninin &ldquo;Lydian Armenia&rdquo; \u015firk\u0259ti t\u0259r\u0259find\u0259n&hellip;<\/p>\n","protected":false},"author":1,"featured_media":251278,"comment_status":"open","ping_status":"open","sticky":false,"template":"","format":"standard","meta":{"_lmt_disableupdate":"","_lmt_disable":"","footnotes":""},"categories":[86],"tags":[],"class_list":["post-84790","post","type-post","status-publish","format-standard","has-post-thumbnail","hentry","category-siyaset"],"_links":{"self":[{"href":"https:\/\/ucnoqta.az\/index.php?rest_route=\/wp\/v2\/posts\/84790","targetHints":{"allow":["GET"]}}],"collection":[{"href":"https:\/\/ucnoqta.az\/index.php?rest_route=\/wp\/v2\/posts"}],"about":[{"href":"https:\/\/ucnoqta.az\/index.php?rest_route=\/wp\/v2\/types\/post"}],"author":[{"embeddable":true,"href":"https:\/\/ucnoqta.az\/index.php?rest_route=\/wp\/v2\/users\/1"}],"replies":[{"embeddable":true,"href":"https:\/\/ucnoqta.az\/index.php?rest_route=%2Fwp%2Fv2%2Fcomments&post=84790"}],"version-history":[{"count":0,"href":"https:\/\/ucnoqta.az\/index.php?rest_route=\/wp\/v2\/posts\/84790\/revisions"}],"wp:featuredmedia":[{"embeddable":true,"href":"https:\/\/ucnoqta.az\/index.php?rest_route=\/wp\/v2\/media\/251278"}],"wp:attachment":[{"href":"https:\/\/ucnoqta.az\/index.php?rest_route=%2Fwp%2Fv2%2Fmedia&parent=84790"}],"wp:term":[{"taxonomy":"category","embeddable":true,"href":"https:\/\/ucnoqta.az\/index.php?rest_route=%2Fwp%2Fv2%2Fcategories&post=84790"},{"taxonomy":"post_tag","embeddable":true,"href":"https:\/\/ucnoqta.az\/index.php?rest_route=%2Fwp%2Fv2%2Ftags&post=84790"}],"curies":[{"name":"wp","href":"https:\/\/api.w.org\/{rel}","templated":true}]}}