{"id":84788,"date":"2019-09-11T20:03:11","date_gmt":"2019-09-11T16:03:11","guid":{"rendered":""},"modified":"-0001-11-30T00:00:00","modified_gmt":"-0001-11-29T20:00:00","slug":"","status":"publish","type":"post","link":"https:\/\/ucnoqta.az\/?p=84788","title":{"rendered":"<b>D\u0130N-in ba\u015f m\u00fcst\u0259ntiqi a\u011f\u0131r yol q\u0259zas\u0131nda \u00f6ld\u00fc<font color=red> &#8211; FOTO<\/font><\/b>"},"content":{"rendered":"<p>Rusiya Daxili \u0130\u015fl\u0259r Nazirliyinin Moskva &uuml;zr\u0259 Ba\u015f \u0130dar\u0259sinin x&uuml;susi i\u015fl\u0259r &uuml;zr\u0259 ba\u015f m&uuml;st\u0259ntiqi polis polkovnik-leytenant\u0131 yol q\u0259zas\u0131nda h\u0259yat\u0131n\u0131 itirib.<\/p>\n<p>Ucnoqta.az &ldquo;RenTV&rdquo;y\u0259 istinad\u0259n x\u0259b\u0259r verir ki, d\u0259h\u015f\u0259tli q\u0259za sentyabr\u0131n 10-u ax\u015fam saatlar\u0131nda Voronej \u0259yal\u0259tinin Verxnemamonsk rayonunda qeyd\u0259 al\u0131n\u0131b.<\/p>\n<p>D\u0130N-in \u0259m\u0259kda\u015f\u0131 t\u0259tild\u0259 olub. Hadis\u0259 zaman\u0131 o, avtomobilin s\u0259rni\u015fin kreslosunda oturub.<\/p>\n<p>Bildirilir ki, &ldquo;Mercedes&rdquo;in s&uuml;r&uuml;c&uuml;s&uuml; s&uuml;kan idar\u0259etm\u0259sini itir\u0259r\u0259k \u0259ks yola &ccedil;\u0131x\u0131b v\u0259 &ldquo;\u0130suzu&rdquo; markal\u0131 ma\u015f\u0131nla toqqu\u015fub.<\/p>\n<p>H&uuml;quq-m&uuml;hafiz\u0259 orqan\u0131n\u0131n \u0259m\u0259kda\u015f\u0131 ald\u0131\u011f\u0131 x\u0259sar\u0259tl\u0259rd\u0259n yerind\u0259c\u0259 d&uuml;nyas\u0131n\u0131 d\u0259yi\u015fib. Onun h\u0259yat yolda\u015f\u0131 is\u0259 x\u0259st\u0259xanaya yerl\u0259\u015fdirilib.<\/p>\n<p>\u0130nsidentl\u0259 ba\u011fl\u0131 ara\u015fd\u0131rmalar apar\u0131l\u0131r.<\/p>\n<p>&nbsp;<\/p>\n<p>Namiq Musayev<\/p>\n","protected":false},"excerpt":{"rendered":"<p>Rusiya Daxili \u0130\u015fl\u0259r Nazirliyinin Moskva &uuml;zr\u0259 Ba\u015f \u0130dar\u0259sinin x&uuml;susi i\u015fl\u0259r &uuml;zr\u0259 ba\u015f m&uuml;st\u0259ntiqi polis polkovnik-leytenant\u0131 yol q\u0259zas\u0131nda h\u0259yat\u0131n\u0131 itirib. Ucnoqta.az &ldquo;RenTV&rdquo;y\u0259 istinad\u0259n x\u0259b\u0259r verir ki, d\u0259h\u015f\u0259tli q\u0259za sentyabr\u0131n 10-u ax\u015fam&hellip;<\/p>\n","protected":false},"author":1,"featured_media":251278,"comment_status":"open","ping_status":"open","sticky":false,"template":"","format":"standard","meta":{"_lmt_disableupdate":"","_lmt_disable":"","footnotes":""},"categories":[],"tags":[],"class_list":["post-84788","post","type-post","status-publish","format-standard","has-post-thumbnail","hentry"],"_links":{"self":[{"href":"https:\/\/ucnoqta.az\/index.php?rest_route=\/wp\/v2\/posts\/84788","targetHints":{"allow":["GET"]}}],"collection":[{"href":"https:\/\/ucnoqta.az\/index.php?rest_route=\/wp\/v2\/posts"}],"about":[{"href":"https:\/\/ucnoqta.az\/index.php?rest_route=\/wp\/v2\/types\/post"}],"author":[{"embeddable":true,"href":"https:\/\/ucnoqta.az\/index.php?rest_route=\/wp\/v2\/users\/1"}],"replies":[{"embeddable":true,"href":"https:\/\/ucnoqta.az\/index.php?rest_route=%2Fwp%2Fv2%2Fcomments&post=84788"}],"version-history":[{"count":0,"href":"https:\/\/ucnoqta.az\/index.php?rest_route=\/wp\/v2\/posts\/84788\/revisions"}],"wp:featuredmedia":[{"embeddable":true,"href":"https:\/\/ucnoqta.az\/index.php?rest_route=\/wp\/v2\/media\/251278"}],"wp:attachment":[{"href":"https:\/\/ucnoqta.az\/index.php?rest_route=%2Fwp%2Fv2%2Fmedia&parent=84788"}],"wp:term":[{"taxonomy":"category","embeddable":true,"href":"https:\/\/ucnoqta.az\/index.php?rest_route=%2Fwp%2Fv2%2Fcategories&post=84788"},{"taxonomy":"post_tag","embeddable":true,"href":"https:\/\/ucnoqta.az\/index.php?rest_route=%2Fwp%2Fv2%2Ftags&post=84788"}],"curies":[{"name":"wp","href":"https:\/\/api.w.org\/{rel}","templated":true}]}}