{"id":80525,"date":"2019-05-24T21:32:24","date_gmt":"2019-05-24T17:32:24","guid":{"rendered":""},"modified":"-0001-11-30T00:00:00","modified_gmt":"-0001-11-29T20:00:00","slug":"","status":"publish","type":"post","link":"https:\/\/ucnoqta.az\/?p=80525","title":{"rendered":"B\u0259rd\u0259d\u0259 pulsuz h\u00fcquqi yard\u0131m almaq imkan\u0131"},"content":{"rendered":"<p><strong>Son ill\u0259r respublikam\u0131zda \u0259halinin h&uuml;quqi maarifl\u0259ndirilm\u0259si istiqam\u0259tind\u0259 ard\u0131c\u0131l i\u015fl\u0259r apar\u0131lmaqdad\u0131r. H\u0259m k&uuml;tl\u0259vi informasiya vasit\u0259l\u0259ri, h\u0259m d\u0259 region sakinl\u0259ri il\u0259 birba\u015fa t\u0259maslar vasit\u0259si il\u0259 sosial, t\u0259hsil, s\u0259hiyy\u0259, iqtisadi h&uuml;quqlarla ba\u011fl\u0131 \u0259hali bilgil\u0259ndirilir. <\/strong><\/p>\n<p>B\u0259rd\u0259 rayonunda \u0259halinin h&uuml;quqi m\u0259lumatland\u0131r\u0131lmas\u0131 istiqam\u0259tind\u0259 ke&ccedil;iril\u0259n m\u0259lumatland\u0131rma sessiyas\u0131nda rayon \u0259razisind\u0259 yeni sal\u0131nan m\u0259cburi k&ouml;&ccedil;k&uuml;n q\u0259s\u0259b\u0259sind\u0259 m\u0259skunla\u015fan 35 n\u0259f\u0259r i\u015ftirak edib.<br \/>\nUcnoqta.az&nbsp;x\u0259b\u0259r verir ki, t\u0259dbird\u0259 &ccedil;\u0131x\u0131\u015f ed\u0259n xidm\u0259t r\u0259hb\u0259ri Xalid Kaz\u0131mov bildirib ki, Az\u0259rbaycan qanunvericiliyi v\u0259 &ouml;lk\u0259mizin qo\u015fuldu\u011fu beyn\u0259lxalq konvensiyalar v\u0259t\u0259nda\u015flar\u0131n h&uuml;quqlar\u0131n\u0131n m&uuml;dafi\u0259si &uuml;&ccedil;&uuml;n kifay\u0259t q\u0259d\u0259r mexanizml\u0259ri n\u0259z\u0259rd\u0259 tutur:<\/p>\n<p>&ldquo;Amma h&uuml;quqlar\u0131 il\u0259 ba\u011fl\u0131 m\u0259lumatl\u0131 olmayan v\u0259t\u0259nda\u015flar b\u0259z\u0259n qanunun onlara verdiyi bu imkanlardan istifad\u0259 etm\u0259kd\u0259, h&uuml;quqlar\u0131n\u0131n realla\u015fmas\u0131nda probleml\u0259rl\u0259 qar\u015f\u0131la\u015f\u0131rlar. Bunun bir s\u0259b\u0259bi \u0259halinin, x&uuml;sus\u0259n region sakinl\u0259rinin h&uuml;quqi bilikl\u0259rinin a\u015fa\u011f\u0131 olmas\u0131 il\u0259 ba\u011fl\u0131d\u0131rsa, dig\u0259r s\u0259b\u0259bi maddi imkanzs\u0131zl\u0131q v\u0259 regionlarda keyfiyy\u0259tli h&uuml;quqi yard\u0131m almaq imkanlar\u0131n\u0131n paytaxta nisb\u0259t\u0259n a\u015fa\u011f\u0131 olmas\u0131d\u0131r.<\/p>\n<p>Bu problemin h\u0259llin\u0259 d&ouml;vl\u0259t t\u0259r\u0259find\u0259n g&ouml;r&uuml;l\u0259n i\u015fl\u0259r\u0259 ictimai d\u0259st\u0259k &uuml;&ccedil;&uuml;n \u0259halinin h&uuml;quqi maarifl\u0259ndirilm\u0259sin\u0259 v\u0259 ehtiyac\u0131 olanlara &ouml;d\u0259ni\u015fsiz h&uuml;quqi yard\u0131m\u0131n g&ouml;st\u0259rilm\u0259sin\u0259 ba\u015flam\u0131\u015f\u0131q. Xidm\u0259tl\u0259r Niderland Krall\u0131\u011f\u0131n\u0131n Xarici \u0130\u015fl\u0259r Nazirliyi t\u0259r\u0259find\u0259n maliyy\u0259l\u0259\u015fdiril\u0259n v\u0259 Qafqaz T\u0259dqiqatlar v\u0259 Resurs M\u0259rk\u0259zi (G&uuml;rc&uuml;stan) t\u0259\u015fkilat\u0131 t\u0259r\u0259find\u0259n icra olunan &ldquo;V\u0259t\u0259nda\u015f C\u0259miyy\u0259tin\u0259 D\u0259st\u0259k Proqram\u0131&rdquo; &ccedil;\u0259r&ccedil;iv\u0259sind\u0259 g&ouml;st\u0259rilir. \u018fhalinin g&ouml;st\u0259ril\u0259n xidm\u0259tl\u0259r\u0259 \u0259l&ccedil;atanl\u0131\u011f\u0131n\u0131 t\u0259min etm\u0259k &uuml;&ccedil;&uuml;n art\u0131q &ldquo;qaynar x\u0259tt&rdquo; xidm\u0259ti (0702902299) yarad\u0131l\u0131b. Sosial \u015f\u0259b\u0259k\u0259d\u0259 (&ldquo;Facebook&rdquo;, &ldquo;\u0130nstagram&rdquo; v\u0259 &ldquo;WhatsApp&rdquo;da) hesab yarad\u0131l\u0131b v\u0259 edil\u0259n m&uuml;raci\u0259tl\u0259r onlayn formada da cavabland\u0131r\u0131l\u0131r&rdquo;.<\/p>\n<p>Daha sonra m\u0259ruz\u0259 il\u0259 &ccedil;\u0131x\u0131\u015f ed\u0259n h&uuml;quq\u015f&uuml;na\u015f Ya\u015far A\u011fazad\u0259 bildirib ki, h\u0259m Az\u0259rbaycan Konstitusiyas\u0131, h\u0259m d\u0259 dig\u0259r qanunvericilik aktlar\u0131 Az\u0259rbaycan v\u0259t\u0259nda\u015flar\u0131 &uuml;&ccedil;&uuml;n b\u0131r s\u0131ra sosial m&uuml;dafi\u0259 mexanizml\u0259ri n\u0259z\u0259rd\u0259 tutur:<\/p>\n<p>&ldquo;\u018fhalinin sosial m&uuml;dafi\u0259sinin g&uuml;cl\u0259ndirilm\u0259si istiqam\u0259tind\u0259 davaml\u0131 islahatlar apar\u0131l\u0131r. 2019-cu yanvar\u0131ndan pensiyalar \u015f\u0259xsin m&uuml;raci\u0259ti olmadan pensiya h&uuml;ququ&nbsp; yaranan g&uuml;n elektron qaydada t\u0259yin edilir. Pensiya t\u0259yin olunan \u015f\u0259xs\u0259 m\u0259bl\u0259\u011f, bank kart\u0131n\u0131 \u0259ld\u0259 ed\u0259c\u0259yi bank, vaxt bar\u0259d\u0259 &ldquo;sms&rdquo;, e-mail v\u0259 ya r\u0259smi m\u0259ktubla m\u0259lumat verilir. Bundan ba\u015fqa &Uuml;nvanl\u0131 D&ouml;vl\u0259t Sosial Yard\u0131m\u0131n al\u0131nmas\u0131 &uuml;&ccedil;&uuml;n m&uuml;raci\u0259tl\u0259rin q\u0259bulu v\u0259 yard\u0131m\u0131n t\u0259yin edilm\u0259si prossesi tam avtomatla\u015fd\u0131r\u0131l\u0131b.<\/p>\n<p>M&uuml;harib\u0259 veteranlar\u0131 v\u0259 \u015f\u0259hid ail\u0259l\u0259rinin h\u0259m m\u0259nzil, h\u0259m d\u0259 avtomobil n&ouml;vb\u0259l\u0259ri il\u0259 ba\u011fl\u0131 siyah\u0131lar h\u0259r k\u0259s &uuml;&ccedil;&uuml;n a&ccedil;\u0131qd\u0131r. Bununla v\u0259t\u0259nda\u015flar &ouml;z h&uuml;quqular\u0131n\u0131n t\u0259minat\u0131n\u0131 g&uuml;cl\u0259ndirm\u0259k &uuml;&ccedil;&uuml;n h\u0259m d\u0259 ictimai n\u0259zar\u0259t apara bil\u0259r&rdquo;.<\/p>\n<p>Daha sonra m\u0259ruz\u0259&ccedil;i qanunvericiliyin v\u0259t\u0259nda\u015flara verdiyi h&uuml;quqlarla ba\u011fl\u0131 \u0259trafl\u0259 m\u0259lumat verdi v\u0259 i\u015ftirak&ccedil;\u0131lar\u0131n suallar\u0131n\u0131 cavabland\u0131rd\u0131.<br \/>\nT\u0259dbir zaman\u0131 i\u015ftirak&ccedil;\u0131lara qanunvericiliyin &ouml;lk\u0259 v\u0259t\u0259nda\u015flar\u0131na verdiyi sosial, t\u0259hsil v\u0259 s\u0259hiyy\u0259 h&uuml;quqlar\u0131n\u0131n \u0259ks olundu\u011fu &ldquo;H&uuml;quq ham\u0131 &uuml;&ccedil;&uuml;n&rdquo; adl\u0131 buklet paylan\u0131l\u0131b.<\/p>\n<p>Qeyd ed\u0259k ki, xidm\u0259t &ccedil;\u0259r&ccedil;iv\u0259sind\u0259 Bak\u0131 \u015f\u0259h\u0259ri v\u0259 B\u0259rd\u0259 rayonunda t\u0259\u015fkil edil\u0259n ofisl\u0259rd\u0259 ehtiyac\u0131 olanlara pulsuz h&uuml;quqi yard\u0131m g&ouml;st\u0259rilir. Bundan ba\u015fqa&nbsp; icra&ccedil;\u0131lar A\u011fdam, T\u0259rt\u0259r, Goranboy v\u0259 Yevlax rayon sakinl\u0259rin\u0259, bu rayonlarda m&uuml;v\u0259qq\u0259ti m\u0259skunla\u015fan m\u0259cburi k&ouml;&ccedil;k&uuml;nl\u0259r\u0259 h&uuml;quqi yard\u0131m g&ouml;st\u0259rm\u0259k &uuml;&ccedil;&uuml;n h\u0259min \u0259razil\u0259r\u0259 s\u0259yyar s\u0259f\u0259rl\u0259r edir.&nbsp; M&uuml;raci\u0259t ed\u0259nl\u0259r\u0259 h&uuml;quqi m\u0259s\u0259l\u0259l\u0259r\u0259 dair \u015fifahi v\u0259 yaz\u0131l\u0131 m\u0259sl\u0259h\u0259tl\u0259r, izahatlar&nbsp; verilir. H\u0259m&ccedil;inin, &nbsp;m\u0259hk\u0259m\u0259l\u0259r\u0259 iddia \u0259riz\u0259l\u0259rinin haz\u0131rlanmas\u0131 il\u0259 ba\u011fl\u0131 h&uuml;quqi yard\u0131m g&ouml;st\u0259rilir. \u018friz\u0259l\u0259rin, \u015fikay\u0259tl\u0259rin v\u0259 h&uuml;quqi xarakterli s\u0259n\u0259dl\u0259rin t\u0259rtib edilm\u0259si, d&ouml;vl\u0259t qurumlar\u0131na sor\u011fu v\u0259 m&uuml;raci\u0259tl\u0259rin g&ouml;nd\u0259rilm\u0259sind\u0259 v\u0259t\u0259nda\u015flara k&ouml;m\u0259klik g&ouml;st\u0259rilir.<\/p>\n","protected":false},"excerpt":{"rendered":"<p>Son ill\u0259r respublikam\u0131zda \u0259halinin h&uuml;quqi maarifl\u0259ndirilm\u0259si istiqam\u0259tind\u0259 ard\u0131c\u0131l i\u015fl\u0259r apar\u0131lmaqdad\u0131r. H\u0259m k&uuml;tl\u0259vi informasiya vasit\u0259l\u0259ri, h\u0259m d\u0259 region sakinl\u0259ri il\u0259 birba\u015fa t\u0259maslar vasit\u0259si il\u0259 sosial, t\u0259hsil, s\u0259hiyy\u0259, iqtisadi h&uuml;quqlarla ba\u011fl\u0131 \u0259hali&hellip;<\/p>\n","protected":false},"author":1,"featured_media":251278,"comment_status":"open","ping_status":"open","sticky":false,"template":"","format":"standard","meta":{"_lmt_disableupdate":"","_lmt_disable":"","footnotes":""},"categories":[],"tags":[],"class_list":["post-80525","post","type-post","status-publish","format-standard","has-post-thumbnail","hentry"],"_links":{"self":[{"href":"https:\/\/ucnoqta.az\/index.php?rest_route=\/wp\/v2\/posts\/80525","targetHints":{"allow":["GET"]}}],"collection":[{"href":"https:\/\/ucnoqta.az\/index.php?rest_route=\/wp\/v2\/posts"}],"about":[{"href":"https:\/\/ucnoqta.az\/index.php?rest_route=\/wp\/v2\/types\/post"}],"author":[{"embeddable":true,"href":"https:\/\/ucnoqta.az\/index.php?rest_route=\/wp\/v2\/users\/1"}],"replies":[{"embeddable":true,"href":"https:\/\/ucnoqta.az\/index.php?rest_route=%2Fwp%2Fv2%2Fcomments&post=80525"}],"version-history":[{"count":0,"href":"https:\/\/ucnoqta.az\/index.php?rest_route=\/wp\/v2\/posts\/80525\/revisions"}],"wp:featuredmedia":[{"embeddable":true,"href":"https:\/\/ucnoqta.az\/index.php?rest_route=\/wp\/v2\/media\/251278"}],"wp:attachment":[{"href":"https:\/\/ucnoqta.az\/index.php?rest_route=%2Fwp%2Fv2%2Fmedia&parent=80525"}],"wp:term":[{"taxonomy":"category","embeddable":true,"href":"https:\/\/ucnoqta.az\/index.php?rest_route=%2Fwp%2Fv2%2Fcategories&post=80525"},{"taxonomy":"post_tag","embeddable":true,"href":"https:\/\/ucnoqta.az\/index.php?rest_route=%2Fwp%2Fv2%2Ftags&post=80525"}],"curies":[{"name":"wp","href":"https:\/\/api.w.org\/{rel}","templated":true}]}}