{"id":80501,"date":"2019-05-25T18:11:51","date_gmt":"2019-05-25T14:11:51","guid":{"rendered":""},"modified":"-0001-11-30T00:00:00","modified_gmt":"-0001-11-29T20:00:00","slug":"","status":"publish","type":"post","link":"https:\/\/ucnoqta.az\/?p=80501","title":{"rendered":"\u0130qtisadi \u0259m\u0259kda\u015fl\u0131q \u00fczr\u0259 Az\u0259rbaycan-\u018ffqan\u0131stan i\u015f\u00e7i qrupunun ilk iclas\u0131n\u0131n vaxt\u0131 a\u00e7\u0131qlan\u0131b"},"content":{"rendered":"<p><strong>\u0130qtisadiyyat naziri&nbsp;\u015eahin Mustafayev&nbsp;\u018ffqan\u0131stan\u0131n S\u0259naye v\u0259 Ticar\u0259t naziri Acmal \u018fhm\u0259dinin r\u0259hb\u0259rlik etdiyi n&uuml;may\u0259nd\u0259 hey\u0259ti il\u0259 g&ouml;r&uuml;\u015f&uuml;b.<\/strong><\/p>\n<p>M\u0259lumata g&ouml;r\u0259, bu ilin mart\u0131nda VII Qlobal Bak\u0131 Forumu &ccedil;\u0259r&ccedil;iv\u0259sind\u0259 A.\u018fhm\u0259di il\u0259 ke&ccedil;irilmi\u015f g&ouml;r&uuml;\u015f&uuml; xat\u0131rladan \u015e.Mustafayev Az\u0259rbaycan\u0131n \u018ffqan\u0131stanla ikit\u0259r\u0259fli \u0259m\u0259kda\u015fl\u0131\u011fa &ouml;n\u0259m verdiyini, \u0259laq\u0259l\u0259rin geni\u015fl\u0259nm\u0259sind\u0259 d&ouml;vl\u0259t ba\u015f&ccedil;\u0131lar\u0131n\u0131n siyasi irad\u0259sini, &ouml;lk\u0259 r\u0259hb\u0259rl\u0259ri aras\u0131nda ke&ccedil;iril\u0259n g&ouml;r&uuml;\u015fl\u0259rin, apar\u0131lan dan\u0131\u015f\u0131qlar\u0131n m&uuml;h&uuml;m \u0259h\u0259miyy\u0259tini vur\u011fulay\u0131b.Nazir qeyd edib&nbsp;ki, iki &ouml;lk\u0259 aras\u0131nda iqtisadi-ticar\u0259t sah\u0259sind\u0259 15-d\u0259n &ccedil;ox s\u0259n\u0259d imzalan\u0131b, iqtisadi \u0259m\u0259kda\u015fl\u0131q &uuml;zr\u0259 \u0130\u015f&ccedil;i Qrupu yarad\u0131l\u0131b. \u0130\u015f&ccedil;i Qrupun ilk iclas\u0131n\u0131n bu ilin iyulunda Bak\u0131da ke&ccedil;irilm\u0259si n\u0259z\u0259rd\u0259 tutulur.<\/p>\n<p>&Ouml;lk\u0259l\u0259rimiz aras\u0131nda \u0259m\u0259kda\u015fl\u0131\u011f\u0131n \u0259sas istiqam\u0259tl\u0259rind\u0259n olan ticar\u0259t \u0259laq\u0259l\u0259ri bar\u0259d\u0259 dan\u0131\u015fan \u015e.Mustafayev bildirib ki, 2018-ci ild\u0259 iki &ouml;lk\u0259nin ticar\u0259t d&ouml;vriyy\u0259si 37% art\u0131b, 2019-cu ilin yanvar-aprel aylar\u0131nda &ouml;t\u0259n ilin eyni d&ouml;vr&uuml; il\u0259 m&uuml;qayis\u0259d\u0259 50%-\u0259 yax\u0131n art\u0131m m&uuml;\u015fahid\u0259 edilib. Bununla bel\u0259, ticar\u0259t \u0259laq\u0259l\u0259rinin geni\u015fl\u0259ndirilm\u0259si &uuml;&ccedil;&uuml;n h\u0259r iki &ouml;lk\u0259nin imkanlar\u0131 geni\u015fdir.<\/p>\n<p>Az\u0259rbaycan\u0131n \u0259lveri\u015fli iqtisadi-co\u011frafi m&ouml;vqed\u0259, n\u0259qliyyat d\u0259hlizl\u0259rinin k\u0259si\u015fm\u0259sind\u0259 yerl\u0259\u015fdiyini qeyd ed\u0259n nazir \u018ffqan\u0131stan\u0131n &ouml;lk\u0259mizin tranzit potensial\u0131ndan, x&uuml;susil\u0259 Lapis-Lazuli n\u0259qliyyat d\u0259hlizind\u0259n daha geni\u015f istifad\u0259 imkanlar\u0131n\u0131 diqq\u0259t\u0259 &ccedil;atd\u0131r\u0131b. Bununla yana\u015f\u0131, k\u0259nd t\u0259s\u0259rr&uuml;fat\u0131, investisiya, n\u0259qliyyat, rabit\u0259, tikinti, avtomobil yollar\u0131n\u0131n &ccedil;\u0259kili\u015fi, meliorasiya, in\u015faat materiallar\u0131n\u0131n istehsal\u0131 v\u0259 s. sah\u0259l\u0259rd\u0259 \u0259m\u0259kda\u015fl\u0131q &uuml;&ccedil;&uuml;n geni\u015f imkanlar var.<\/p>\n<p>&Ouml;lk\u0259sinin Az\u0259rbaycanla iqtisadi \u0259m\u0259kda\u015fl\u0131\u011f\u0131n inki\u015faf\u0131nda maraql\u0131 oldu\u011funu qeyd ed\u0259n qonaq &ouml;lk\u0259sinin s\u0259naye, ticar\u0259t, investisiya imkanlar\u0131 haqq\u0131nda m\u0259lumat verib, i\u015f adamlar\u0131 aras\u0131nda g&ouml;r&uuml;\u015fl\u0259rin t\u0259\u015fkilinin \u0259h\u0259miyy\u0259tini vur\u011fulay\u0131b.<\/p>\n<p>G&ouml;r&uuml;\u015fd\u0259 iqtisadi-ticar\u0259t \u0259laq\u0259l\u0259rinin geni\u015fl\u0259ndirilm\u0259sin\u0259, h\u0259m&ccedil;inin Az\u0259rbaycan-\u018ffqan\u0131stan Birg\u0259 \u0130\u015f&ccedil;i Qrupun ilk iclas\u0131na, Bak\u0131da \u0259fqan m\u0259hsullar\u0131 s\u0259rgisinin, i\u015f adamlar\u0131 aras\u0131nda g&ouml;r&uuml;\u015fl\u0259rin t\u0259\u015fkilin\u0259, \u018ffqan\u0131standa ke&ccedil;iril\u0259n tenderl\u0259rd\u0259 Az\u0259rbaycan \u015firk\u0259tl\u0259rinin i\u015ftirak\u0131na dair m&uuml;zakir\u0259l\u0259r apar\u0131l\u0131b.<\/p>\n","protected":false},"excerpt":{"rendered":"<p>\u0130qtisadiyyat naziri&nbsp;\u015eahin Mustafayev&nbsp;\u018ffqan\u0131stan\u0131n S\u0259naye v\u0259 Ticar\u0259t naziri Acmal \u018fhm\u0259dinin r\u0259hb\u0259rlik etdiyi n&uuml;may\u0259nd\u0259 hey\u0259ti il\u0259 g&ouml;r&uuml;\u015f&uuml;b. M\u0259lumata g&ouml;r\u0259, bu ilin mart\u0131nda VII Qlobal Bak\u0131 Forumu &ccedil;\u0259r&ccedil;iv\u0259sind\u0259 A.\u018fhm\u0259di il\u0259 ke&ccedil;irilmi\u015f g&ouml;r&uuml;\u015f&uuml; xat\u0131rladan&hellip;<\/p>\n","protected":false},"author":1,"featured_media":251278,"comment_status":"open","ping_status":"open","sticky":false,"template":"","format":"standard","meta":{"_lmt_disableupdate":"","_lmt_disable":"","footnotes":""},"categories":[88],"tags":[],"class_list":["post-80501","post","type-post","status-publish","format-standard","has-post-thumbnail","hentry","category-ekonomika"],"_links":{"self":[{"href":"https:\/\/ucnoqta.az\/index.php?rest_route=\/wp\/v2\/posts\/80501","targetHints":{"allow":["GET"]}}],"collection":[{"href":"https:\/\/ucnoqta.az\/index.php?rest_route=\/wp\/v2\/posts"}],"about":[{"href":"https:\/\/ucnoqta.az\/index.php?rest_route=\/wp\/v2\/types\/post"}],"author":[{"embeddable":true,"href":"https:\/\/ucnoqta.az\/index.php?rest_route=\/wp\/v2\/users\/1"}],"replies":[{"embeddable":true,"href":"https:\/\/ucnoqta.az\/index.php?rest_route=%2Fwp%2Fv2%2Fcomments&post=80501"}],"version-history":[{"count":0,"href":"https:\/\/ucnoqta.az\/index.php?rest_route=\/wp\/v2\/posts\/80501\/revisions"}],"wp:featuredmedia":[{"embeddable":true,"href":"https:\/\/ucnoqta.az\/index.php?rest_route=\/wp\/v2\/media\/251278"}],"wp:attachment":[{"href":"https:\/\/ucnoqta.az\/index.php?rest_route=%2Fwp%2Fv2%2Fmedia&parent=80501"}],"wp:term":[{"taxonomy":"category","embeddable":true,"href":"https:\/\/ucnoqta.az\/index.php?rest_route=%2Fwp%2Fv2%2Fcategories&post=80501"},{"taxonomy":"post_tag","embeddable":true,"href":"https:\/\/ucnoqta.az\/index.php?rest_route=%2Fwp%2Fv2%2Ftags&post=80501"}],"curies":[{"name":"wp","href":"https:\/\/api.w.org\/{rel}","templated":true}]}}