{"id":80499,"date":"2019-05-25T14:06:20","date_gmt":"2019-05-25T10:06:20","guid":{"rendered":""},"modified":"-0001-11-30T00:00:00","modified_gmt":"-0001-11-29T20:00:00","slug":"","status":"publish","type":"post","link":"https:\/\/ucnoqta.az\/?p=80499","title":{"rendered":"M\u0259d\u0259niyy\u0259t xadiml\u0259rin\u0259 f\u0259xri adlar verilib <font color=red><b>-Siyah\u0131<\/b><\/font>"},"content":{"rendered":"<p><strong>Prezident \u0130lham \u018fliyev Az\u0259rbaycan Respublikas\u0131n\u0131n m\u0259d\u0259niyy\u0259t xadiml\u0259rin\u0259 f\u0259xri adlar\u0131n verilm\u0259si haqq\u0131nda s\u0259r\u0259ncam imzalay\u0131b.<\/strong><\/p>\n<p>S\u0259r\u0259ncamda qeyd edilir ki, Az\u0259rbaycan m\u0259d\u0259niyy\u0259tinin inki\u015faf\u0131nda xidm\u0259tl\u0259rin\u0259 g&ouml;r\u0259 a\u015fa\u011f\u0131dak\u0131 \u015f\u0259xsl\u0259r\u0259 Az\u0259rbaycan Respublikas\u0131n\u0131n f\u0259xri adlar\u0131 verilsin:<\/p>\n<p><strong>&ldquo;Xalq \u015fairi&rdquo;<\/strong><\/p>\n<p>C\u0259f\u0259rov Vahid \u018fziz o\u011flu (Vahid \u018fziz)<\/p>\n<p>\u018fliyev Ramiz M\u0259mm\u0259d\u0259li o\u011flu (Ramiz R&ouml;v\u015f\u0259n)<\/p>\n<p>Yaqubov Musa S\u0259fim\u0259mm\u0259d o\u011flu (Musa Yaqub)<\/p>\n<p><strong>&ldquo;Xalq yaz\u0131&ccedil;\u0131s\u0131&rdquo;<\/strong><\/p>\n<p>Abdullayev Kamal Mehdi o\u011flu (Kamal Abdulla)<\/p>\n<p>R\u0259sulzad\u0259 Natiq R\u0259sul o\u011flu<\/p>\n<p>V\u0259liyeva Afaq M\u0259sud q\u0131z\u0131 (Afaq M\u0259sud)<\/p>\n<p><strong>&ldquo;Xalq artisti&rdquo;<\/strong><\/p>\n<p>Muradov \u0130lqar \u018flim\u0259mm\u0259d o\u011flu<\/p>\n<p>Zeynall\u0131 Cavan\u015fir Mirz\u0259m\u0259mm\u0259d o\u011flu<\/p>\n<p><strong>&ldquo;\u018fm\u0259kdar inc\u0259s\u0259n\u0259t xadimi&rdquo;<\/strong><\/p>\n<p>C\u0259bray\u0131ll\u0131 Vaqif \u0130sib o\u011flu (Vaqif Bayatl\u0131 Od\u0259r)<\/p>\n<p>H&uuml;seynb\u0259yli El&ccedil;in H&uuml;seyn o\u011flu<\/p>\n<p>Must\u0430f\u0430y\u0435v Firuz Q\u0259dim\u0430l\u0131 \u043e\u011flu (Firuz Mustafa)<\/p>\n<p><strong>&ldquo;\u018fm\u0259kdar artist&rdquo;<\/strong><\/p>\n<p>Xasiyev Nadir \u015e\u0259nb\u0259 o\u011flu<\/p>\n<p>K\u0259rimova C\u0259mil\u0259 R&uuml;st\u0259m q\u0131z\u0131<\/p>\n<p>M\u0259simov Qurban Abdulla o\u011flu<\/p>\n<p>Na\u011f\u0131yev Qas\u0131m G\u0259ncal\u0131 o\u011flu<\/p>\n<p>Nift\u0259liyeva Nurb\u0259niz Nur\u0259ddin q\u0131z\u0131<\/p>\n<p>S&uuml;leymanova Elmira S&uuml;leyman q\u0131z\u0131<\/p>\n<p><strong>&ldquo;\u018fm\u0259kdar m\u0259d\u0259niyy\u0259t i\u015f&ccedil;isi&rdquo;<\/strong><\/p>\n<p>\u018fliyev Asim Yediyar o\u011flu<\/p>\n<p>\u018flixanov Vaqif \u018fnv\u0259r o\u011flu (Vaqif \u018flixanl\u0131)<\/p>\n<p>G&uuml;l\u0259liyev Abbas Musaxan o\u011flu<\/p>\n<p>M\u0259mm\u0259dov Rauf Davud o\u011flu.<\/p>\n","protected":false},"excerpt":{"rendered":"<p>Prezident \u0130lham \u018fliyev Az\u0259rbaycan Respublikas\u0131n\u0131n m\u0259d\u0259niyy\u0259t xadiml\u0259rin\u0259 f\u0259xri adlar\u0131n verilm\u0259si haqq\u0131nda s\u0259r\u0259ncam imzalay\u0131b. S\u0259r\u0259ncamda qeyd edilir ki, Az\u0259rbaycan m\u0259d\u0259niyy\u0259tinin inki\u015faf\u0131nda xidm\u0259tl\u0259rin\u0259 g&ouml;r\u0259 a\u015fa\u011f\u0131dak\u0131 \u015f\u0259xsl\u0259r\u0259 Az\u0259rbaycan Respublikas\u0131n\u0131n f\u0259xri adlar\u0131 verilsin: &ldquo;Xalq&hellip;<\/p>\n","protected":false},"author":1,"featured_media":251278,"comment_status":"open","ping_status":"open","sticky":false,"template":"","format":"standard","meta":{"_lmt_disableupdate":"","_lmt_disable":"","footnotes":""},"categories":[],"tags":[],"class_list":["post-80499","post","type-post","status-publish","format-standard","has-post-thumbnail","hentry"],"_links":{"self":[{"href":"https:\/\/ucnoqta.az\/index.php?rest_route=\/wp\/v2\/posts\/80499","targetHints":{"allow":["GET"]}}],"collection":[{"href":"https:\/\/ucnoqta.az\/index.php?rest_route=\/wp\/v2\/posts"}],"about":[{"href":"https:\/\/ucnoqta.az\/index.php?rest_route=\/wp\/v2\/types\/post"}],"author":[{"embeddable":true,"href":"https:\/\/ucnoqta.az\/index.php?rest_route=\/wp\/v2\/users\/1"}],"replies":[{"embeddable":true,"href":"https:\/\/ucnoqta.az\/index.php?rest_route=%2Fwp%2Fv2%2Fcomments&post=80499"}],"version-history":[{"count":0,"href":"https:\/\/ucnoqta.az\/index.php?rest_route=\/wp\/v2\/posts\/80499\/revisions"}],"wp:featuredmedia":[{"embeddable":true,"href":"https:\/\/ucnoqta.az\/index.php?rest_route=\/wp\/v2\/media\/251278"}],"wp:attachment":[{"href":"https:\/\/ucnoqta.az\/index.php?rest_route=%2Fwp%2Fv2%2Fmedia&parent=80499"}],"wp:term":[{"taxonomy":"category","embeddable":true,"href":"https:\/\/ucnoqta.az\/index.php?rest_route=%2Fwp%2Fv2%2Fcategories&post=80499"},{"taxonomy":"post_tag","embeddable":true,"href":"https:\/\/ucnoqta.az\/index.php?rest_route=%2Fwp%2Fv2%2Ftags&post=80499"}],"curies":[{"name":"wp","href":"https:\/\/api.w.org\/{rel}","templated":true}]}}